{"id":11339,"date":"2017-01-25T07:00:00","date_gmt":"2017-01-25T06:00:00","guid":{"rendered":"https:\/\/www.opinionpublica.tv\/portada\/2017\/01\/25\/trump-aprueba-orden-para-construir-muro-fronterizo\/"},"modified":"2017-01-25T07:00:00","modified_gmt":"2017-01-25T06:00:00","slug":"trump-aprueba-orden-para-construir-muro-fronterizo","status":"publish","type":"post","link":"https:\/\/www.opinionpublica.tv\/portada\/trump-aprueba-orden-para-construir-muro-fronterizo\/","title":{"rendered":"Trump aprueba orden para construir muro fronterizo"},"content":{"rendered":"<p><img fetchpriority=\"high\" decoding=\"async\" class=\" size-full wp-image-11338\" src=\"https:\/\/www.opinionpublica.tv\/portada\/wp-content\/uploads\/2017\/01\/0b588a945780ed62a02f7154e18867fd.jpg\" alt=\"\" width=\"700\" height=\"467\" srcset=\"https:\/\/www.opinionpublica.tv\/portada\/wp-content\/uploads\/2017\/01\/0b588a945780ed62a02f7154e18867fd.jpg 700w, https:\/\/www.opinionpublica.tv\/portada\/wp-content\/uploads\/2017\/01\/0b588a945780ed62a02f7154e18867fd-300x200.jpg 300w\" sizes=\"(max-width: 700px) 100vw, 700px\" \/><br \/>\n<!--more--><\/p>\n<p style=\"text-align: justify;\">El presidente de los Estados Unidos, Donald Trump, firm\u00f3 este mi\u00e9rcoles las \u00f3rdenes ejecutivas para dar inicio a la construcci\u00f3n del muro fronterizo que prometi\u00f3 con M\u00e9xico, as\u00ed como y aumentar el n\u00famero de agentes que controlan la inmigraci\u00f3n ilegal.<\/p>\n<p style=\"text-align: justify;\">\u201cHablamos de esto desde el principio\u00bb, record\u00f3 el mandatario, pues esta fue una de sus m\u00e1s aclamadas promesas electorales. El documento fue firmado junto al reci\u00e9n confirmado secretario de Seguridad Nacional, el general retirado John Kelly.<\/p>\n<p style=\"text-align: justify;\">En una entrevista con la cadena ABC, Trump afirm\u00f3 que la construcci\u00f3n del muro fronterizo con M\u00e9xico comenzar\u00e1 \u00aben meses\u00bb, pero su planificaci\u00f3n ocurrir\u00e1 \u00abde inmediato\u00bb. Insisti\u00f3 en que, a pesar de que los contribuyentes estadunidenses pagar\u00e1n los costos del proyecto, M\u00e9xico reembolsar\u00e1 \u00abel cien por ciento\u00bb de lo invertido.<\/p>\n<p style=\"text-align: justify;\">\u201cTodo se nos reembolsar\u00e1 en una fecha posterior con cualquier transacci\u00f3n que hagamos con M\u00e9xico. S\u00f3lo le digo que habr\u00e1 un pago, que suceder\u00e1 de alguna forma, quiz\u00e1s una forma complicada, lo que estoy haciendo es bueno para Estados Unidos, tambi\u00e9n va a ser bueno para M\u00e9xico. Un M\u00e9xico muy estable y muy s\u00f3lido\u00bb, afirm\u00f3.<\/p>\n<p style=\"text-align: justify;\">Al cuestionarle sobre la negativa del presidente mexicano, Enrique Pe\u00f1a Nieto, a la idea de pagar la factura del muro, Trump respondi\u00f3 que el mandatario no tendr\u00e1 elecci\u00f3n en la materia.<\/p>\n","protected":false},"excerpt":{"rendered":"","protected":false},"author":4,"featured_media":11338,"comment_status":"open","ping_status":"open","sticky":false,"template":"","format":"standard","meta":{"_acf_changed":false,"_monsterinsights_skip_tracking":false,"slim_seo":{"title":"Trump aprueba orden para construir muro fronterizo - Opini\u00f3n P\u00fablica","description":"El presidente de los Estados Unidos, Donald Trump, firm\u00f3 este mi\u00e9rcoles las \u00f3rdenes ejecutivas para dar inicio a la construcci\u00f3n del muro fronterizo que prometi"},"footnotes":""},"categories":[24],"tags":[],"class_list":["post-11339","post","type-post","status-publish","format-standard","has-post-thumbnail","hentry","category-estados-unidos"],"acf":[],"_links":{"self":[{"href":"https:\/\/www.opinionpublica.tv\/portada\/wp-json\/wp\/v2\/posts\/11339","targetHints":{"allow":["GET"]}}],"collection":[{"href":"https:\/\/www.opinionpublica.tv\/portada\/wp-json\/wp\/v2\/posts"}],"about":[{"href":"https:\/\/www.opinionpublica.tv\/portada\/wp-json\/wp\/v2\/types\/post"}],"author":[{"embeddable":true,"href":"https:\/\/www.opinionpublica.tv\/portada\/wp-json\/wp\/v2\/users\/4"}],"replies":[{"embeddable":true,"href":"https:\/\/www.opinionpublica.tv\/portada\/wp-json\/wp\/v2\/comments?post=11339"}],"version-history":[{"count":0,"href":"https:\/\/www.opinionpublica.tv\/portada\/wp-json\/wp\/v2\/posts\/11339\/revisions"}],"wp:featuredmedia":[{"embeddable":true,"href":"https:\/\/www.opinionpublica.tv\/portada\/wp-json\/wp\/v2\/media\/11338"}],"wp:attachment":[{"href":"https:\/\/www.opinionpublica.tv\/portada\/wp-json\/wp\/v2\/media?parent=11339"}],"wp:term":[{"taxonomy":"category","embeddable":true,"href":"https:\/\/www.opinionpublica.tv\/portada\/wp-json\/wp\/v2\/categories?post=11339"},{"taxonomy":"post_tag","embeddable":true,"href":"https:\/\/www.opinionpublica.tv\/portada\/wp-json\/wp\/v2\/tags?post=11339"}],"curies":[{"name":"wp","href":"https:\/\/api.w.org\/{rel}","templated":true}]}}