{"id":11336,"date":"2017-01-25T07:00:00","date_gmt":"2017-01-25T06:00:00","guid":{"rendered":"https:\/\/www.opinionpublica.tv\/portada\/2017\/01\/25\/comienza-profeco-inspeccion-nacional-a-precios-de-negocios\/"},"modified":"2017-01-25T07:00:00","modified_gmt":"2017-01-25T06:00:00","slug":"comienza-profeco-inspeccion-nacional-a-precios-de-negocios","status":"publish","type":"post","link":"https:\/\/www.opinionpublica.tv\/portada\/comienza-profeco-inspeccion-nacional-a-precios-de-negocios\/","title":{"rendered":"Comienza Profeco inspecci\u00f3n nacional a precios de negocios"},"content":{"rendered":"<p><img fetchpriority=\"high\" decoding=\"async\" class=\" size-full wp-image-11335\" src=\"https:\/\/www.opinionpublica.tv\/portada\/wp-content\/uploads\/2017\/01\/bdd2d714f0745cb9e47488232ab7bf55.jpg\" alt=\"\" width=\"664\" height=\"498\" srcset=\"https:\/\/www.opinionpublica.tv\/portada\/wp-content\/uploads\/2017\/01\/bdd2d714f0745cb9e47488232ab7bf55.jpg 664w, https:\/\/www.opinionpublica.tv\/portada\/wp-content\/uploads\/2017\/01\/bdd2d714f0745cb9e47488232ab7bf55-300x225.jpg 300w\" sizes=\"(max-width: 664px) 100vw, 664px\" \/><br \/>\n<!--more--><\/p>\n<p style=\"text-align: justify;\">La Procuradur\u00eda Federal del Consumidor (Profeco) inici\u00f3 un programa nacional para la exhibici\u00f3n de precios y la calibraci\u00f3n de b\u00e1sculas en mercados y centros de abasto a nivel nacional, a fin de hacer cumplir lo dispuesto en el Art\u00edculo 7-Bis de la Ley Federal de Protecci\u00f3n al Consumidor, que establece que \u201cel proveedor est\u00e1 obligado a exhibir de forma notoria y visible el monto total a pagar por los bienes, productos o servicios que ofrezca al consumidor\u201d.<\/p>\n<p style=\"text-align: justify;\">Por instrucciones del procurador Ernesto Nemer, personal de las 56 delegaciones y oficinas centrales de la Profeco realiza recorridos para exigir que se exhiban precios y se calibren debidamente las b\u00e1sculas para garantizar que se despachen kilos completos.<\/p>\n<p style=\"text-align: justify;\">Al respecto, Nemer Alvarez encabez\u00f3 visitas aleatorias en mercados p\u00fablicos de la Ciudad de M\u00e9xico para detectar irregularidades, monitorear precios de productos b\u00e1sicos y dialogar con usuarios y locatarios, a quienes pidi\u00f3 cumplir con la ley para respetar derechos fundamentales como: tener precios a la vista y pesar los productos correctamente.<\/p>\n<p style=\"text-align: justify;\">Asimismo, la Profeco mantiene como una de sus acciones prioritarias, el monitoreo y verificaci\u00f3n en tortiller\u00edas en todo el pa\u00eds para detectar y evitar abusos.<\/p>\n<p style=\"text-align: justify;\">En lo que va del a\u00f1o se han realizado mil 800 verificaciones y monitoreos a tortiller\u00edas, aplicando sellos de suspensi\u00f3n e inmovilizaci\u00f3n a 513 por no exhibir precios, cobrar una cantidad mayor a la exhibida y no vender kilos completos.<\/p>\n<p style=\"text-align: justify;\">\u00a0<\/p>\n<p style=\"text-align: justify;\">\u00a0<\/p>\n<p style=\"text-align: justify;\">El Procurador exhort\u00f3 a reportar cualquier irregularidad detectada a trav\u00e9s del Tel\u00e9fono del Consumidor 55688722 en la Ciudad de M\u00e9xico y \u00c1rea Metropolitana, o el 01800 4688722 en el resto del pa\u00eds, y a trav\u00e9s de las redes sociales oficiales en twitter: @Profeco y en Facebook ProfecoOficial.<\/p>\n<p style=\"text-align: justify;\">\u00a0<\/p>\n<p style=\"text-align: justify;\">Con informaci\u00f3n de Exc\u00e9lsior<\/p>\n","protected":false},"excerpt":{"rendered":"","protected":false},"author":4,"featured_media":11335,"comment_status":"open","ping_status":"open","sticky":false,"template":"","format":"standard","meta":{"_acf_changed":false,"_monsterinsights_skip_tracking":false,"slim_seo":{"title":"Comienza Profeco inspecci\u00f3n nacional a precios de negocios - Opini\u00f3n P\u00fablica","description":"La Procuradur\u00eda Federal del Consumidor (Profeco) inici\u00f3 un programa nacional para la exhibici\u00f3n de precios y la calibraci\u00f3n de b\u00e1sculas en mercados y centros de"},"footnotes":""},"categories":[9],"tags":[],"class_list":["post-11336","post","type-post","status-publish","format-standard","has-post-thumbnail","hentry","category-nacional"],"acf":[],"_links":{"self":[{"href":"https:\/\/www.opinionpublica.tv\/portada\/wp-json\/wp\/v2\/posts\/11336","targetHints":{"allow":["GET"]}}],"collection":[{"href":"https:\/\/www.opinionpublica.tv\/portada\/wp-json\/wp\/v2\/posts"}],"about":[{"href":"https:\/\/www.opinionpublica.tv\/portada\/wp-json\/wp\/v2\/types\/post"}],"author":[{"embeddable":true,"href":"https:\/\/www.opinionpublica.tv\/portada\/wp-json\/wp\/v2\/users\/4"}],"replies":[{"embeddable":true,"href":"https:\/\/www.opinionpublica.tv\/portada\/wp-json\/wp\/v2\/comments?post=11336"}],"version-history":[{"count":0,"href":"https:\/\/www.opinionpublica.tv\/portada\/wp-json\/wp\/v2\/posts\/11336\/revisions"}],"wp:featuredmedia":[{"embeddable":true,"href":"https:\/\/www.opinionpublica.tv\/portada\/wp-json\/wp\/v2\/media\/11335"}],"wp:attachment":[{"href":"https:\/\/www.opinionpublica.tv\/portada\/wp-json\/wp\/v2\/media?parent=11336"}],"wp:term":[{"taxonomy":"category","embeddable":true,"href":"https:\/\/www.opinionpublica.tv\/portada\/wp-json\/wp\/v2\/categories?post=11336"},{"taxonomy":"post_tag","embeddable":true,"href":"https:\/\/www.opinionpublica.tv\/portada\/wp-json\/wp\/v2\/tags?post=11336"}],"curies":[{"name":"wp","href":"https:\/\/api.w.org\/{rel}","templated":true}]}}