{"id":11334,"date":"2017-01-25T07:00:00","date_gmt":"2017-01-25T06:00:00","guid":{"rendered":"https:\/\/www.opinionpublica.tv\/portada\/2017\/01\/25\/liconsa-vendera-litro-de-leche-a-1-el-en-300-municipios\/"},"modified":"2017-01-25T07:00:00","modified_gmt":"2017-01-25T06:00:00","slug":"liconsa-vendera-litro-de-leche-a-1-el-en-300-municipios","status":"publish","type":"post","link":"https:\/\/www.opinionpublica.tv\/portada\/liconsa-vendera-litro-de-leche-a-1-el-en-300-municipios\/","title":{"rendered":"Liconsa vender\u00e1 litro de leche a $1 el en 300 municipios"},"content":{"rendered":"<p><img fetchpriority=\"high\" decoding=\"async\" class=\" size-full wp-image-11333\" src=\"https:\/\/www.opinionpublica.tv\/portada\/wp-content\/uploads\/2017\/01\/ecb93924f70c8e8ceb3db0952ca2c498.jpg\" alt=\"\" width=\"1920\" height=\"1080\" srcset=\"https:\/\/www.opinionpublica.tv\/portada\/wp-content\/uploads\/2017\/01\/ecb93924f70c8e8ceb3db0952ca2c498.jpg 1920w, https:\/\/www.opinionpublica.tv\/portada\/wp-content\/uploads\/2017\/01\/ecb93924f70c8e8ceb3db0952ca2c498-300x169.jpg 300w, https:\/\/www.opinionpublica.tv\/portada\/wp-content\/uploads\/2017\/01\/ecb93924f70c8e8ceb3db0952ca2c498-1024x576.jpg 1024w, https:\/\/www.opinionpublica.tv\/portada\/wp-content\/uploads\/2017\/01\/ecb93924f70c8e8ceb3db0952ca2c498-768x432.jpg 768w, https:\/\/www.opinionpublica.tv\/portada\/wp-content\/uploads\/2017\/01\/ecb93924f70c8e8ceb3db0952ca2c498-1536x864.jpg 1536w\" sizes=\"(max-width: 1920px) 100vw, 1920px\" \/><br \/>\n<!--more--><\/p>\n<p style=\"text-align: justify;\">Debido a las adversas condiciones en materia econ\u00f3mica, grupo Liconsa aumentar\u00e1 de 150 a 300 la cantidad de municipios del pa\u00eds donde vende el litro de leche a un peso, dio a conocer el subsecretario de Planeaci\u00f3n, Evaluaci\u00f3n y Desarrollo Regional de la Secretar\u00eda de Desarrollo Social (Sedesol), Francisco Javier Garc\u00eda Bejos.<\/p>\n<p style=\"text-align: justify;\">El funcionario indic\u00f3 que, por parte de la Distribuidora de Abasto Diconsa, se tiene garantizado el ma\u00edz, para su comercializaci\u00f3n en los pr\u00f3ximos seis meses.<\/p>\n<p style=\"text-align: justify;\">\u201cEstamos buscando que en Diconsa podamos garantizar un precio \u00f3ptimo y estable del ma\u00edz en lo que resta del a\u00f1o y, por lo pronto en los siguientes seis meses ya tenemos garantizado el abasto y ese prop\u00f3sito.\u201d<\/p>\n<p style=\"text-align: justify;\">\u201cLo mismo en el caso de Liconsa, con el precio de la leche, habremos de pasar de 150 a 300 los municipios que atendemos con leche a un peso el litro; hay muchas medidas que estamos buscando, se tiene que encontrar un impacto positivo en el nivel de vida de las personas\u201d, dijo Garc\u00eda Bejos.<\/p>\n<p style=\"text-align: justify;\">En mayo del a\u00f1o pasado, la productora y distribuidora del l\u00e1cteo comenz\u00f3 a vender su producto con el precio preferencial de un peso, en municipios de Oaxaca, Chiapas, Puebla, Durango, Guerrero y Tlaxcala, entre otras entidades.<\/p>\n<p style=\"text-align: justify;\">En entrevista telef\u00f3nica, el subsecretario de la Sedesol dijo que, en coordinaci\u00f3n con otras dependencias, se est\u00e1 buscando controlar el impacto en la inflaci\u00f3n en los productos de la canasta b\u00e1sica.<\/p>\n<p style=\"text-align: justify;\">Asegur\u00f3 que, ante el incremento de precios, las cerca de 26 mil tiendas de la red de abasto Diconsa no han registrado un aumento considerable en sus ventas.<\/p>\n<p style=\"text-align: justify;\">\u201cTenemos precios de venta en los anaqueles que tiene un precio de venta menor, entre 20 y 30 por ciento de los precios que hay en el mercado y, hasta ahorita, no tenemos reportes de que haya un incremento en la demanda de bienes.\u201d<\/p>\n<p style=\"text-align: justify;\">\u201cEstamos garantizando que tengamos abasto correcto, que podamos mantener una estrategia de precios que ayude a la gente, y estaremos cuidando que a trav\u00e9s de Diconsa y Liconsa la poblaci\u00f3n m\u00e1s vulnerable tenga acceso a productos de mejor calidad\u201d, agreg\u00f3.<\/p>\n<p style=\"text-align: justify;\">El pr\u00f3ximo viernes, el presidente Enrique Pe\u00f1a Nieto tendr\u00e1 un acercamiento con beneficiarios de los programas sociales de Sedesol, en Huejutla de Reyes, Hidalgo, en donde se garantizar\u00e1 el cumplimiento de los planes de asistencia, pese a las dif\u00edciles condiciones econ\u00f3micas.<\/p>\n<p style=\"text-align: justify;\">\u00a0<\/p>\n<p style=\"text-align: justify;\">Con informaci\u00f3n de Exc\u00e9lsior<\/p>\n","protected":false},"excerpt":{"rendered":"","protected":false},"author":4,"featured_media":11333,"comment_status":"open","ping_status":"open","sticky":false,"template":"","format":"standard","meta":{"_acf_changed":false,"_monsterinsights_skip_tracking":false,"slim_seo":{"title":"Liconsa vender\u00e1 litro de leche a $1 el en 300 municipios - Opini\u00f3n P\u00fablica","description":"Debido a las adversas condiciones en materia econ\u00f3mica, grupo Liconsa aumentar\u00e1 de 150 a 300 la cantidad de municipios del pa\u00eds donde vende el litro de leche a"},"footnotes":""},"categories":[9],"tags":[],"class_list":["post-11334","post","type-post","status-publish","format-standard","has-post-thumbnail","hentry","category-nacional"],"acf":[],"_links":{"self":[{"href":"https:\/\/www.opinionpublica.tv\/portada\/wp-json\/wp\/v2\/posts\/11334","targetHints":{"allow":["GET"]}}],"collection":[{"href":"https:\/\/www.opinionpublica.tv\/portada\/wp-json\/wp\/v2\/posts"}],"about":[{"href":"https:\/\/www.opinionpublica.tv\/portada\/wp-json\/wp\/v2\/types\/post"}],"author":[{"embeddable":true,"href":"https:\/\/www.opinionpublica.tv\/portada\/wp-json\/wp\/v2\/users\/4"}],"replies":[{"embeddable":true,"href":"https:\/\/www.opinionpublica.tv\/portada\/wp-json\/wp\/v2\/comments?post=11334"}],"version-history":[{"count":0,"href":"https:\/\/www.opinionpublica.tv\/portada\/wp-json\/wp\/v2\/posts\/11334\/revisions"}],"wp:featuredmedia":[{"embeddable":true,"href":"https:\/\/www.opinionpublica.tv\/portada\/wp-json\/wp\/v2\/media\/11333"}],"wp:attachment":[{"href":"https:\/\/www.opinionpublica.tv\/portada\/wp-json\/wp\/v2\/media?parent=11334"}],"wp:term":[{"taxonomy":"category","embeddable":true,"href":"https:\/\/www.opinionpublica.tv\/portada\/wp-json\/wp\/v2\/categories?post=11334"},{"taxonomy":"post_tag","embeddable":true,"href":"https:\/\/www.opinionpublica.tv\/portada\/wp-json\/wp\/v2\/tags?post=11334"}],"curies":[{"name":"wp","href":"https:\/\/api.w.org\/{rel}","templated":true}]}}