{"id":11330,"date":"2017-01-25T07:00:00","date_gmt":"2017-01-25T06:00:00","guid":{"rendered":"https:\/\/www.opinionpublica.tv\/portada\/2017\/01\/25\/jugaran-en-casa-bravos-fc-contra-rayados-del-monterrey\/"},"modified":"2017-01-25T07:00:00","modified_gmt":"2017-01-25T06:00:00","slug":"jugaran-en-casa-bravos-fc-contra-rayados-del-monterrey","status":"publish","type":"post","link":"https:\/\/www.opinionpublica.tv\/portada\/jugaran-en-casa-bravos-fc-contra-rayados-del-monterrey\/","title":{"rendered":"Jugar\u00e1n en casa Bravos FC contra Rayados del Monterrey"},"content":{"rendered":"<p><img fetchpriority=\"high\" decoding=\"async\" class=\" size-full wp-image-11329\" src=\"https:\/\/www.opinionpublica.tv\/portada\/wp-content\/uploads\/2017\/01\/d4aabafaf38949cc427ea842b64300de.jpg\" alt=\"\" width=\"534\" height=\"401\" srcset=\"https:\/\/www.opinionpublica.tv\/portada\/wp-content\/uploads\/2017\/01\/d4aabafaf38949cc427ea842b64300de.jpg 534w, https:\/\/www.opinionpublica.tv\/portada\/wp-content\/uploads\/2017\/01\/d4aabafaf38949cc427ea842b64300de-300x225.jpg 300w\" sizes=\"(max-width: 534px) 100vw, 534px\" \/><br \/>\n<!--more--><\/p>\n<p style=\"text-align: justify;\">Este mi\u00e9rcoles 25 de enero, los Bravos FC de Ju\u00e1rez recibir\u00e1n en el Estadio Ol\u00edmpico Benito Ju\u00e1rez a los Rayados del Monterrey, para celebrar el partido correspondiente a la fecha 2 de la Copa MX. El juego ser\u00e1 a las 7:30 de la tarde.<\/p>\n<p style=\"text-align: justify;\">El equipo regiomontano podr\u00e1 toda la fuerza de sus estrellas contra el equipo de esta frontera, bajo el mando del t\u00e9cnico Antonio Mohamed. Los Rayados llegaron desde la tarde de este martes.<\/p>\n<p style=\"text-align: justify;\">Luego de vencer la semana pasada a los Dorados de Sinaloa, Bravos FC mantiene el liderazgo del Grupo 7. Ahora afrontaran la prueba m\u00e1s dif\u00edcil en su camino.<\/p>\n<p style=\"text-align: justify;\">Los boletos para entrar al Ol\u00edmpico Benito Ju\u00e1rez, son de 95 pesos cabecera norte y sur; 170 pesos para la cancha y sol; 235 pesos por cancha y platea sol central; 440 cancha sombra central; y 605 palcos oro y palco vip.<\/p>\n<p style=\"text-align: justify;\">El partido tambi\u00e9n ser\u00e1 transmitido en Televisa a partir de las 7 de la tarde.<\/p>\n","protected":false},"excerpt":{"rendered":"","protected":false},"author":4,"featured_media":11329,"comment_status":"open","ping_status":"open","sticky":false,"template":"","format":"standard","meta":{"_acf_changed":false,"_monsterinsights_skip_tracking":false,"slim_seo":{"title":"Jugar\u00e1n en casa Bravos FC contra Rayados del Monterrey - Opini\u00f3n P\u00fablica","description":"Este mi\u00e9rcoles 25 de enero, los Bravos FC de Ju\u00e1rez recibir\u00e1n en el Estadio Ol\u00edmpico Benito Ju\u00e1rez a los Rayados del Monterrey, para celebrar el partido corresp"},"footnotes":""},"categories":[5],"tags":[],"class_list":["post-11330","post","type-post","status-publish","format-standard","has-post-thumbnail","hentry","category-frontera"],"acf":[],"_links":{"self":[{"href":"https:\/\/www.opinionpublica.tv\/portada\/wp-json\/wp\/v2\/posts\/11330","targetHints":{"allow":["GET"]}}],"collection":[{"href":"https:\/\/www.opinionpublica.tv\/portada\/wp-json\/wp\/v2\/posts"}],"about":[{"href":"https:\/\/www.opinionpublica.tv\/portada\/wp-json\/wp\/v2\/types\/post"}],"author":[{"embeddable":true,"href":"https:\/\/www.opinionpublica.tv\/portada\/wp-json\/wp\/v2\/users\/4"}],"replies":[{"embeddable":true,"href":"https:\/\/www.opinionpublica.tv\/portada\/wp-json\/wp\/v2\/comments?post=11330"}],"version-history":[{"count":0,"href":"https:\/\/www.opinionpublica.tv\/portada\/wp-json\/wp\/v2\/posts\/11330\/revisions"}],"wp:featuredmedia":[{"embeddable":true,"href":"https:\/\/www.opinionpublica.tv\/portada\/wp-json\/wp\/v2\/media\/11329"}],"wp:attachment":[{"href":"https:\/\/www.opinionpublica.tv\/portada\/wp-json\/wp\/v2\/media?parent=11330"}],"wp:term":[{"taxonomy":"category","embeddable":true,"href":"https:\/\/www.opinionpublica.tv\/portada\/wp-json\/wp\/v2\/categories?post=11330"},{"taxonomy":"post_tag","embeddable":true,"href":"https:\/\/www.opinionpublica.tv\/portada\/wp-json\/wp\/v2\/tags?post=11330"}],"curies":[{"name":"wp","href":"https:\/\/api.w.org\/{rel}","templated":true}]}}