{"id":11328,"date":"2017-01-25T07:00:00","date_gmt":"2017-01-25T06:00:00","guid":{"rendered":"https:\/\/www.opinionpublica.tv\/portada\/2017\/01\/25\/detienen-a-cinco-por-secuestro-de-un-uber\/"},"modified":"2017-01-25T07:00:00","modified_gmt":"2017-01-25T06:00:00","slug":"detienen-a-cinco-por-secuestro-de-un-uber","status":"publish","type":"post","link":"https:\/\/www.opinionpublica.tv\/portada\/detienen-a-cinco-por-secuestro-de-un-uber\/","title":{"rendered":"Detienen a cinco por secuestro de un Uber"},"content":{"rendered":"<p><img fetchpriority=\"high\" decoding=\"async\" class=\" size-full wp-image-11327\" src=\"https:\/\/www.opinionpublica.tv\/portada\/wp-content\/uploads\/2017\/01\/c7c00384406c35b81741b74b364344cf.jpg\" alt=\"\" width=\"1623\" height=\"1139\" srcset=\"https:\/\/www.opinionpublica.tv\/portada\/wp-content\/uploads\/2017\/01\/c7c00384406c35b81741b74b364344cf.jpg 1623w, https:\/\/www.opinionpublica.tv\/portada\/wp-content\/uploads\/2017\/01\/c7c00384406c35b81741b74b364344cf-300x211.jpg 300w, https:\/\/www.opinionpublica.tv\/portada\/wp-content\/uploads\/2017\/01\/c7c00384406c35b81741b74b364344cf-1024x719.jpg 1024w, https:\/\/www.opinionpublica.tv\/portada\/wp-content\/uploads\/2017\/01\/c7c00384406c35b81741b74b364344cf-768x539.jpg 768w, https:\/\/www.opinionpublica.tv\/portada\/wp-content\/uploads\/2017\/01\/c7c00384406c35b81741b74b364344cf-1536x1078.jpg 1536w\" sizes=\"(max-width: 1623px) 100vw, 1623px\" \/><br \/>\n<!--more--><\/p>\n<p style=\"text-align: justify;\">La madrugada de este mi\u00e9rcoles, cinco individuos en posesi\u00f3n de armas y droga fueron detenidas la a bordo de un carro de servicio Uber, el cual aparentemente secuestraron.<\/p>\n<p style=\"text-align: justify;\">Los primeros informes indican que estos hombres fueron alcanzados por la Polic\u00eda Municipal en el cruce de la avenida de Las Torres y Manuel Talam\u00e1s Camandari.<\/p>\n<p style=\"text-align: justify;\">El chofer del Uber inform\u00f3 que los cuatro hombres y la mujer a bordo hab\u00edan pedido su servicio, y al momento de llegar por ellos ingresaron violentamente, quit\u00e1ndole el volante y tomando el veh\u00edculo para ellos.<\/p>\n<p style=\"text-align: justify;\">Agentes policiacos se\u00f1alaron que al interior del veh\u00edculo Nissan, Versa 2017, localizaron dos escopetas, drogas como lo es el cristal y marihuana, adem\u00e1s de pipas para fumarla, todo abordado por los detenidos.<\/p>\n","protected":false},"excerpt":{"rendered":"","protected":false},"author":4,"featured_media":11327,"comment_status":"open","ping_status":"open","sticky":false,"template":"","format":"standard","meta":{"_acf_changed":false,"_monsterinsights_skip_tracking":false,"slim_seo":{"title":"Detienen a cinco por secuestro de un Uber - Opini\u00f3n P\u00fablica","description":"La madrugada de este mi\u00e9rcoles, cinco individuos en posesi\u00f3n de armas y droga fueron detenidas la a bordo de un carro de servicio Uber, el cual aparentemente se"},"footnotes":""},"categories":[5],"tags":[],"class_list":["post-11328","post","type-post","status-publish","format-standard","has-post-thumbnail","hentry","category-frontera"],"acf":[],"_links":{"self":[{"href":"https:\/\/www.opinionpublica.tv\/portada\/wp-json\/wp\/v2\/posts\/11328","targetHints":{"allow":["GET"]}}],"collection":[{"href":"https:\/\/www.opinionpublica.tv\/portada\/wp-json\/wp\/v2\/posts"}],"about":[{"href":"https:\/\/www.opinionpublica.tv\/portada\/wp-json\/wp\/v2\/types\/post"}],"author":[{"embeddable":true,"href":"https:\/\/www.opinionpublica.tv\/portada\/wp-json\/wp\/v2\/users\/4"}],"replies":[{"embeddable":true,"href":"https:\/\/www.opinionpublica.tv\/portada\/wp-json\/wp\/v2\/comments?post=11328"}],"version-history":[{"count":0,"href":"https:\/\/www.opinionpublica.tv\/portada\/wp-json\/wp\/v2\/posts\/11328\/revisions"}],"wp:featuredmedia":[{"embeddable":true,"href":"https:\/\/www.opinionpublica.tv\/portada\/wp-json\/wp\/v2\/media\/11327"}],"wp:attachment":[{"href":"https:\/\/www.opinionpublica.tv\/portada\/wp-json\/wp\/v2\/media?parent=11328"}],"wp:term":[{"taxonomy":"category","embeddable":true,"href":"https:\/\/www.opinionpublica.tv\/portada\/wp-json\/wp\/v2\/categories?post=11328"},{"taxonomy":"post_tag","embeddable":true,"href":"https:\/\/www.opinionpublica.tv\/portada\/wp-json\/wp\/v2\/tags?post=11328"}],"curies":[{"name":"wp","href":"https:\/\/api.w.org\/{rel}","templated":true}]}}