{"id":11326,"date":"2017-01-25T07:00:00","date_gmt":"2017-01-25T06:00:00","guid":{"rendered":"https:\/\/www.opinionpublica.tv\/portada\/2017\/01\/25\/tomaran-protesta-a-nueva-presidenta-de-index-juarez\/"},"modified":"2017-01-25T07:00:00","modified_gmt":"2017-01-25T06:00:00","slug":"tomaran-protesta-a-nueva-presidenta-de-index-juarez","status":"publish","type":"post","link":"https:\/\/www.opinionpublica.tv\/portada\/tomaran-protesta-a-nueva-presidenta-de-index-juarez\/","title":{"rendered":"Tomar\u00e1n protesta a nueva presidenta de Index Ju\u00e1rez"},"content":{"rendered":"<p><img fetchpriority=\"high\" decoding=\"async\" class=\" size-full wp-image-11325\" src=\"https:\/\/www.opinionpublica.tv\/portada\/wp-content\/uploads\/2017\/01\/92ff0b25e5cff138aef8b781ca9ee984.jpg\" alt=\"\" width=\"980\" height=\"617\" srcset=\"https:\/\/www.opinionpublica.tv\/portada\/wp-content\/uploads\/2017\/01\/92ff0b25e5cff138aef8b781ca9ee984.jpg 980w, https:\/\/www.opinionpublica.tv\/portada\/wp-content\/uploads\/2017\/01\/92ff0b25e5cff138aef8b781ca9ee984-300x189.jpg 300w, https:\/\/www.opinionpublica.tv\/portada\/wp-content\/uploads\/2017\/01\/92ff0b25e5cff138aef8b781ca9ee984-768x484.jpg 768w\" sizes=\"(max-width: 980px) 100vw, 980px\" \/><br \/>\n<!--more--><\/p>\n<p style=\"text-align: justify;\">Este jueves, Mar\u00eda Teresa Delgado Z\u00e1rate tomar\u00e1 protesta como presidenta de Index Ju\u00e1rez para el per\u00edodo 2017-2019, as\u00ed como a los consejeros que integran su mesa directiva.<\/p>\n<p style=\"text-align: justify;\">Seg\u00fan el programa de la ceremonia, har\u00e1 acto de presencia el presidente del Consejo Nacional de Index, Federico Serrano Ba\u00f1uelos, para dedicar un mensaje a los socios del organismo.<\/p>\n<p style=\"text-align: justify;\">Mar\u00eda Teresa Delgado declar\u00f3 que su gesti\u00f3n trabajar\u00e1 para mejorar la imagen del gremio maquilador y atender la problem\u00e1tica de falta de mano de obra que traen problemas a Ciudad Ju\u00e1rez desde 2016.<\/p>\n<p style=\"text-align: justify;\">Reconoci\u00f3 adem\u00e1s que 2017 ser\u00e1 un a\u00f1o complicado, debido a la incertidumbre generada por las pol\u00edticas proteccionistas de Donald Trump.<\/p>\n<p style=\"text-align: justify;\">La principal preocupaci\u00f3n de os empresarios es la posibilidad de un impuesto fronterizo a las exportaciones de las empresas estadounidenses que fabriquen fuera de su pa\u00eds, que fue parte de las promesas del candidato republicano.<\/p>\n<p style=\"text-align: justify;\">Sin embargo, asegur\u00f3 que, sin importar este escenario, Index conf\u00eda en que M\u00e9xico y particularmente Ju\u00e1rez seguir\u00e1n siendo atractivos para la inversi\u00f3n extranjera.<\/p>\n<p style=\"text-align: justify;\">\u00a0<\/p>\n<p style=\"text-align: justify;\">De momento, Mar\u00eda Teresa Delgado se desempe\u00f1a como dirigente del comit\u00e9 de capital humano del Consejo Nacional de Index. Cuenta con 30 a\u00f1os de experiencia en la industria maquiladora, y tambi\u00e9n es gerente de recursos humanos en AVJ Electronics.<\/p>\n","protected":false},"excerpt":{"rendered":"","protected":false},"author":4,"featured_media":11325,"comment_status":"open","ping_status":"open","sticky":false,"template":"","format":"standard","meta":{"_acf_changed":false,"_monsterinsights_skip_tracking":false,"slim_seo":{"title":"Tomar\u00e1n protesta a nueva presidenta de Index Ju\u00e1rez - Opini\u00f3n P\u00fablica","description":"Este jueves, Mar\u00eda Teresa Delgado Z\u00e1rate tomar\u00e1 protesta como presidenta de Index Ju\u00e1rez para el per\u00edodo 2017-2019, as\u00ed como a los consejeros que integran su me"},"footnotes":""},"categories":[5],"tags":[],"class_list":["post-11326","post","type-post","status-publish","format-standard","has-post-thumbnail","hentry","category-frontera"],"acf":[],"_links":{"self":[{"href":"https:\/\/www.opinionpublica.tv\/portada\/wp-json\/wp\/v2\/posts\/11326","targetHints":{"allow":["GET"]}}],"collection":[{"href":"https:\/\/www.opinionpublica.tv\/portada\/wp-json\/wp\/v2\/posts"}],"about":[{"href":"https:\/\/www.opinionpublica.tv\/portada\/wp-json\/wp\/v2\/types\/post"}],"author":[{"embeddable":true,"href":"https:\/\/www.opinionpublica.tv\/portada\/wp-json\/wp\/v2\/users\/4"}],"replies":[{"embeddable":true,"href":"https:\/\/www.opinionpublica.tv\/portada\/wp-json\/wp\/v2\/comments?post=11326"}],"version-history":[{"count":0,"href":"https:\/\/www.opinionpublica.tv\/portada\/wp-json\/wp\/v2\/posts\/11326\/revisions"}],"wp:featuredmedia":[{"embeddable":true,"href":"https:\/\/www.opinionpublica.tv\/portada\/wp-json\/wp\/v2\/media\/11325"}],"wp:attachment":[{"href":"https:\/\/www.opinionpublica.tv\/portada\/wp-json\/wp\/v2\/media?parent=11326"}],"wp:term":[{"taxonomy":"category","embeddable":true,"href":"https:\/\/www.opinionpublica.tv\/portada\/wp-json\/wp\/v2\/categories?post=11326"},{"taxonomy":"post_tag","embeddable":true,"href":"https:\/\/www.opinionpublica.tv\/portada\/wp-json\/wp\/v2\/tags?post=11326"}],"curies":[{"name":"wp","href":"https:\/\/api.w.org\/{rel}","templated":true}]}}