{"id":11324,"date":"2017-01-25T07:00:00","date_gmt":"2017-01-25T06:00:00","guid":{"rendered":"https:\/\/www.opinionpublica.tv\/portada\/2017\/01\/25\/retiran-medalla-de-oro-a-usain-bolt-por-dopaje\/"},"modified":"2017-01-25T07:00:00","modified_gmt":"2017-01-25T06:00:00","slug":"retiran-medalla-de-oro-a-usain-bolt-por-dopaje","status":"publish","type":"post","link":"https:\/\/www.opinionpublica.tv\/portada\/retiran-medalla-de-oro-a-usain-bolt-por-dopaje\/","title":{"rendered":"Retiran medalla de Oro a Usain Bolt por dopaje"},"content":{"rendered":"<p><img fetchpriority=\"high\" decoding=\"async\" class=\" size-full wp-image-11323\" src=\"https:\/\/www.opinionpublica.tv\/portada\/wp-content\/uploads\/2017\/01\/13405c45037f8d55f83a47b8d153c0df.jpg\" alt=\"\" width=\"700\" height=\"400\" srcset=\"https:\/\/www.opinionpublica.tv\/portada\/wp-content\/uploads\/2017\/01\/13405c45037f8d55f83a47b8d153c0df.jpg 700w, https:\/\/www.opinionpublica.tv\/portada\/wp-content\/uploads\/2017\/01\/13405c45037f8d55f83a47b8d153c0df-300x171.jpg 300w\" sizes=\"(max-width: 700px) 100vw, 700px\" \/><br \/>\n<!--more--><\/p>\n<p style=\"text-align: justify;\">Al corredor ol\u00edmpico jamaiquino, Usain Bolt, le fue retirada una de sus varias medallas de oro debido al resultado positivo de una prueba de dopaje del atleta Nesta Carter, quien fue su compa\u00f1ero en la carrera de relevo de 4&#215;100 metros en Beijing 2008.<\/p>\n<p style=\"text-align: justify;\">Luego de volver a analizar las muestras tomadas a los atletas en los Juegos de Pek\u00edn, el Comit\u00e9 Ol\u00edmpico Internacional (COI) encontr\u00f3 trazos de metilhexaneamina en la muestra de Carter, motivo por el cual se sanciono a todo el equipo jamaiquino, incluyendo al \u201chombre m\u00e1s r\u00e1pido del mundo\u201d, que perdi\u00f3 una de sus nueve preseas doradas.<\/p>\n<p style=\"text-align: justify;\">\u201cEl equipo jamaicano queda descalificado (y) las medallas, distintivos y diplomas son retirados y deben ser devueltos\u00bb, dijo el Comit\u00e9 Ol\u00edmpico Internacional en un comunicado para la Asociaci\u00f3n Ol\u00edmpica Jamaicana. Exhort\u00f3 a que esta petici\u00f3n se cumpla \u00ablo m\u00e1s pronto posible\u00bb.<\/p>\n<p style=\"text-align: justify;\">Carter, de 31 a\u00f1os, compiti\u00f3 tanto en la primera ronda como en la final ol\u00edmpica de relevos 4&#215;100, en la que Jamaica, con nuevo r\u00e9cord mundial (37.10), obtuvo la medalla de oro con el cuarteto formado, adem\u00e1s, por Michael Frater, Usain Bolt y Asafa Powell.<\/p>\n","protected":false},"excerpt":{"rendered":"","protected":false},"author":4,"featured_media":11323,"comment_status":"open","ping_status":"open","sticky":false,"template":"","format":"standard","meta":{"_acf_changed":false,"_monsterinsights_skip_tracking":false,"slim_seo":{"title":"Retiran medalla de Oro a Usain Bolt por dopaje - Opini\u00f3n P\u00fablica","description":"Al corredor ol\u00edmpico jamaiquino, Usain Bolt, le fue retirada una de sus varias medallas de oro debido al resultado positivo de una prueba de dopaje del atleta N"},"footnotes":""},"categories":[11],"tags":[],"class_list":["post-11324","post","type-post","status-publish","format-standard","has-post-thumbnail","hentry","category-tendencias"],"acf":[],"_links":{"self":[{"href":"https:\/\/www.opinionpublica.tv\/portada\/wp-json\/wp\/v2\/posts\/11324","targetHints":{"allow":["GET"]}}],"collection":[{"href":"https:\/\/www.opinionpublica.tv\/portada\/wp-json\/wp\/v2\/posts"}],"about":[{"href":"https:\/\/www.opinionpublica.tv\/portada\/wp-json\/wp\/v2\/types\/post"}],"author":[{"embeddable":true,"href":"https:\/\/www.opinionpublica.tv\/portada\/wp-json\/wp\/v2\/users\/4"}],"replies":[{"embeddable":true,"href":"https:\/\/www.opinionpublica.tv\/portada\/wp-json\/wp\/v2\/comments?post=11324"}],"version-history":[{"count":0,"href":"https:\/\/www.opinionpublica.tv\/portada\/wp-json\/wp\/v2\/posts\/11324\/revisions"}],"wp:featuredmedia":[{"embeddable":true,"href":"https:\/\/www.opinionpublica.tv\/portada\/wp-json\/wp\/v2\/media\/11323"}],"wp:attachment":[{"href":"https:\/\/www.opinionpublica.tv\/portada\/wp-json\/wp\/v2\/media?parent=11324"}],"wp:term":[{"taxonomy":"category","embeddable":true,"href":"https:\/\/www.opinionpublica.tv\/portada\/wp-json\/wp\/v2\/categories?post=11324"},{"taxonomy":"post_tag","embeddable":true,"href":"https:\/\/www.opinionpublica.tv\/portada\/wp-json\/wp\/v2\/tags?post=11324"}],"curies":[{"name":"wp","href":"https:\/\/api.w.org\/{rel}","templated":true}]}}