{"id":11322,"date":"2017-01-25T07:00:00","date_gmt":"2017-01-25T06:00:00","guid":{"rendered":"https:\/\/www.opinionpublica.tv\/portada\/2017\/01\/25\/historia-de-un-mexicano-que-llego-a-la-nasa-y-fue-al-espacio\/"},"modified":"2017-01-25T07:00:00","modified_gmt":"2017-01-25T06:00:00","slug":"historia-de-un-mexicano-que-llego-a-la-nasa-y-fue-al-espacio","status":"publish","type":"post","link":"https:\/\/www.opinionpublica.tv\/portada\/historia-de-un-mexicano-que-llego-a-la-nasa-y-fue-al-espacio\/","title":{"rendered":"Historia de un mexicano que lleg\u00f3 a la NASA y fue al espacio"},"content":{"rendered":"<p><img fetchpriority=\"high\" decoding=\"async\" class=\" size-full wp-image-11321\" src=\"https:\/\/www.opinionpublica.tv\/portada\/wp-content\/uploads\/2017\/01\/242b7cac26b02f080edc3ea8e0e494ba.jpg\" alt=\"\" width=\"664\" height=\"498\" srcset=\"https:\/\/www.opinionpublica.tv\/portada\/wp-content\/uploads\/2017\/01\/242b7cac26b02f080edc3ea8e0e494ba.jpg 664w, https:\/\/www.opinionpublica.tv\/portada\/wp-content\/uploads\/2017\/01\/242b7cac26b02f080edc3ea8e0e494ba-300x225.jpg 300w\" sizes=\"(max-width: 664px) 100vw, 664px\" \/><br \/>\n<!--more--><\/p>\n<p style=\"text-align: justify;\">\u201cA veces los sue\u00f1os se alcanzan con s\u00f3lo mirar al cielo\u201d. As\u00ed comenz\u00f3 la historia de \u00e9xito de Jos\u00e9 Hern\u00e1ndez Moreno, el primer astronauta de origen mexicano, quien recuerda el momento de su infancia cuando supo que quer\u00eda llegar al cielo, aun con las adversidades que representaba formar parte de una familia de migrantes michoacanos en Estados Unidos.<\/p>\n<p style=\"text-align: justify;\">\u201cEl momento en el que decid\u00ed ser astronauta fue a los 10 a\u00f1os, cuando mir\u00e9 las im\u00e1genes por televisi\u00f3n de la \u00faltima misi\u00f3n de la \u00e9poca del Apolo 17, era 1972, y si se pueden imaginar a un ni\u00f1o viendo en la televisi\u00f3n blanco y negro, deteniendo la antena de conejo para mejorar la recepci\u00f3n, \u00e9se era yo viendo al astronauta caminar por la superficie de la Luna\u201d, relat\u00f3.\u00a0<\/p>\n<p style=\"text-align: justify;\">Hern\u00e1ndez Moreno recuerda su infancia como la base de su disciplina y respeto al trabajo, ya que desde los nueve a\u00f1os ten\u00eda que apoyar a su familia en la siembra y cosecha en California, Estados Unidos.\u00a0<\/p>\n<p style=\"text-align: justify;\">Para \u00e9l, la \u00fanica forma de sobresalir es la educaci\u00f3n. Por ello promueve en los j\u00f3venes migrantes el valor de la educaci\u00f3n.<\/p>\n<p style=\"text-align: justify;\">Jos\u00e9 Hern\u00e1ndez Moreno visit\u00f3 M\u00e9xico para presentar su libro\u00a0<em>El ni\u00f1o que toc\u00f3 las estrellas<\/em>, editado por Patria, un libro infantil que relata parte de su vida. De c\u00f3mo de ser un recolector de fresas y pepinos en California, viaj\u00f3 al espacio como miembro de la NASA.<\/p>\n<p style=\"text-align: justify;\">Por otra parte, se\u00f1al\u00f3 que las expresiones de odio y discriminaci\u00f3n del presidente Donald Trump hacia los mexicanos no detendr\u00e1n la lucha de \u00e9stos por cumplir sus sue\u00f1os y metas.<\/p>\n<p style=\"text-align: justify;\">El astronauta retirado asegur\u00f3 que la mejor manera de confrontar la discriminaci\u00f3n es a trav\u00e9s del esfuerzo en la educaci\u00f3n de los j\u00f3venes, a partir de su experiencia.<\/p>\n","protected":false},"excerpt":{"rendered":"","protected":false},"author":6,"featured_media":11321,"comment_status":"open","ping_status":"open","sticky":false,"template":"","format":"standard","meta":{"_acf_changed":false,"_monsterinsights_skip_tracking":false,"slim_seo":{"title":"Historia de un mexicano que lleg\u00f3 a la NASA y fue al espacio - Opini\u00f3n P\u00fablica","description":"\u201cA veces los sue\u00f1os se alcanzan con s\u00f3lo mirar al cielo\u201d. As\u00ed comenz\u00f3 la historia de \u00e9xito de Jos\u00e9 Hern\u00e1ndez Moreno, el primer astronauta de origen mexicano, qu"},"footnotes":""},"categories":[14],"tags":[],"class_list":["post-11322","post","type-post","status-publish","format-standard","has-post-thumbnail","hentry","category-historias"],"acf":[],"_links":{"self":[{"href":"https:\/\/www.opinionpublica.tv\/portada\/wp-json\/wp\/v2\/posts\/11322","targetHints":{"allow":["GET"]}}],"collection":[{"href":"https:\/\/www.opinionpublica.tv\/portada\/wp-json\/wp\/v2\/posts"}],"about":[{"href":"https:\/\/www.opinionpublica.tv\/portada\/wp-json\/wp\/v2\/types\/post"}],"author":[{"embeddable":true,"href":"https:\/\/www.opinionpublica.tv\/portada\/wp-json\/wp\/v2\/users\/6"}],"replies":[{"embeddable":true,"href":"https:\/\/www.opinionpublica.tv\/portada\/wp-json\/wp\/v2\/comments?post=11322"}],"version-history":[{"count":0,"href":"https:\/\/www.opinionpublica.tv\/portada\/wp-json\/wp\/v2\/posts\/11322\/revisions"}],"wp:featuredmedia":[{"embeddable":true,"href":"https:\/\/www.opinionpublica.tv\/portada\/wp-json\/wp\/v2\/media\/11321"}],"wp:attachment":[{"href":"https:\/\/www.opinionpublica.tv\/portada\/wp-json\/wp\/v2\/media?parent=11322"}],"wp:term":[{"taxonomy":"category","embeddable":true,"href":"https:\/\/www.opinionpublica.tv\/portada\/wp-json\/wp\/v2\/categories?post=11322"},{"taxonomy":"post_tag","embeddable":true,"href":"https:\/\/www.opinionpublica.tv\/portada\/wp-json\/wp\/v2\/tags?post=11322"}],"curies":[{"name":"wp","href":"https:\/\/api.w.org\/{rel}","templated":true}]}}