{"id":11315,"date":"2017-01-24T07:00:00","date_gmt":"2017-01-24T06:00:00","guid":{"rendered":"https:\/\/www.opinionpublica.tv\/portada\/2017\/01\/24\/protocolo-alba-desaparecen-otras-dos-adolescentes-en-juarez\/"},"modified":"2017-01-24T07:00:00","modified_gmt":"2017-01-24T06:00:00","slug":"protocolo-alba-desaparecen-otras-dos-adolescentes-en-juarez","status":"publish","type":"post","link":"https:\/\/www.opinionpublica.tv\/portada\/protocolo-alba-desaparecen-otras-dos-adolescentes-en-juarez\/","title":{"rendered":"Protocolo Alba; desaparecen dos adolescentes en Ju\u00e1rez"},"content":{"rendered":"<p><img fetchpriority=\"high\" decoding=\"async\" class=\" size-full wp-image-11312\" src=\"https:\/\/www.opinionpublica.tv\/portada\/wp-content\/uploads\/2017\/01\/d21a952a6bfda17d02c3be8787f92885.jpg\" alt=\"\" width=\"491\" height=\"332\" srcset=\"https:\/\/www.opinionpublica.tv\/portada\/wp-content\/uploads\/2017\/01\/d21a952a6bfda17d02c3be8787f92885.jpg 491w, https:\/\/www.opinionpublica.tv\/portada\/wp-content\/uploads\/2017\/01\/d21a952a6bfda17d02c3be8787f92885-300x203.jpg 300w\" sizes=\"(max-width: 491px) 100vw, 491px\" \/><br \/>\n<!--more--><\/p>\n<p style=\"text-align: justify;\">La Fiscal\u00eda General del Estado activ\u00f3 de nuevo el Protoclo Alba para localizar a dos adolescentes que desaparecieron en Ciudad Ju\u00e1rez hace unos d\u00edas, por lo que se solicita el apoyo de la comunidad chihuahuense para lograr su pronta localizaci\u00f3n.<\/p>\n<p style=\"text-align: justify;\">En el primer caso, se presenta a continuaci\u00f3n la ficha t\u00e9cnica de la joven Diana Paola Escobar Mart\u00ednez de 14 a\u00f1os, quien fue vista por \u00faltima vez en el Fraccionamiento Urbi Villa Bonita.<\/p>\n<p style=\"text-align: justify;\">\u00a0<\/p>\n<p style=\"text-align: justify;\"><img decoding=\"async\" class=\" size-full wp-image-11313\" src=\"https:\/\/www.opinionpublica.tv\/portada\/wp-content\/uploads\/2017\/01\/Captura_de_pantalla_20170124_a_las_23952_PM.png\" width=\"759\" height=\"580\" srcset=\"https:\/\/www.opinionpublica.tv\/portada\/wp-content\/uploads\/2017\/01\/Captura_de_pantalla_20170124_a_las_23952_PM.png 759w, https:\/\/www.opinionpublica.tv\/portada\/wp-content\/uploads\/2017\/01\/Captura_de_pantalla_20170124_a_las_23952_PM-300x229.png 300w\" sizes=\"(max-width: 759px) 100vw, 759px\" \/><\/p>\n<p style=\"text-align: justify;\">\u00a0<\/p>\n<p style=\"text-align: justify;\">Como se\u00f1as particulares tiene un lunar a lado de la ceja izquierda y otro lunar a lado de lado del ojo izquierdo, y vest\u00eda una pantalonera escolar con franjas de color rojas y blancas, una sudadera negra con un chaleco de cuadros de color rojo.<\/p>\n<p style=\"text-align: justify;\">El s\u00e1bado 21 de enero, Diana Paola Escobar Mart\u00ednez sali\u00f3 de su domicilio aproximadamente a las 18:00 horas y hasta el momento se desconoce su paradero.<\/p>\n<p style=\"text-align: justify;\">En el segundo caso, la joven Zitlaly Guadalupe Franco Guevara, de 15 a\u00f1os y nacida en Delicias. Ella no tiene se\u00f1as particulares y como vestimenta llevaba una sudadera negra con el numero 14 enfrente estampado en blanco, malla negra y tenis blancos.<\/p>\n<p style=\"text-align: justify;\">\u00a0<\/p>\n<p style=\"text-align: justify;\"><img decoding=\"async\" class=\" size-full wp-image-11314\" src=\"https:\/\/www.opinionpublica.tv\/portada\/wp-content\/uploads\/2017\/01\/Captura_de_pantalla_20170124_a_las_24146_PM.png\" width=\"735\" height=\"554\" srcset=\"https:\/\/www.opinionpublica.tv\/portada\/wp-content\/uploads\/2017\/01\/Captura_de_pantalla_20170124_a_las_24146_PM.png 735w, https:\/\/www.opinionpublica.tv\/portada\/wp-content\/uploads\/2017\/01\/Captura_de_pantalla_20170124_a_las_24146_PM-300x226.png 300w\" sizes=\"(max-width: 735px) 100vw, 735px\" \/><\/p>\n<p style=\"text-align: justify;\">\u00a0<\/p>\n<p style=\"text-align: justify;\">El domingo 22 de enero del a\u00f1o en curso, la menor Zitlaly Guadalupe Franco Guevara fue vista por ultima vez en la colonia las haciendas y hasta la fecha se desconoce su paradero.<\/p>\n<p style=\"text-align: justify;\">Para cualquier informaci\u00f3n referente a estas menores, hay que comunicarse al 01-800-838-6066 Y 01-656-629-3300, extensiones 58131, 58132, y 58109, o bien, en el correo electr\u00f3nico: mujeres.ausenteszn@chihuahua.gob.mx.<\/p>\n","protected":false},"excerpt":{"rendered":"","protected":false},"author":6,"featured_media":11312,"comment_status":"open","ping_status":"open","sticky":false,"template":"","format":"standard","meta":{"_acf_changed":false,"_monsterinsights_skip_tracking":false,"slim_seo":{"title":"Protocolo Alba; desaparecen dos adolescentes en Ju\u00e1rez - Opini\u00f3n P\u00fablica","description":"La Fiscal\u00eda General del Estado activ\u00f3 de nuevo el Protoclo Alba para localizar a dos adolescentes que desaparecieron en Ciudad Ju\u00e1rez hace unos d\u00edas, por lo que"},"footnotes":""},"categories":[5],"tags":[],"class_list":["post-11315","post","type-post","status-publish","format-standard","has-post-thumbnail","hentry","category-frontera"],"acf":[],"_links":{"self":[{"href":"https:\/\/www.opinionpublica.tv\/portada\/wp-json\/wp\/v2\/posts\/11315","targetHints":{"allow":["GET"]}}],"collection":[{"href":"https:\/\/www.opinionpublica.tv\/portada\/wp-json\/wp\/v2\/posts"}],"about":[{"href":"https:\/\/www.opinionpublica.tv\/portada\/wp-json\/wp\/v2\/types\/post"}],"author":[{"embeddable":true,"href":"https:\/\/www.opinionpublica.tv\/portada\/wp-json\/wp\/v2\/users\/6"}],"replies":[{"embeddable":true,"href":"https:\/\/www.opinionpublica.tv\/portada\/wp-json\/wp\/v2\/comments?post=11315"}],"version-history":[{"count":0,"href":"https:\/\/www.opinionpublica.tv\/portada\/wp-json\/wp\/v2\/posts\/11315\/revisions"}],"wp:featuredmedia":[{"embeddable":true,"href":"https:\/\/www.opinionpublica.tv\/portada\/wp-json\/wp\/v2\/media\/11312"}],"wp:attachment":[{"href":"https:\/\/www.opinionpublica.tv\/portada\/wp-json\/wp\/v2\/media?parent=11315"}],"wp:term":[{"taxonomy":"category","embeddable":true,"href":"https:\/\/www.opinionpublica.tv\/portada\/wp-json\/wp\/v2\/categories?post=11315"},{"taxonomy":"post_tag","embeddable":true,"href":"https:\/\/www.opinionpublica.tv\/portada\/wp-json\/wp\/v2\/tags?post=11315"}],"curies":[{"name":"wp","href":"https:\/\/api.w.org\/{rel}","templated":true}]}}