{"id":11302,"date":"2017-01-23T07:00:00","date_gmt":"2017-01-23T06:00:00","guid":{"rendered":"https:\/\/www.opinionpublica.tv\/portada\/2017\/01\/23\/ahora-aumentaran-precios-de-azucar-tomate-leche-y-carnicos\/"},"modified":"2017-01-23T07:00:00","modified_gmt":"2017-01-23T06:00:00","slug":"ahora-aumentaran-precios-de-azucar-tomate-leche-y-carnicos","status":"publish","type":"post","link":"https:\/\/www.opinionpublica.tv\/portada\/ahora-aumentaran-precios-de-azucar-tomate-leche-y-carnicos\/","title":{"rendered":"Ahora aumentar\u00e1n precios de az\u00facar, tomate, leche y c\u00e1rnicos"},"content":{"rendered":"<p><img fetchpriority=\"high\" decoding=\"async\" class=\" size-full wp-image-11301\" src=\"https:\/\/www.opinionpublica.tv\/portada\/wp-content\/uploads\/2017\/01\/85fab6ece2f857139abac6536d36e1d3.jpg\" alt=\"\" width=\"664\" height=\"498\" srcset=\"https:\/\/www.opinionpublica.tv\/portada\/wp-content\/uploads\/2017\/01\/85fab6ece2f857139abac6536d36e1d3.jpg 664w, https:\/\/www.opinionpublica.tv\/portada\/wp-content\/uploads\/2017\/01\/85fab6ece2f857139abac6536d36e1d3-300x225.jpg 300w\" sizes=\"(max-width: 664px) 100vw, 664px\" \/><br \/>\n<!--more--><\/p>\n<p style=\"text-align: justify;\">El\u00a0director general del Consejo Nacional Agropecuario, Luis Fernando Haro Encinas, advirti\u00f3 que podr\u00edan aumentar los\u00a0precios de productos agropecuarios\u00a0si Estados Unidos les impone aranceles.<\/p>\n<p style=\"text-align: justify;\">El alza de precio recaer\u00eda en algunos granos, oleaginosas y productos de leche y de c\u00e1rnicos que son los que M\u00e9xico importa de Estados Unidos.<\/p>\n<p style=\"text-align: justify;\">Adem\u00e1s, revel\u00f3 que el gobierno mexicano ya est\u00e1 en pl\u00e1ticas con autoridades de Canad\u00e1 ante la renegociaci\u00f3n del Tratado de Libre Comercio de Am\u00e9rica del Norte.<\/p>\n<p style=\"text-align: justify;\">\u201cSabemos que hay pl\u00e1ticas con el gobierno de Canad\u00e1 para tambi\u00e9n tratar de llegar a una negociaci\u00f3n donde busquemos lo que sea favorable para todos\u201d, sostuvo.<\/p>\n<p style=\"text-align: justify;\">El funcionario se reuni\u00f3 con diputados del PAN que celebran su reuni\u00f3n plenaria, a quienes plante\u00f3 que est\u00e1 en favor de una renegociaci\u00f3n de\u00a0Tratado de Libre Comercio de Am\u00e9rica del Norte, pero advirti\u00f3 que en ese contexto hay focos rojos y amarillos para el sector agroalimentario.<\/p>\n","protected":false},"excerpt":{"rendered":"","protected":false},"author":6,"featured_media":11301,"comment_status":"open","ping_status":"open","sticky":false,"template":"","format":"standard","meta":{"_acf_changed":false,"_monsterinsights_skip_tracking":false,"slim_seo":{"title":"Ahora aumentar\u00e1n precios de az\u00facar, tomate, leche y c\u00e1rnicos - Opini\u00f3n P\u00fablica","description":"El\u00a0director general del Consejo Nacional Agropecuario, Luis Fernando Haro Encinas, advirti\u00f3 que podr\u00edan aumentar los\u00a0precios de productos agropecuarios\u00a0si Estad"},"footnotes":""},"categories":[4],"tags":[],"class_list":["post-11302","post","type-post","status-publish","format-standard","has-post-thumbnail","hentry","category-pulsopolitico"],"acf":[],"_links":{"self":[{"href":"https:\/\/www.opinionpublica.tv\/portada\/wp-json\/wp\/v2\/posts\/11302","targetHints":{"allow":["GET"]}}],"collection":[{"href":"https:\/\/www.opinionpublica.tv\/portada\/wp-json\/wp\/v2\/posts"}],"about":[{"href":"https:\/\/www.opinionpublica.tv\/portada\/wp-json\/wp\/v2\/types\/post"}],"author":[{"embeddable":true,"href":"https:\/\/www.opinionpublica.tv\/portada\/wp-json\/wp\/v2\/users\/6"}],"replies":[{"embeddable":true,"href":"https:\/\/www.opinionpublica.tv\/portada\/wp-json\/wp\/v2\/comments?post=11302"}],"version-history":[{"count":0,"href":"https:\/\/www.opinionpublica.tv\/portada\/wp-json\/wp\/v2\/posts\/11302\/revisions"}],"wp:featuredmedia":[{"embeddable":true,"href":"https:\/\/www.opinionpublica.tv\/portada\/wp-json\/wp\/v2\/media\/11301"}],"wp:attachment":[{"href":"https:\/\/www.opinionpublica.tv\/portada\/wp-json\/wp\/v2\/media?parent=11302"}],"wp:term":[{"taxonomy":"category","embeddable":true,"href":"https:\/\/www.opinionpublica.tv\/portada\/wp-json\/wp\/v2\/categories?post=11302"},{"taxonomy":"post_tag","embeddable":true,"href":"https:\/\/www.opinionpublica.tv\/portada\/wp-json\/wp\/v2\/tags?post=11302"}],"curies":[{"name":"wp","href":"https:\/\/api.w.org\/{rel}","templated":true}]}}