{"id":11298,"date":"2017-01-23T07:00:00","date_gmt":"2017-01-23T06:00:00","guid":{"rendered":"https:\/\/www.opinionpublica.tv\/portada\/2017\/01\/23\/cancela-senado-festejos-del-centenario-de-la-constitucion\/"},"modified":"2017-01-23T07:00:00","modified_gmt":"2017-01-23T06:00:00","slug":"cancela-senado-festejos-del-centenario-de-la-constitucion","status":"publish","type":"post","link":"https:\/\/www.opinionpublica.tv\/portada\/cancela-senado-festejos-del-centenario-de-la-constitucion\/","title":{"rendered":"Cancela Senado festejos del Centenario de la Constituci\u00f3n"},"content":{"rendered":"<p><img fetchpriority=\"high\" decoding=\"async\" class=\" size-full wp-image-11297\" src=\"https:\/\/www.opinionpublica.tv\/portada\/wp-content\/uploads\/2017\/01\/92b2a8a968cc015b515094d1838167dc.jpg\" alt=\"\" width=\"500\" height=\"266\" srcset=\"https:\/\/www.opinionpublica.tv\/portada\/wp-content\/uploads\/2017\/01\/92b2a8a968cc015b515094d1838167dc.jpg 500w, https:\/\/www.opinionpublica.tv\/portada\/wp-content\/uploads\/2017\/01\/92b2a8a968cc015b515094d1838167dc-300x160.jpg 300w\" sizes=\"(max-width: 500px) 100vw, 500px\" \/><br \/>\n<!--more--><\/p>\n<p style=\"text-align: justify;\">En congruencia con el plan de austeridad, el Senado cancel\u00f3 la ceremonia por los festejos del centenario de la Constituci\u00f3n, que se realizar\u00eda en Quer\u00e9taro y en los que ten\u00eda previsto gastar cerca de 500 mil pesos.<\/p>\n<p style=\"text-align: justify;\">El evento se realizar\u00e1 en la Ciudad de M\u00e9xico, entre el 2 y el 8 de febrero, inform\u00f3 el presidente de la Mesa Directiva, Pablo Escudero Morales.<\/p>\n<p style=\"text-align: justify;\">Asegur\u00f3 que frente a las condiciones econ\u00f3micas que vive el pa\u00eds y atentos a la pol\u00edtica de austeridad presupuestaria, tomaron la decisi\u00f3n de efectuar esta ceremonia en alguno de los dos recintos que tiene la c\u00e1mara, ubicados en Insurgentes y Reforma o en Xicont\u00e9ncatl.<\/p>\n<p style=\"text-align: justify;\">\u201cSe trata de una medida responsable que se tom\u00f3 derivado de las condiciones econ\u00f3micas que persisten y con ello se confirma el compromiso para reducir el gasto de la C\u00e1mara de Senadores\u201d, dijo el Legislador.<\/p>\n<p style=\"text-align: justify;\">Para la sesi\u00f3n solemne en Quer\u00e9taro se ten\u00eda prevista la participaci\u00f3n de m\u00e1s de 700 invitados, entre ellos, el presidente Enrique Pe\u00f1a Nieto, el presidente de la Suprema Corte de Justicia de la Naci\u00f3n, Luis Mar\u00eda Aguilar Morales, los 500 diputados y los 128 senadores, as\u00ed como gobernadores, empresarios e integrantes del cuerpo diplom\u00e1tico, entre otros.<\/p>\n<p style=\"text-align: justify;\">Hasta ahora no han confirmado si tambi\u00e9n se suspende el concierto con el que ten\u00edan previsto reestrenar el Teatro de la Rep\u00fablica, previsto para la noche del 4 de febrero, y por el que el Senado pag\u00f3 100 millones de pesos.<\/p>\n","protected":false},"excerpt":{"rendered":"","protected":false},"author":6,"featured_media":11297,"comment_status":"open","ping_status":"open","sticky":false,"template":"","format":"standard","meta":{"_acf_changed":false,"_monsterinsights_skip_tracking":false,"slim_seo":{"title":"Cancela Senado festejos del Centenario de la Constituci\u00f3n - Opini\u00f3n P\u00fablica","description":"En congruencia con el plan de austeridad, el Senado cancel\u00f3 la ceremonia por los festejos del centenario de la Constituci\u00f3n, que se realizar\u00eda en Quer\u00e9taro y en"},"footnotes":""},"categories":[9],"tags":[],"class_list":["post-11298","post","type-post","status-publish","format-standard","has-post-thumbnail","hentry","category-nacional"],"acf":[],"_links":{"self":[{"href":"https:\/\/www.opinionpublica.tv\/portada\/wp-json\/wp\/v2\/posts\/11298","targetHints":{"allow":["GET"]}}],"collection":[{"href":"https:\/\/www.opinionpublica.tv\/portada\/wp-json\/wp\/v2\/posts"}],"about":[{"href":"https:\/\/www.opinionpublica.tv\/portada\/wp-json\/wp\/v2\/types\/post"}],"author":[{"embeddable":true,"href":"https:\/\/www.opinionpublica.tv\/portada\/wp-json\/wp\/v2\/users\/6"}],"replies":[{"embeddable":true,"href":"https:\/\/www.opinionpublica.tv\/portada\/wp-json\/wp\/v2\/comments?post=11298"}],"version-history":[{"count":0,"href":"https:\/\/www.opinionpublica.tv\/portada\/wp-json\/wp\/v2\/posts\/11298\/revisions"}],"wp:featuredmedia":[{"embeddable":true,"href":"https:\/\/www.opinionpublica.tv\/portada\/wp-json\/wp\/v2\/media\/11297"}],"wp:attachment":[{"href":"https:\/\/www.opinionpublica.tv\/portada\/wp-json\/wp\/v2\/media?parent=11298"}],"wp:term":[{"taxonomy":"category","embeddable":true,"href":"https:\/\/www.opinionpublica.tv\/portada\/wp-json\/wp\/v2\/categories?post=11298"},{"taxonomy":"post_tag","embeddable":true,"href":"https:\/\/www.opinionpublica.tv\/portada\/wp-json\/wp\/v2\/tags?post=11298"}],"curies":[{"name":"wp","href":"https:\/\/api.w.org\/{rel}","templated":true}]}}