{"id":11292,"date":"2017-01-23T07:00:00","date_gmt":"2017-01-23T06:00:00","guid":{"rendered":"https:\/\/www.opinionpublica.tv\/portada\/2017\/01\/23\/julian-leyzaola-crimen-de-estado\/"},"modified":"2017-01-23T07:00:00","modified_gmt":"2017-01-23T06:00:00","slug":"julian-leyzaola-crimen-de-estado","status":"publish","type":"post","link":"https:\/\/www.opinionpublica.tv\/portada\/julian-leyzaola-crimen-de-estado\/","title":{"rendered":"Juli\u00e1n Leyzaola&#8230; \u00bfCrimen de Estado?"},"content":{"rendered":"<p style=\"text-align: justify;\">\u201c<em>&#8230;\u00a1Est\u00fapidos!, \u00a1Idiotas!, solo a ustedes se les pudo ocurrir dejar en manos de inexpertos el importante encargo encomendado, \u00a1son unos in\u00fatiles!&#8230;\u00bb,<\/em> explota iracundo el todav\u00eda hasta hace pocos meses poderoso personaje, r\u00e1pidamente venido a menos, ahora alarmantemente delgado por delicada intervenci\u00f3n quir\u00fargica, 20 kilos menos, realizada por el mismo competente cirujano que oper\u00f3 a \u201cEl Se\u00f1or de los Cielos\u201d, con la clara intenci\u00f3n de pasar desapercibido en las aduanas internacionales, ante la previsible alerta de Interpol, a partir de anunciadas denuncias penales, que en breve t\u00e9rmino podr\u00edan dejarlo detr\u00e1s de las rejas.<\/p>\n<p><!--more--><\/p>\n<p style=\"text-align: justify;\">\u201c<em>&#8230;No solo no terminaron con \u00e9l, sino que ahora permiten que estos aprendices de sicarios dejen al descubierto pistas importantes que nos pueden afectar a todos&#8230;\u00bb<\/em><\/p>\n<p style=\"text-align: justify;\">\u201c<em>&#8230;Las consecuencias ser\u00e1n impredecibles, ya Emilio me lo advirti\u00f3, est\u00e1n sobre de m\u00ed, ya todo cambi\u00f3, ahora pretenden que sea la segunda v\u00edctima propiciatoria despu\u00e9s del Duarte de Veracruz, lo cual es sin duda inaceptable, despu\u00e9s de todo lo que hice en favor de ellos, de todas las ganancias que les di, lo mismo al propio Emilio, a Luis, a Aurelio, y sin duda a Enrique, el gran simulador, el gran usufructuario de los acuerdos con los chinos, del fracking, de la liberaci\u00f3n de la gasolina, de los acuerdos secretos con Paul y Alejandra, \u00a1me enga\u00f1aron!&#8230;\u201d,<\/em> exclama ahora con indignaci\u00f3n mientras apura de un solo trago abundante copa de co\u00f1ac Remy Martin King Louis, en la penumbra de su solitaria prisi\u00f3n, que es realmente en lo que se ha convertido el elegante Penthouse del renombrado hotel en la vecina ciudad, colindante con la otrora metr\u00f3poli \u00abm\u00e1s violenta del mundo\u00bb, ante la azorada mirada de sus anteriores incondicionales, ahora cada vez m\u00e1s en mayor duda de su antigua lealtad.<\/p>\n<p style=\"text-align: justify;\">\u201c<em>&#8230;Leyzaola fue siempre un gran farsante quien jam\u00e1s resolvi\u00f3 nada en Tijuana, un superh\u00e9roe de pacotilla, como acertadamente lo describi\u00f3 Carlitos Salas, magistral embaucador de quien por fortuna me pude deshacer a tiempo, cuando ya eran inaceptables sus desmedidas exigencias de indebidos beneficios en los penales certificados, a trav\u00e9s de su socio \u00abTrincolas\u00bb Fern\u00e1ndez, quien ya lucraba sin l\u00edmite con los comedores de estos Centros de Rehabilitaci\u00f3n, dej\u00e1ndome s\u00f3lo una miserable participaci\u00f3n, sin entender que era yo quien hacia posible sus fabulosas ganancias&#8230;\u201d,<\/em> reflexiona meditabundo m\u00e1s para s\u00ed que de cara a sus obsequiosos visitantes.<\/p>\n<p style=\"text-align: justify;\"><em>\u201c&#8230;A m\u00ed, Leyzaola nunca me enga\u00f1\u00f3 con sus supuestas estrategias de sectorizaci\u00f3n y sus aires de \u00abredentor social\u00bb, que s\u00f3lo encubr\u00edan su desmedida ambici\u00f3n de quedarse con todo el beneficio de las ganancias de los malhechores de Ciudad Ju\u00e1rez, a mis espaldas en complicidad con \u00abTeto\u00bb, mis amigos de La Mesa de Seguridad y de Ficosec me lo advirtieron, hab\u00eda que tomar medidas correctivas, faltaba m\u00e1s&#8230;\u201d,<\/em> afirma titubeante mientras trata innecesaria cuanto tard\u00edamente de justificarse ante sus anteriores empleados y ahora muy posiblemente traicioneros c\u00f3mplices, quienes lo ven con creciente desd\u00e9n, ya sin el glamour y la aureola del poder, ajenos los numerosos guardaespaldas y presurosos ujieres, prontos a satisfacer el m\u00e1s m\u00ednimo deseo del exigente gobernante.<\/p>\n<p style=\"text-align: justify;\">Las secuelas de los severos da\u00f1os a la espina dorsal a todas luces visible, el rid\u00edculo sombrerito de fieltro cubriendo la amplia calva, el temblor en la voz y la creciente inseguridad del lenguaje corporal, empeque\u00f1eciendo cada momento al otrora poderoso y ahora insignificante personaje, recrean un pat\u00e9tico cuadro de dif\u00edcil descripci\u00f3n, quiz\u00e1s el fiel reflejo de la p\u00e9rdida del poder, lejanos los violentos desplantes que tanto rencor y deseos de venganza originaron, especialmente en sus mismos correligionarios, quienes ahora se le voltean, exigiendo cambio de cartas, ansiosos de controlar nuevamente la disminuida nave tricolor.<\/p>\n<p style=\"text-align: justify;\">\u201c<em>&#8230;\u00bfQu\u00e9 no lo entienden?, la verdadera tranquilidad social la gener\u00e9 yo, \u00a1nadie m\u00e1s!, Chihuahua vivi\u00f3 seis a\u00f1os de bonanza y crecimiento econ\u00f3mico sin parang\u00f3n, mientras el resto del pa\u00eds se deshac\u00eda en pedazos, se requiri\u00f3 un breve t\u00e9rmino de pocas semanas para que el nuevo gobernador lo destruyera todo, a \u00e9l es a quien deben reclamarle las condiciones de desastre en que ahora se encuentran, \u00a1malagradecidos!&#8230;\u201d,<\/em> exclama con rencor y ya en evidente estado de embriaguez el pat\u00e9tico personaje, mientras su consorte le limpia presurosa la abundante saliva que le escurre por la comisura de los labios, no sin cierto gesto de creciente repulsi\u00f3n.<\/p>\n<p style=\"text-align: justify;\">\u00bfArrieros somos&#8230;?<\/p>\n","protected":false},"excerpt":{"rendered":"<p>\u201c&#8230;\u00a1Est\u00fapidos!, \u00a1Idiotas!, solo a ustedes se les pudo ocurrir dejar en manos de inexpertos el importante encargo encomendado, \u00a1son unos in\u00fatiles!&#8230;\u00bb, explota iracundo el todav\u00eda hasta hace pocos meses poderoso personaje, r\u00e1pidamente venido a menos, ahora alarmantemente delgado por delicada intervenci\u00f3n quir\u00fargica, 20 kilos menos, realizada por el mismo competente cirujano que oper\u00f3 a \u201cEl [&hellip;]<\/p>\n","protected":false},"author":6,"featured_media":0,"comment_status":"open","ping_status":"open","sticky":false,"template":"","format":"standard","meta":{"_acf_changed":false,"_monsterinsights_skip_tracking":false,"slim_seo":{"title":"Juli\u00e1n Leyzaola... \u00bfCrimen de Estado? - Opini\u00f3n P\u00fablica","description":"\u201c ...\u00a1Est\u00fapidos!, \u00a1Idiotas!, solo a ustedes se les pudo ocurrir dejar en manos de inexpertos el importante encargo encomendado, \u00a1son unos in\u00fatiles!...\", explota"},"footnotes":""},"categories":[29],"tags":[],"class_list":["post-11292","post","type-post","status-publish","format-standard","hentry","category-voces-libres"],"acf":[],"_links":{"self":[{"href":"https:\/\/www.opinionpublica.tv\/portada\/wp-json\/wp\/v2\/posts\/11292","targetHints":{"allow":["GET"]}}],"collection":[{"href":"https:\/\/www.opinionpublica.tv\/portada\/wp-json\/wp\/v2\/posts"}],"about":[{"href":"https:\/\/www.opinionpublica.tv\/portada\/wp-json\/wp\/v2\/types\/post"}],"author":[{"embeddable":true,"href":"https:\/\/www.opinionpublica.tv\/portada\/wp-json\/wp\/v2\/users\/6"}],"replies":[{"embeddable":true,"href":"https:\/\/www.opinionpublica.tv\/portada\/wp-json\/wp\/v2\/comments?post=11292"}],"version-history":[{"count":0,"href":"https:\/\/www.opinionpublica.tv\/portada\/wp-json\/wp\/v2\/posts\/11292\/revisions"}],"wp:attachment":[{"href":"https:\/\/www.opinionpublica.tv\/portada\/wp-json\/wp\/v2\/media?parent=11292"}],"wp:term":[{"taxonomy":"category","embeddable":true,"href":"https:\/\/www.opinionpublica.tv\/portada\/wp-json\/wp\/v2\/categories?post=11292"},{"taxonomy":"post_tag","embeddable":true,"href":"https:\/\/www.opinionpublica.tv\/portada\/wp-json\/wp\/v2\/tags?post=11292"}],"curies":[{"name":"wp","href":"https:\/\/api.w.org\/{rel}","templated":true}]}}