{"id":11267,"date":"2017-01-21T07:00:00","date_gmt":"2017-01-21T06:00:00","guid":{"rendered":"https:\/\/www.opinionpublica.tv\/portada\/2017\/01\/21\/anuncian-reunion-entre-pena-y-trump-para-fin-de-enero\/"},"modified":"2017-01-21T07:00:00","modified_gmt":"2017-01-21T06:00:00","slug":"anuncian-reunion-entre-pena-y-trump-para-fin-de-enero","status":"publish","type":"post","link":"https:\/\/www.opinionpublica.tv\/portada\/anuncian-reunion-entre-pena-y-trump-para-fin-de-enero\/","title":{"rendered":"Anuncian reuni\u00f3n entre Pe\u00f1a y Trump para fin de enero"},"content":{"rendered":"<p><img fetchpriority=\"high\" decoding=\"async\" class=\" size-full wp-image-11266\" src=\"https:\/\/www.opinionpublica.tv\/portada\/wp-content\/uploads\/2017\/01\/5c8604a837b8c8d1332f565f1134f20b.jpg\" alt=\"\" width=\"1024\" height=\"693\" srcset=\"https:\/\/www.opinionpublica.tv\/portada\/wp-content\/uploads\/2017\/01\/5c8604a837b8c8d1332f565f1134f20b.jpg 1024w, https:\/\/www.opinionpublica.tv\/portada\/wp-content\/uploads\/2017\/01\/5c8604a837b8c8d1332f565f1134f20b-300x203.jpg 300w, https:\/\/www.opinionpublica.tv\/portada\/wp-content\/uploads\/2017\/01\/5c8604a837b8c8d1332f565f1134f20b-768x520.jpg 768w\" sizes=\"(max-width: 1024px) 100vw, 1024px\" \/><br \/>\n<!--more--><\/p>\n<p style=\"text-align: justify;\">Este s\u00e1bado, un portavoz de la Casa Blanca inform\u00f3 que el presidente de los Estados Unidos, Donald Trump, recibir\u00e1 el 31 de enero a su hom\u00f3logo mexicano Enrique Pe\u00f1a Nieto.<\/p>\n<p style=\"text-align: justify;\">Cabe mencionar que el portavoz, Sean Spicer, se confundi\u00f3 y llam\u00f3 \u00abprimer ministro\u00bb al mandatario durante su anuncio.<\/p>\n<p style=\"text-align: justify;\">En su primera conferencia de prensa en la Casa Blanca, Spicer inform\u00f3 que Trump \u00abconvers\u00f3 con el primer ministro de M\u00e9xico, Pe\u00f1a Nieto, sobre una visita para hablar de comercio, inmigraci\u00f3n y seguridad. La visita ocurrir\u00e1 el 31 de enero\u201d. Hasta ahora se desconoce d\u00f3nde ocurrir\u00e1 la reuni\u00f3n.<\/p>\n<p style=\"text-align: justify;\">El portavoz agreg\u00f3 que la pr\u00f3xima semana Trump se reunir\u00e1 con la primer ministra brit\u00e1nica, Theresa May, aunque no especifico claramente la fecha de la visita de May.<\/p>\n<p style=\"text-align: justify;\">\u00abEl presidente dar\u00e1 la bienvenida el jueves al primer l\u00edder extranjero cuando Theresa May llegue a Washington el viernes\u00bb. Spicer no estuvo disponible para aclarar si el encuentro entre Trump y May ser\u00e1 el jueves o el viernes.<\/p>\n","protected":false},"excerpt":{"rendered":"","protected":false},"author":4,"featured_media":11266,"comment_status":"open","ping_status":"open","sticky":false,"template":"","format":"standard","meta":{"_acf_changed":false,"_monsterinsights_skip_tracking":false,"slim_seo":{"title":"Anuncian reuni\u00f3n entre Pe\u00f1a y Trump para fin de enero - Opini\u00f3n P\u00fablica","description":"Este s\u00e1bado, un portavoz de la Casa Blanca inform\u00f3 que el presidente de los Estados Unidos, Donald Trump, recibir\u00e1 el 31 de enero a su hom\u00f3logo mexicano Enrique"},"footnotes":""},"categories":[9],"tags":[],"class_list":["post-11267","post","type-post","status-publish","format-standard","has-post-thumbnail","hentry","category-nacional"],"acf":[],"_links":{"self":[{"href":"https:\/\/www.opinionpublica.tv\/portada\/wp-json\/wp\/v2\/posts\/11267","targetHints":{"allow":["GET"]}}],"collection":[{"href":"https:\/\/www.opinionpublica.tv\/portada\/wp-json\/wp\/v2\/posts"}],"about":[{"href":"https:\/\/www.opinionpublica.tv\/portada\/wp-json\/wp\/v2\/types\/post"}],"author":[{"embeddable":true,"href":"https:\/\/www.opinionpublica.tv\/portada\/wp-json\/wp\/v2\/users\/4"}],"replies":[{"embeddable":true,"href":"https:\/\/www.opinionpublica.tv\/portada\/wp-json\/wp\/v2\/comments?post=11267"}],"version-history":[{"count":0,"href":"https:\/\/www.opinionpublica.tv\/portada\/wp-json\/wp\/v2\/posts\/11267\/revisions"}],"wp:featuredmedia":[{"embeddable":true,"href":"https:\/\/www.opinionpublica.tv\/portada\/wp-json\/wp\/v2\/media\/11266"}],"wp:attachment":[{"href":"https:\/\/www.opinionpublica.tv\/portada\/wp-json\/wp\/v2\/media?parent=11267"}],"wp:term":[{"taxonomy":"category","embeddable":true,"href":"https:\/\/www.opinionpublica.tv\/portada\/wp-json\/wp\/v2\/categories?post=11267"},{"taxonomy":"post_tag","embeddable":true,"href":"https:\/\/www.opinionpublica.tv\/portada\/wp-json\/wp\/v2\/tags?post=11267"}],"curies":[{"name":"wp","href":"https:\/\/api.w.org\/{rel}","templated":true}]}}