{"id":11265,"date":"2017-01-21T07:00:00","date_gmt":"2017-01-21T06:00:00","guid":{"rendered":"https:\/\/www.opinionpublica.tv\/portada\/2017\/01\/21\/policia-ha-detenido-a-335-puchadores-en-20-dias\/"},"modified":"2017-01-21T07:00:00","modified_gmt":"2017-01-21T06:00:00","slug":"policia-ha-detenido-a-335-puchadores-en-20-dias","status":"publish","type":"post","link":"https:\/\/www.opinionpublica.tv\/portada\/policia-ha-detenido-a-335-puchadores-en-20-dias\/","title":{"rendered":"Polic\u00eda ha detenido a 335 \u201cpuchadores\u201d en 20 d\u00edas"},"content":{"rendered":"<p><img fetchpriority=\"high\" decoding=\"async\" class=\" size-full wp-image-11264\" src=\"https:\/\/www.opinionpublica.tv\/portada\/wp-content\/uploads\/2017\/01\/1be7253ab9fc17043811a023b7d4a845.jpg\" alt=\"\" width=\"700\" height=\"343\" srcset=\"https:\/\/www.opinionpublica.tv\/portada\/wp-content\/uploads\/2017\/01\/1be7253ab9fc17043811a023b7d4a845.jpg 700w, https:\/\/www.opinionpublica.tv\/portada\/wp-content\/uploads\/2017\/01\/1be7253ab9fc17043811a023b7d4a845-300x147.jpg 300w\" sizes=\"(max-width: 700px) 100vw, 700px\" \/><br \/>\n<!--more--><\/p>\n<p style=\"text-align: justify;\">Tan solo en los primeros 20 d\u00edas de 2017, la Polic\u00eda Municipal ha detenido a 335 narcomenudistas en la ciudad, y ha logrado el aseguramiento de 17 armas de fuego.<\/p>\n<p style=\"text-align: justify;\">El Secretario Interino de la Secretar\u00eda de Seguridad P\u00fablica, Sergio Almaraz Ortiz, dio a conocer esta informaci\u00f3n, destacando la fuerza con que han trabajado para combatir y prevenir el delito en esta frontera, particularmente el narcomenudeo.<\/p>\n<p style=\"text-align: justify;\">Coment\u00f3 que a pesar de las recientes ejecuciones, en las cuales los sicarios disparan en zonas comerciales o lugares p\u00fablicos, o realizan masacres en casa, la corporaci\u00f3n no se ha desestabilizado y mucho menos su plan de trabajo.<\/p>\n<p style=\"text-align: justify;\">Recalc\u00f3 que la violencia en la ciudad y el valle de Ju\u00e1rez se debe al trasiego, comercializaci\u00f3n, distribuci\u00f3n y control de las rutas de las drogas, como ocurri\u00f3 hace algunos a\u00f1os, por lo cual no se tomar\u00e1n a la ligera la detecci\u00f3n de estos delitos.<\/p>\n","protected":false},"excerpt":{"rendered":"","protected":false},"author":4,"featured_media":11264,"comment_status":"open","ping_status":"open","sticky":false,"template":"","format":"standard","meta":{"_acf_changed":false,"_monsterinsights_skip_tracking":false,"slim_seo":{"title":"Polic\u00eda ha detenido a 335 \u201cpuchadores\u201d en 20 d\u00edas - Opini\u00f3n P\u00fablica","description":"Tan solo en los primeros 20 d\u00edas de 2017, la Polic\u00eda Municipal ha detenido a 335 narcomenudistas en la ciudad, y ha logrado el aseguramiento de 17 armas de fueg"},"footnotes":""},"categories":[5],"tags":[],"class_list":["post-11265","post","type-post","status-publish","format-standard","has-post-thumbnail","hentry","category-frontera"],"acf":[],"_links":{"self":[{"href":"https:\/\/www.opinionpublica.tv\/portada\/wp-json\/wp\/v2\/posts\/11265","targetHints":{"allow":["GET"]}}],"collection":[{"href":"https:\/\/www.opinionpublica.tv\/portada\/wp-json\/wp\/v2\/posts"}],"about":[{"href":"https:\/\/www.opinionpublica.tv\/portada\/wp-json\/wp\/v2\/types\/post"}],"author":[{"embeddable":true,"href":"https:\/\/www.opinionpublica.tv\/portada\/wp-json\/wp\/v2\/users\/4"}],"replies":[{"embeddable":true,"href":"https:\/\/www.opinionpublica.tv\/portada\/wp-json\/wp\/v2\/comments?post=11265"}],"version-history":[{"count":0,"href":"https:\/\/www.opinionpublica.tv\/portada\/wp-json\/wp\/v2\/posts\/11265\/revisions"}],"wp:featuredmedia":[{"embeddable":true,"href":"https:\/\/www.opinionpublica.tv\/portada\/wp-json\/wp\/v2\/media\/11264"}],"wp:attachment":[{"href":"https:\/\/www.opinionpublica.tv\/portada\/wp-json\/wp\/v2\/media?parent=11265"}],"wp:term":[{"taxonomy":"category","embeddable":true,"href":"https:\/\/www.opinionpublica.tv\/portada\/wp-json\/wp\/v2\/categories?post=11265"},{"taxonomy":"post_tag","embeddable":true,"href":"https:\/\/www.opinionpublica.tv\/portada\/wp-json\/wp\/v2\/tags?post=11265"}],"curies":[{"name":"wp","href":"https:\/\/api.w.org\/{rel}","templated":true}]}}