{"id":11261,"date":"2017-01-21T07:00:00","date_gmt":"2017-01-21T06:00:00","guid":{"rendered":"https:\/\/www.opinionpublica.tv\/portada\/2017\/01\/21\/viento-derriba-arboles-y-espectaculares-en-la-entidad\/"},"modified":"2017-01-21T07:00:00","modified_gmt":"2017-01-21T06:00:00","slug":"viento-derriba-arboles-y-espectaculares-en-la-entidad","status":"publish","type":"post","link":"https:\/\/www.opinionpublica.tv\/portada\/viento-derriba-arboles-y-espectaculares-en-la-entidad\/","title":{"rendered":"Viento derriba \u00e1rboles y espectaculares en la entidad"},"content":{"rendered":"<p><img fetchpriority=\"high\" decoding=\"async\" class=\" size-full wp-image-11259\" src=\"https:\/\/www.opinionpublica.tv\/portada\/wp-content\/uploads\/2017\/01\/43be65894da4a3ba7ebc77cb9a72f0c8.jpg\" alt=\"\" width=\"852\" height=\"640\" srcset=\"https:\/\/www.opinionpublica.tv\/portada\/wp-content\/uploads\/2017\/01\/43be65894da4a3ba7ebc77cb9a72f0c8.jpg 852w, https:\/\/www.opinionpublica.tv\/portada\/wp-content\/uploads\/2017\/01\/43be65894da4a3ba7ebc77cb9a72f0c8-300x225.jpg 300w, https:\/\/www.opinionpublica.tv\/portada\/wp-content\/uploads\/2017\/01\/43be65894da4a3ba7ebc77cb9a72f0c8-768x577.jpg 768w\" sizes=\"(max-width: 852px) 100vw, 852px\" \/><br \/>\n<!--more--><\/p>\n<p style=\"text-align: justify;\">Este d\u00eda, una ola de fr\u00edo acompa\u00f1ada de fuertes r\u00e1fagas de viento llegaron al estado, y han causado estragos tanto en la carretera como las ciudades.<\/p>\n<p style=\"text-align: justify;\">Protecci\u00f3n Civil emiti\u00f3 alerta amarilla en la ciudad de Chihuahua por los fuertes vientos, mientras en Ciudad Ju\u00e1rez llego a alerta naranja por vientos acompa\u00f1ados de lluvia.<\/p>\n<p style=\"text-align: justify;\">El viento fue tan fuerte que, solo en la capital, logro derribar un espectacular de Wendy\u2019s, que cay\u00f3 sobre el establecimiento ubicado en el perif\u00e9rico De la Juventud y Francisco Villa. Otro espectacular aplasto un par de veh\u00edculos en las calles Pacheco y Rosales.<\/p>\n<p style=\"text-align: justify;\">Tambi\u00e9n se registr\u00f3 un sem\u00e1foro derribado, y una antena parab\u00f3lica a punto de ser derribada. A esto se suma la ca\u00edda de un \u00e1rbol sobre cables de la CFE, el derribo de una palmera, y otro espectacular tambaleando violentamente.<\/p>\n<p style=\"text-align: justify;\">En Ciudad Ju\u00e1rez se registr\u00f3 la ca\u00edda de un espectacular sobre dos camionetas en la avenida G\u00f3mez Mor\u00edn.<\/p>\n<p style=\"text-align: justify;\">Mientas no se report\u00f3 a ning\u00fan herido durante alguno de estos incidentes, Protecci\u00f3n Civil exhorto a la gente a no salir de sus casas si no es necesario, para evitar comprometer su seguridad en incidentes como los ya mencionados.<img decoding=\"async\" class=\" size-full wp-image-11260\" src=\"https:\/\/www.opinionpublica.tv\/portada\/wp-content\/uploads\/2017\/01\/Ene21GomezM.png\" width=\"794\" height=\"451\" srcset=\"https:\/\/www.opinionpublica.tv\/portada\/wp-content\/uploads\/2017\/01\/Ene21GomezM.png 794w, https:\/\/www.opinionpublica.tv\/portada\/wp-content\/uploads\/2017\/01\/Ene21GomezM-300x170.png 300w, https:\/\/www.opinionpublica.tv\/portada\/wp-content\/uploads\/2017\/01\/Ene21GomezM-768x436.png 768w\" sizes=\"(max-width: 794px) 100vw, 794px\" \/><\/p>\n","protected":false},"excerpt":{"rendered":"","protected":false},"author":4,"featured_media":11259,"comment_status":"open","ping_status":"open","sticky":false,"template":"","format":"standard","meta":{"_acf_changed":false,"_monsterinsights_skip_tracking":false,"slim_seo":{"title":"Viento derriba \u00e1rboles y espectaculares en la entidad - Opini\u00f3n P\u00fablica","description":"Este d\u00eda, una ola de fr\u00edo acompa\u00f1ada de fuertes r\u00e1fagas de viento llegaron al estado, y han causado estragos tanto en la carretera como las ciudades. Protecci\u00f3n"},"footnotes":""},"categories":[4],"tags":[],"class_list":["post-11261","post","type-post","status-publish","format-standard","has-post-thumbnail","hentry","category-pulsopolitico"],"acf":[],"_links":{"self":[{"href":"https:\/\/www.opinionpublica.tv\/portada\/wp-json\/wp\/v2\/posts\/11261","targetHints":{"allow":["GET"]}}],"collection":[{"href":"https:\/\/www.opinionpublica.tv\/portada\/wp-json\/wp\/v2\/posts"}],"about":[{"href":"https:\/\/www.opinionpublica.tv\/portada\/wp-json\/wp\/v2\/types\/post"}],"author":[{"embeddable":true,"href":"https:\/\/www.opinionpublica.tv\/portada\/wp-json\/wp\/v2\/users\/4"}],"replies":[{"embeddable":true,"href":"https:\/\/www.opinionpublica.tv\/portada\/wp-json\/wp\/v2\/comments?post=11261"}],"version-history":[{"count":0,"href":"https:\/\/www.opinionpublica.tv\/portada\/wp-json\/wp\/v2\/posts\/11261\/revisions"}],"wp:featuredmedia":[{"embeddable":true,"href":"https:\/\/www.opinionpublica.tv\/portada\/wp-json\/wp\/v2\/media\/11259"}],"wp:attachment":[{"href":"https:\/\/www.opinionpublica.tv\/portada\/wp-json\/wp\/v2\/media?parent=11261"}],"wp:term":[{"taxonomy":"category","embeddable":true,"href":"https:\/\/www.opinionpublica.tv\/portada\/wp-json\/wp\/v2\/categories?post=11261"},{"taxonomy":"post_tag","embeddable":true,"href":"https:\/\/www.opinionpublica.tv\/portada\/wp-json\/wp\/v2\/tags?post=11261"}],"curies":[{"name":"wp","href":"https:\/\/api.w.org\/{rel}","templated":true}]}}