{"id":11258,"date":"2017-01-21T07:00:00","date_gmt":"2017-01-21T06:00:00","guid":{"rendered":"https:\/\/www.opinionpublica.tv\/portada\/2017\/01\/21\/llega-frente-frio-al-estado-trae-nieve-y-vientos-fuertes\/"},"modified":"2017-01-21T07:00:00","modified_gmt":"2017-01-21T06:00:00","slug":"llega-frente-frio-al-estado-trae-nieve-y-vientos-fuertes","status":"publish","type":"post","link":"https:\/\/www.opinionpublica.tv\/portada\/llega-frente-frio-al-estado-trae-nieve-y-vientos-fuertes\/","title":{"rendered":"Llega frente fr\u00edo al estado; trae nieve y vientos fuertes"},"content":{"rendered":"<p><img fetchpriority=\"high\" decoding=\"async\" class=\" size-full wp-image-11257\" src=\"https:\/\/www.opinionpublica.tv\/portada\/wp-content\/uploads\/2017\/01\/6cb9db145574ef4172342e43118f19ee.jpg\" alt=\"\" width=\"960\" height=\"542\" srcset=\"https:\/\/www.opinionpublica.tv\/portada\/wp-content\/uploads\/2017\/01\/6cb9db145574ef4172342e43118f19ee.jpg 960w, https:\/\/www.opinionpublica.tv\/portada\/wp-content\/uploads\/2017\/01\/6cb9db145574ef4172342e43118f19ee-300x169.jpg 300w, https:\/\/www.opinionpublica.tv\/portada\/wp-content\/uploads\/2017\/01\/6cb9db145574ef4172342e43118f19ee-768x434.jpg 768w\" sizes=\"(max-width: 960px) 100vw, 960px\" \/><br \/>\n<!--more--><\/p>\n<p style=\"text-align: justify;\">Debido al brusco cambio de clima a lo largo de la entidad, las autoridades estatales reportaron la ca\u00edda de nieve en once municipios, y agua nieve en otros ocho.<\/p>\n<p style=\"text-align: justify;\">Los municipios con nieve son: Janos, Madera, G\u00f3mez Far\u00edas, Bach\u00edniva, Guerrero, Bocoyna, Ocampo, Maguarichi, Urique, Guachochi, y Uruachi.<\/p>\n<p style=\"text-align: justify;\">A su vez, 25 localidades recibieron potentes r\u00e1fagas de viento, que llegaron a superar los de 80 kil\u00f3metros por hora. Otras 39 registraron temperaturas de entre cero y 13 grados, mientras en veinte el term\u00f3metro marco climas bajo cero.<\/p>\n<p style=\"text-align: justify;\">Ocho tramos carreteros fueron cerrados; cinco por nieve, dos por fuertes vientos y uno por la presencia de hielo. A su vez, el servicio de energ\u00eda el\u00e9ctrica fue interrumpido por ocho horas en cinco municipios.<\/p>\n<p style=\"text-align: justify;\">Hasta el momento se han acumulado 82 reportes de incidentes por vientos fuertes, seis accidentes en carreteras por alcances debido a la poca visibilidad y dos incendios; uno forestal y otro de un cami\u00f3n de pasajeros.<\/p>\n","protected":false},"excerpt":{"rendered":"","protected":false},"author":4,"featured_media":11257,"comment_status":"open","ping_status":"open","sticky":false,"template":"","format":"standard","meta":{"_acf_changed":false,"_monsterinsights_skip_tracking":false,"slim_seo":{"title":"Llega frente fr\u00edo al estado; trae nieve y vientos fuertes - Opini\u00f3n P\u00fablica","description":"Debido al brusco cambio de clima a lo largo de la entidad, las autoridades estatales reportaron la ca\u00edda de nieve en once municipios, y agua nieve en otros ocho"},"footnotes":""},"categories":[4],"tags":[],"class_list":["post-11258","post","type-post","status-publish","format-standard","has-post-thumbnail","hentry","category-pulsopolitico"],"acf":[],"_links":{"self":[{"href":"https:\/\/www.opinionpublica.tv\/portada\/wp-json\/wp\/v2\/posts\/11258","targetHints":{"allow":["GET"]}}],"collection":[{"href":"https:\/\/www.opinionpublica.tv\/portada\/wp-json\/wp\/v2\/posts"}],"about":[{"href":"https:\/\/www.opinionpublica.tv\/portada\/wp-json\/wp\/v2\/types\/post"}],"author":[{"embeddable":true,"href":"https:\/\/www.opinionpublica.tv\/portada\/wp-json\/wp\/v2\/users\/4"}],"replies":[{"embeddable":true,"href":"https:\/\/www.opinionpublica.tv\/portada\/wp-json\/wp\/v2\/comments?post=11258"}],"version-history":[{"count":0,"href":"https:\/\/www.opinionpublica.tv\/portada\/wp-json\/wp\/v2\/posts\/11258\/revisions"}],"wp:featuredmedia":[{"embeddable":true,"href":"https:\/\/www.opinionpublica.tv\/portada\/wp-json\/wp\/v2\/media\/11257"}],"wp:attachment":[{"href":"https:\/\/www.opinionpublica.tv\/portada\/wp-json\/wp\/v2\/media?parent=11258"}],"wp:term":[{"taxonomy":"category","embeddable":true,"href":"https:\/\/www.opinionpublica.tv\/portada\/wp-json\/wp\/v2\/categories?post=11258"},{"taxonomy":"post_tag","embeddable":true,"href":"https:\/\/www.opinionpublica.tv\/portada\/wp-json\/wp\/v2\/tags?post=11258"}],"curies":[{"name":"wp","href":"https:\/\/api.w.org\/{rel}","templated":true}]}}