{"id":11254,"date":"2017-01-20T07:00:00","date_gmt":"2017-01-20T06:00:00","guid":{"rendered":"https:\/\/www.opinionpublica.tv\/portada\/2017\/01\/20\/luego-de-discurso-de-trump-peso-recupera-terreno-frente-al-dolar\/"},"modified":"2017-01-20T07:00:00","modified_gmt":"2017-01-20T06:00:00","slug":"luego-de-discurso-de-trump-peso-recupera-terreno-frente-al-dolar","status":"publish","type":"post","link":"https:\/\/www.opinionpublica.tv\/portada\/luego-de-discurso-de-trump-peso-recupera-terreno-frente-al-dolar\/","title":{"rendered":"Luego de discurso de Trump, peso recupera terreno frente al d\u00f3lar"},"content":{"rendered":"<p><img fetchpriority=\"high\" decoding=\"async\" class=\" size-full wp-image-11253\" src=\"https:\/\/www.opinionpublica.tv\/portada\/wp-content\/uploads\/2017\/01\/c30a7655eefc55aa64bcdff3b7088d30.jpg\" alt=\"\" width=\"900\" height=\"550\" srcset=\"https:\/\/www.opinionpublica.tv\/portada\/wp-content\/uploads\/2017\/01\/c30a7655eefc55aa64bcdff3b7088d30.jpg 900w, https:\/\/www.opinionpublica.tv\/portada\/wp-content\/uploads\/2017\/01\/c30a7655eefc55aa64bcdff3b7088d30-300x183.jpg 300w, https:\/\/www.opinionpublica.tv\/portada\/wp-content\/uploads\/2017\/01\/c30a7655eefc55aa64bcdff3b7088d30-768x469.jpg 768w\" sizes=\"(max-width: 900px) 100vw, 900px\" \/><br \/>\n<!--more--><\/p>\n<p style=\"text-align: justify;\">El peso cerr\u00f3 la semana con una depreciaci\u00f3n de 1.79 por ciento (39 centavos), cotizando en alrededor de 21.56 pesos por d\u00f3lar, luego de una recuperaci\u00f3n parcial imprevista por la toma de protesta de Donald Trump como presidente de Estados Unidos.<\/p>\n<p style=\"text-align: justify;\">Banco Base indic\u00f3 que, aunque al cierre de la semana el tipo de cambio se alej\u00f3 de su m\u00e1ximo hist\u00f3rico, el mercado permanece en tensa calma, esperando posibles decretos presidenciales en relaci\u00f3n con el Tratado de Libre Comercio de Am\u00e9rica del Norte (TLCAN) la pr\u00f3xima semana.<\/p>\n<p style=\"text-align: justify;\">En dado caso de que transcurra un mes sin noticias relevantes sobre una renegociaci\u00f3n del TLCAN, el peso podr\u00eda apreciarse de forma m\u00e1s sostenida. No obstante, dicho escenario es poco probable.<\/p>\n<p style=\"text-align: justify;\">El grupo financiero sigue estimando que el tipo de cambio alcance nuevos m\u00e1ximos hist\u00f3ricos, debido a que el peso seguir\u00e1 sensible a las acciones y comentarios del presidente de Estados Unidos.<\/p>\n<p style=\"text-align: justify;\">Adem\u00e1s, los fundamentales macroecon\u00f3micos de M\u00e9xico se han deteriorado, apuntando una mayor probabilidad de depreciaci\u00f3n del peso.<\/p>\n<p style=\"text-align: justify;\">Agreg\u00f3 que en su discurso inaugural, Donald Trump mantuvo su ret\u00f3rica proteccionista al decir que \u201cla protecci\u00f3n conducir\u00e1 a una gran prosperidad y fortaleza\u201d a Estados Unidos.<\/p>\n<p style=\"text-align: justify;\">Ante ello, el grupo financiero coment\u00f3 que parece que el nuevo presidente ignora los principios b\u00e1sicos del comercio internacional, en donde se privilegian las ventajas comparativas para que, a trav\u00e9s de la cooperaci\u00f3n, todas las partes se vean favorecidas.<\/p>\n<p style=\"text-align: justify;\">En consecuencia, existe el riesgo de que el camino que planea seguir Trump en materia comercial tenga consecuencias econ\u00f3micas adversas en el mediano plazo para la misma econom\u00eda estadunidense y sus principales socios.<\/p>\n<p style=\"text-align: justify;\">\u00a0<\/p>\n<p style=\"text-align: justify;\">Con informaci\u00f3n de La Jornada<\/p>\n","protected":false},"excerpt":{"rendered":"","protected":false},"author":4,"featured_media":11253,"comment_status":"open","ping_status":"open","sticky":false,"template":"","format":"standard","meta":{"_acf_changed":false,"_monsterinsights_skip_tracking":false,"slim_seo":{"title":"Luego de discurso de Trump, peso recupera terreno frente al d\u00f3lar - Opini\u00f3n P\u00fablica","description":"El peso cerr\u00f3 la semana con una depreciaci\u00f3n de 1.79 por ciento (39 centavos), cotizando en alrededor de 21.56 pesos por d\u00f3lar, luego de una recuperaci\u00f3n parcia"},"footnotes":""},"categories":[9],"tags":[],"class_list":["post-11254","post","type-post","status-publish","format-standard","has-post-thumbnail","hentry","category-nacional"],"acf":[],"_links":{"self":[{"href":"https:\/\/www.opinionpublica.tv\/portada\/wp-json\/wp\/v2\/posts\/11254","targetHints":{"allow":["GET"]}}],"collection":[{"href":"https:\/\/www.opinionpublica.tv\/portada\/wp-json\/wp\/v2\/posts"}],"about":[{"href":"https:\/\/www.opinionpublica.tv\/portada\/wp-json\/wp\/v2\/types\/post"}],"author":[{"embeddable":true,"href":"https:\/\/www.opinionpublica.tv\/portada\/wp-json\/wp\/v2\/users\/4"}],"replies":[{"embeddable":true,"href":"https:\/\/www.opinionpublica.tv\/portada\/wp-json\/wp\/v2\/comments?post=11254"}],"version-history":[{"count":0,"href":"https:\/\/www.opinionpublica.tv\/portada\/wp-json\/wp\/v2\/posts\/11254\/revisions"}],"wp:featuredmedia":[{"embeddable":true,"href":"https:\/\/www.opinionpublica.tv\/portada\/wp-json\/wp\/v2\/media\/11253"}],"wp:attachment":[{"href":"https:\/\/www.opinionpublica.tv\/portada\/wp-json\/wp\/v2\/media?parent=11254"}],"wp:term":[{"taxonomy":"category","embeddable":true,"href":"https:\/\/www.opinionpublica.tv\/portada\/wp-json\/wp\/v2\/categories?post=11254"},{"taxonomy":"post_tag","embeddable":true,"href":"https:\/\/www.opinionpublica.tv\/portada\/wp-json\/wp\/v2\/tags?post=11254"}],"curies":[{"name":"wp","href":"https:\/\/api.w.org\/{rel}","templated":true}]}}