{"id":11252,"date":"2017-01-20T07:00:00","date_gmt":"2017-01-20T06:00:00","guid":{"rendered":"https:\/\/www.opinionpublica.tv\/portada\/2017\/01\/20\/dialogar-sobre-tlcan-reducira-incertidumbre-meade\/"},"modified":"2017-01-20T07:00:00","modified_gmt":"2017-01-20T06:00:00","slug":"dialogar-sobre-tlcan-reducira-incertidumbre-meade","status":"publish","type":"post","link":"https:\/\/www.opinionpublica.tv\/portada\/dialogar-sobre-tlcan-reducira-incertidumbre-meade\/","title":{"rendered":"Dialogar sobre TLCAN reducir\u00e1 incertidumbre: Meade"},"content":{"rendered":"<p><img fetchpriority=\"high\" decoding=\"async\" class=\" size-full wp-image-11251\" src=\"https:\/\/www.opinionpublica.tv\/portada\/wp-content\/uploads\/2017\/01\/7cb0cf0ceae296774216300a63c68416.jpg\" alt=\"\" width=\"1024\" height=\"682\" srcset=\"https:\/\/www.opinionpublica.tv\/portada\/wp-content\/uploads\/2017\/01\/7cb0cf0ceae296774216300a63c68416.jpg 1024w, https:\/\/www.opinionpublica.tv\/portada\/wp-content\/uploads\/2017\/01\/7cb0cf0ceae296774216300a63c68416-300x200.jpg 300w, https:\/\/www.opinionpublica.tv\/portada\/wp-content\/uploads\/2017\/01\/7cb0cf0ceae296774216300a63c68416-768x512.jpg 768w\" sizes=\"(max-width: 1024px) 100vw, 1024px\" \/><br \/>\n<!--more--><\/p>\n<p style=\"text-align: justify;\">Iniciar pronto la negociaci\u00f3n en torno a la actualizaci\u00f3n del Tratado de Libre Comercio de Am\u00e9rica del Norte (TLCAN) ser\u00e1 de ayuda para reducir la incertidumbre financiera, declar\u00f3 el secretario de Hacienda y Cr\u00e9dito P\u00fablico, Jos\u00e9 Antonio Meade.<\/p>\n<p style=\"text-align: justify;\">Declar\u00f3 que iniciar las pl\u00e1ticas sobre el TLCAN lo m\u00e1s pronto posible reducir\u00e1 la incertidumbre, lo cual ser\u00eda buena noticia para todos los pa\u00edses que integran el tratado. Agreg\u00f3 que ser\u00eda positivo que, desde la primera semana del nuevo gobierno de los Estados Unidos, se entablen conversaciones entre altos funcionarios de EU, M\u00e9xico y Canad\u00e1.<\/p>\n<p style=\"text-align: justify;\">A\u00f1adi\u00f3 que conforme se vayan delimitando los temas de inter\u00e9s de cada pa\u00eds y se manden se\u00f1ales claras a los mercados de los temas que se estar\u00e1n discutiendo, habr\u00e1 mayores elementos que generen tranquilidad.<\/p>\n<p style=\"text-align: justify;\">\u201cEstamos convencidos de que despu\u00e9s de 22 a\u00f1os habr\u00e1 espacio en buena fe, habr\u00e1 espacio en la convicci\u00f3n y en la defensa de los intereses de cada uno de los tres pa\u00edses, de encontrar arreglos en donde los trabajadores mexicanos, los trabajadores americanos y los trabajadores canadienses est\u00e9n mejor\u201d.<\/p>\n","protected":false},"excerpt":{"rendered":"","protected":false},"author":4,"featured_media":11251,"comment_status":"open","ping_status":"open","sticky":false,"template":"","format":"standard","meta":{"_acf_changed":false,"_monsterinsights_skip_tracking":false,"slim_seo":{"title":"Dialogar sobre TLCAN reducir\u00e1 incertidumbre: Meade - Opini\u00f3n P\u00fablica","description":"Iniciar pronto la negociaci\u00f3n en torno a la actualizaci\u00f3n del Tratado de Libre Comercio de Am\u00e9rica del Norte (TLCAN) ser\u00e1 de ayuda para reducir la incertidumbre"},"footnotes":""},"categories":[9],"tags":[],"class_list":["post-11252","post","type-post","status-publish","format-standard","has-post-thumbnail","hentry","category-nacional"],"acf":[],"_links":{"self":[{"href":"https:\/\/www.opinionpublica.tv\/portada\/wp-json\/wp\/v2\/posts\/11252","targetHints":{"allow":["GET"]}}],"collection":[{"href":"https:\/\/www.opinionpublica.tv\/portada\/wp-json\/wp\/v2\/posts"}],"about":[{"href":"https:\/\/www.opinionpublica.tv\/portada\/wp-json\/wp\/v2\/types\/post"}],"author":[{"embeddable":true,"href":"https:\/\/www.opinionpublica.tv\/portada\/wp-json\/wp\/v2\/users\/4"}],"replies":[{"embeddable":true,"href":"https:\/\/www.opinionpublica.tv\/portada\/wp-json\/wp\/v2\/comments?post=11252"}],"version-history":[{"count":0,"href":"https:\/\/www.opinionpublica.tv\/portada\/wp-json\/wp\/v2\/posts\/11252\/revisions"}],"wp:featuredmedia":[{"embeddable":true,"href":"https:\/\/www.opinionpublica.tv\/portada\/wp-json\/wp\/v2\/media\/11251"}],"wp:attachment":[{"href":"https:\/\/www.opinionpublica.tv\/portada\/wp-json\/wp\/v2\/media?parent=11252"}],"wp:term":[{"taxonomy":"category","embeddable":true,"href":"https:\/\/www.opinionpublica.tv\/portada\/wp-json\/wp\/v2\/categories?post=11252"},{"taxonomy":"post_tag","embeddable":true,"href":"https:\/\/www.opinionpublica.tv\/portada\/wp-json\/wp\/v2\/tags?post=11252"}],"curies":[{"name":"wp","href":"https:\/\/api.w.org\/{rel}","templated":true}]}}