{"id":11248,"date":"2017-01-20T07:00:00","date_gmt":"2017-01-20T06:00:00","guid":{"rendered":"https:\/\/www.opinionpublica.tv\/portada\/2017\/01\/20\/rechaza-sindicato-acuerdo-con-cobach\/"},"modified":"2017-01-20T07:00:00","modified_gmt":"2017-01-20T06:00:00","slug":"rechaza-sindicato-acuerdo-con-cobach","status":"publish","type":"post","link":"https:\/\/www.opinionpublica.tv\/portada\/rechaza-sindicato-acuerdo-con-cobach\/","title":{"rendered":"Rechaza Sindicato acuerdo con COBACH"},"content":{"rendered":"<p><img fetchpriority=\"high\" decoding=\"async\" class=\" size-full wp-image-11247\" src=\"https:\/\/www.opinionpublica.tv\/portada\/wp-content\/uploads\/2017\/01\/6b0a902b032aaa1b88c3c058a5206ebe.jpg\" alt=\"\" width=\"700\" height=\"410\" srcset=\"https:\/\/www.opinionpublica.tv\/portada\/wp-content\/uploads\/2017\/01\/6b0a902b032aaa1b88c3c058a5206ebe.jpg 700w, https:\/\/www.opinionpublica.tv\/portada\/wp-content\/uploads\/2017\/01\/6b0a902b032aaa1b88c3c058a5206ebe-300x176.jpg 300w\" sizes=\"(max-width: 700px) 100vw, 700px\" \/><br \/>\n<!--more--><\/p>\n<p style=\"text-align: justify;\">Luego de las protestas realizadas por el Sindicato de Trabajadores Acad\u00e9micos y Administrativos del COBACH, por el adeudo de la instituci\u00f3n con ellos, la Direcci\u00f3n General realiz\u00f3 un pago de 29 millones de pesos, correspondiente a la prestaci\u00f3n de homologaci\u00f3n.<\/p>\n<p style=\"text-align: justify;\">La Directora General del COBACH, Teresa Ortu\u00f1o Gurza, resalt\u00f3 que la realizaci\u00f3n de este pago fue notificada al secretario general del Sindicato, Jos\u00e9 Acu\u00f1a Peralta, as\u00ed como su compromiso de efectuar otro pago pendiente por bonos de fin de a\u00f1o en el transcurso de la pr\u00f3xima semana.<\/p>\n<p style=\"text-align: justify;\">Sin embargo, Acu\u00f1a Peralta rechaz\u00f3 esta oferta. Horas antes, Acu\u00f1a se\u00f1alo que eran 8 las prestaciones que le deb\u00eda COBACH al sindicato, por un monto superior a los 50 millones de pesos.<\/p>\n<p style=\"text-align: justify;\">\u201cEl l\u00edder sindical no quiso aceptar ning\u00fan ofrecimiento de la direcci\u00f3n general del COBACH para llegar a un acuerdo y evitar as\u00ed el paro, sin tomar en cuenta que los principales perjudicados ser\u00e1n los 45 mil estudiantes atendidos en todo el estado por la instituci\u00f3n\u201d, expres\u00f3 Ortu\u00f1o Gurza.<\/p>\n<p style=\"text-align: justify;\">La funcionaria resalt\u00f3 que el lunes 23 de enero, es la fecha de inicio formal de clases en todos los planteles en la entidad, por lo que hizo un llamado a los maestros de esta instituci\u00f3n, para continuar con el esfuerzo de dotar de buena educaci\u00f3n a los j\u00f3venes alumnos del Colegio de Bachilleres.<\/p>\n","protected":false},"excerpt":{"rendered":"","protected":false},"author":4,"featured_media":11247,"comment_status":"open","ping_status":"open","sticky":false,"template":"","format":"standard","meta":{"_acf_changed":false,"_monsterinsights_skip_tracking":false,"slim_seo":{"title":"Rechaza Sindicato acuerdo con COBACH - Opini\u00f3n P\u00fablica","description":"Luego de las protestas realizadas por el Sindicato de Trabajadores Acad\u00e9micos y Administrativos del COBACH, por el adeudo de la instituci\u00f3n con ellos, la Direcc"},"footnotes":""},"categories":[4],"tags":[],"class_list":["post-11248","post","type-post","status-publish","format-standard","has-post-thumbnail","hentry","category-pulsopolitico"],"acf":[],"_links":{"self":[{"href":"https:\/\/www.opinionpublica.tv\/portada\/wp-json\/wp\/v2\/posts\/11248","targetHints":{"allow":["GET"]}}],"collection":[{"href":"https:\/\/www.opinionpublica.tv\/portada\/wp-json\/wp\/v2\/posts"}],"about":[{"href":"https:\/\/www.opinionpublica.tv\/portada\/wp-json\/wp\/v2\/types\/post"}],"author":[{"embeddable":true,"href":"https:\/\/www.opinionpublica.tv\/portada\/wp-json\/wp\/v2\/users\/4"}],"replies":[{"embeddable":true,"href":"https:\/\/www.opinionpublica.tv\/portada\/wp-json\/wp\/v2\/comments?post=11248"}],"version-history":[{"count":0,"href":"https:\/\/www.opinionpublica.tv\/portada\/wp-json\/wp\/v2\/posts\/11248\/revisions"}],"wp:featuredmedia":[{"embeddable":true,"href":"https:\/\/www.opinionpublica.tv\/portada\/wp-json\/wp\/v2\/media\/11247"}],"wp:attachment":[{"href":"https:\/\/www.opinionpublica.tv\/portada\/wp-json\/wp\/v2\/media?parent=11248"}],"wp:term":[{"taxonomy":"category","embeddable":true,"href":"https:\/\/www.opinionpublica.tv\/portada\/wp-json\/wp\/v2\/categories?post=11248"},{"taxonomy":"post_tag","embeddable":true,"href":"https:\/\/www.opinionpublica.tv\/portada\/wp-json\/wp\/v2\/tags?post=11248"}],"curies":[{"name":"wp","href":"https:\/\/api.w.org\/{rel}","templated":true}]}}