{"id":11242,"date":"2017-01-20T07:00:00","date_gmt":"2017-01-20T06:00:00","guid":{"rendered":"https:\/\/www.opinionpublica.tv\/portada\/2017\/01\/20\/habra-paro-laboral-en-bachilleres-este-lunes-23\/"},"modified":"2017-01-20T07:00:00","modified_gmt":"2017-01-20T06:00:00","slug":"habra-paro-laboral-en-bachilleres-este-lunes-23","status":"publish","type":"post","link":"https:\/\/www.opinionpublica.tv\/portada\/habra-paro-laboral-en-bachilleres-este-lunes-23\/","title":{"rendered":"Habr\u00e1 paro laboral en Bachilleres este lunes 23"},"content":{"rendered":"<p><img fetchpriority=\"high\" decoding=\"async\" class=\" size-full wp-image-11241\" src=\"https:\/\/www.opinionpublica.tv\/portada\/wp-content\/uploads\/2017\/01\/770af84f1d6c7051d186894c23ee8248.jpg\" alt=\"\" width=\"699\" height=\"393\" srcset=\"https:\/\/www.opinionpublica.tv\/portada\/wp-content\/uploads\/2017\/01\/770af84f1d6c7051d186894c23ee8248.jpg 699w, https:\/\/www.opinionpublica.tv\/portada\/wp-content\/uploads\/2017\/01\/770af84f1d6c7051d186894c23ee8248-300x169.jpg 300w\" sizes=\"(max-width: 699px) 100vw, 699px\" \/><br \/>\n<!--more--><\/p>\n<p style=\"text-align: justify;\">Este viernes el Sindicato del Bachilleres termino sus relaciones con la Direcci\u00f3n del Colegio de Bachilleres en Chihuahua (COBACH), y anunci\u00f3 que realizar\u00e1n paro laboral el lunes en todos sus planteles.<\/p>\n<p style=\"text-align: justify;\">El sindicato argumento que \u00abla actual directora pone en riesgo la estabilidad de la instituci\u00f3n\u00bb.<\/p>\n<p style=\"text-align: justify;\">Durante una rueda de prensa, el secretario general del sindicato, Jos\u00e9 Acu\u00f1a, mencion\u00f3 que el Colegio les debe un total de 8 prestaciones con monto superior a los 50 millones de pesos. Algunas llevan vencidas desde septiembre, lo que plantea un riesgo econ\u00f3mico para los maestros.<\/p>\n<p style=\"text-align: justify;\">Acu\u00f1a inform\u00f3 que la instituci\u00f3n quiere pagarles en abonos, lo que \u201catenta contra la dignidad de los trabajadores\u201d.<\/p>\n<p style=\"text-align: justify;\">Mencion\u00f3 que llegaron a reunirse con la directora de COBACH, Teresa Ortu\u00f1o, pero no recibieron la respuesta que necesitaban, y que incluso buscaron una audiencia con el gobernador del estado, Javier Corral, pero no fueron recibidos.<\/p>\n","protected":false},"excerpt":{"rendered":"","protected":false},"author":4,"featured_media":11241,"comment_status":"open","ping_status":"open","sticky":false,"template":"","format":"standard","meta":{"_acf_changed":false,"_monsterinsights_skip_tracking":false,"slim_seo":{"title":"Habr\u00e1 paro laboral en Bachilleres este lunes 23 - Opini\u00f3n P\u00fablica","description":"Este viernes el Sindicato del Bachilleres termino sus relaciones con la Direcci\u00f3n del Colegio de Bachilleres en Chihuahua (COBACH), y anunci\u00f3 que realizar\u00e1n par"},"footnotes":""},"categories":[4],"tags":[],"class_list":["post-11242","post","type-post","status-publish","format-standard","has-post-thumbnail","hentry","category-pulsopolitico"],"acf":[],"_links":{"self":[{"href":"https:\/\/www.opinionpublica.tv\/portada\/wp-json\/wp\/v2\/posts\/11242","targetHints":{"allow":["GET"]}}],"collection":[{"href":"https:\/\/www.opinionpublica.tv\/portada\/wp-json\/wp\/v2\/posts"}],"about":[{"href":"https:\/\/www.opinionpublica.tv\/portada\/wp-json\/wp\/v2\/types\/post"}],"author":[{"embeddable":true,"href":"https:\/\/www.opinionpublica.tv\/portada\/wp-json\/wp\/v2\/users\/4"}],"replies":[{"embeddable":true,"href":"https:\/\/www.opinionpublica.tv\/portada\/wp-json\/wp\/v2\/comments?post=11242"}],"version-history":[{"count":0,"href":"https:\/\/www.opinionpublica.tv\/portada\/wp-json\/wp\/v2\/posts\/11242\/revisions"}],"wp:featuredmedia":[{"embeddable":true,"href":"https:\/\/www.opinionpublica.tv\/portada\/wp-json\/wp\/v2\/media\/11241"}],"wp:attachment":[{"href":"https:\/\/www.opinionpublica.tv\/portada\/wp-json\/wp\/v2\/media?parent=11242"}],"wp:term":[{"taxonomy":"category","embeddable":true,"href":"https:\/\/www.opinionpublica.tv\/portada\/wp-json\/wp\/v2\/categories?post=11242"},{"taxonomy":"post_tag","embeddable":true,"href":"https:\/\/www.opinionpublica.tv\/portada\/wp-json\/wp\/v2\/tags?post=11242"}],"curies":[{"name":"wp","href":"https:\/\/api.w.org\/{rel}","templated":true}]}}