{"id":11240,"date":"2017-01-20T07:00:00","date_gmt":"2017-01-20T06:00:00","guid":{"rendered":"https:\/\/www.opinionpublica.tv\/portada\/2017\/01\/20\/se-manifiesta-el-barzon-tomando-puentes-internacionales\/"},"modified":"2017-01-20T07:00:00","modified_gmt":"2017-01-20T06:00:00","slug":"se-manifiesta-el-barzon-tomando-puentes-internacionales","status":"publish","type":"post","link":"https:\/\/www.opinionpublica.tv\/portada\/se-manifiesta-el-barzon-tomando-puentes-internacionales\/","title":{"rendered":"Se manifiesta el Barz\u00f3n tomando puentes internacionales"},"content":{"rendered":"<p><img fetchpriority=\"high\" decoding=\"async\" class=\" size-full wp-image-11239\" src=\"https:\/\/www.opinionpublica.tv\/portada\/wp-content\/uploads\/2017\/01\/f8653a1e2fce434cbfd1b4765f74c04f.jpg\" alt=\"\" width=\"700\" height=\"394\" srcset=\"https:\/\/www.opinionpublica.tv\/portada\/wp-content\/uploads\/2017\/01\/f8653a1e2fce434cbfd1b4765f74c04f.jpg 700w, https:\/\/www.opinionpublica.tv\/portada\/wp-content\/uploads\/2017\/01\/f8653a1e2fce434cbfd1b4765f74c04f-300x169.jpg 300w\" sizes=\"(max-width: 700px) 100vw, 700px\" \/><br \/>\n<!--more--><\/p>\n<p style=\"text-align: justify;\">Este viernes, los puentes internacionales amanecieron tomados por integrantes del Barz\u00f3n, quienes bloquearon el paso en las v\u00edas comerciales como protesta contra el aumento a los precios de la gasolina.<\/p>\n<p style=\"text-align: justify;\">Sin embargo, los barzonistas permitieron la circulaci\u00f3n de los ciudadanos, pues decidieron hacer de esta una manifestaci\u00f3n pac\u00edfica, sin ocasionar destrozos en las instalaciones.<\/p>\n<p style=\"text-align: justify;\">Es l\u00edder del Barz\u00f3n declar\u00f3 que se tomaran las casetas de cobro, para dar paso libre y r\u00e1pido a quienes normalmente tendr\u00edan que pagar por entrar o salir de El Paso.<\/p>\n<p style=\"text-align: justify;\">Los puentes tomados son C\u00f3rdova- Am\u00e9ricas, Zaragoza, el cruce de Ojinaga y el de Palomas. Adem\u00e1s, planean tomar el cruce de Santa Teresa m\u00e1s tarde.<\/p>\n<p style=\"text-align: justify;\">Los bloqueos tambi\u00e9n est\u00e1n presentes en Tamaulipas, Laredo y Reynosa, y pretenden estar solo este d\u00eda hasta la tarde, con el fin de llamar la atenci\u00f3n de parte del gobierno para que tomen acciones en cuanto a estos temas y que ayuden a la ciudadan\u00eda.<\/p>\n<p style=\"text-align: justify;\">El grupo de manifestantes est\u00e1 conformado tanto por campesinos como por miembros de la sociedad civil. Se estima que hay alrededor de 1,500 personas participando en estos bloqueos tan solo en el estado de Chihuahua.<\/p>\n","protected":false},"excerpt":{"rendered":"","protected":false},"author":4,"featured_media":11239,"comment_status":"open","ping_status":"open","sticky":false,"template":"","format":"standard","meta":{"_acf_changed":false,"_monsterinsights_skip_tracking":false,"slim_seo":{"title":"Se manifiesta el Barz\u00f3n tomando puentes internacionales - Opini\u00f3n P\u00fablica","description":"Este viernes, los puentes internacionales amanecieron tomados por integrantes del Barz\u00f3n, quienes bloquearon el paso en las v\u00edas comerciales como protesta contr"},"footnotes":""},"categories":[5],"tags":[],"class_list":["post-11240","post","type-post","status-publish","format-standard","has-post-thumbnail","hentry","category-frontera"],"acf":[],"_links":{"self":[{"href":"https:\/\/www.opinionpublica.tv\/portada\/wp-json\/wp\/v2\/posts\/11240","targetHints":{"allow":["GET"]}}],"collection":[{"href":"https:\/\/www.opinionpublica.tv\/portada\/wp-json\/wp\/v2\/posts"}],"about":[{"href":"https:\/\/www.opinionpublica.tv\/portada\/wp-json\/wp\/v2\/types\/post"}],"author":[{"embeddable":true,"href":"https:\/\/www.opinionpublica.tv\/portada\/wp-json\/wp\/v2\/users\/4"}],"replies":[{"embeddable":true,"href":"https:\/\/www.opinionpublica.tv\/portada\/wp-json\/wp\/v2\/comments?post=11240"}],"version-history":[{"count":0,"href":"https:\/\/www.opinionpublica.tv\/portada\/wp-json\/wp\/v2\/posts\/11240\/revisions"}],"wp:featuredmedia":[{"embeddable":true,"href":"https:\/\/www.opinionpublica.tv\/portada\/wp-json\/wp\/v2\/media\/11239"}],"wp:attachment":[{"href":"https:\/\/www.opinionpublica.tv\/portada\/wp-json\/wp\/v2\/media?parent=11240"}],"wp:term":[{"taxonomy":"category","embeddable":true,"href":"https:\/\/www.opinionpublica.tv\/portada\/wp-json\/wp\/v2\/categories?post=11240"},{"taxonomy":"post_tag","embeddable":true,"href":"https:\/\/www.opinionpublica.tv\/portada\/wp-json\/wp\/v2\/tags?post=11240"}],"curies":[{"name":"wp","href":"https:\/\/api.w.org\/{rel}","templated":true}]}}