{"id":11238,"date":"2017-01-20T07:00:00","date_gmt":"2017-01-20T06:00:00","guid":{"rendered":"https:\/\/www.opinionpublica.tv\/portada\/2017\/01\/20\/toma-protesta-donald-trump-como-presidente-de-los-estados-unidos\/"},"modified":"2017-01-20T07:00:00","modified_gmt":"2017-01-20T06:00:00","slug":"toma-protesta-donald-trump-como-presidente-de-los-estados-unidos","status":"publish","type":"post","link":"https:\/\/www.opinionpublica.tv\/portada\/toma-protesta-donald-trump-como-presidente-de-los-estados-unidos\/","title":{"rendered":"Toma protesta Donald Trump como presidente de los Estados Unidos"},"content":{"rendered":"<p><img fetchpriority=\"high\" decoding=\"async\" class=\" size-full wp-image-11237\" src=\"https:\/\/www.opinionpublica.tv\/portada\/wp-content\/uploads\/2017\/01\/5419ef52eaa53110a32b804ed20b9866.jpg\" alt=\"\" width=\"620\" height=\"349\" srcset=\"https:\/\/www.opinionpublica.tv\/portada\/wp-content\/uploads\/2017\/01\/5419ef52eaa53110a32b804ed20b9866.jpg 620w, https:\/\/www.opinionpublica.tv\/portada\/wp-content\/uploads\/2017\/01\/5419ef52eaa53110a32b804ed20b9866-300x169.jpg 300w\" sizes=\"(max-width: 620px) 100vw, 620px\" \/><br \/>\n<!--more--><\/p>\n<p style=\"text-align: justify;\">Donald Trump se convirti\u00f3 en el 45 presidente de Estados Unidos. En las escalinatas del Capitolio el entrante mandatario jur\u00f3 su cargo como jefe de Estado sobre la tradicional biblia de Abraham Lincoln y otra m\u00e1s, una que le habr\u00eda regalado su madre. Michael Pence hizo lo propio minutos antes al jurar su cargo como vicepresidente de EU.<\/p>\n<p style=\"text-align: justify;\">Frente a dignatarios, como el expresidente George W. Bush, Bill Clinton y Jimmy Carter, as\u00ed como su oponente dem\u00f3crata Hillary Clinton, Trump tom\u00f3 posesi\u00f3n como mandatario.<\/p>\n<p style=\"text-align: justify;\">La ceremonia previa fue encabezada por el arzobispo Timothy Dolan y fue el juez de la Suprema Corte de Justicia, John Roberts, quien tom\u00f3 juramento al magnate neoyorquino.<\/p>\n<p style=\"text-align: justify;\">El evento de juramentaci\u00f3n ocurri\u00f3 en medio de protestas y algunos grupos de manifestantes quienes bloqueaban los accesos al Capitolio.<\/p>\n<p style=\"text-align: justify;\">Sin embargo, Trump fue recibido por sus simpatizantes con v\u00edtores y aplausos al llegar desde la cara oeste del Capitolio para jurar su cargo.<\/p>\n<p style=\"text-align: justify;\">En el escenario levantado para la ocasi\u00f3n se congrega la c\u00fapula de los tres poderes del Estado, as\u00ed como a la primera dama, Melania, la familia y allegados de Trump y el vicepresidente, Mike Pence.<\/p>\n<p style=\"text-align: justify;\">Bandas militares amenizan a los asistentes desde antes de empezar la ceremonia, mientras que la cantante de 16 a\u00f1os Jackie Evancho interpretar\u00e1 el himno nacional ante la concurrencia.<\/p>\n<p style=\"text-align: justify;\">Trump se convertir\u00e1 en el 45 presidente estadunidense un minuto despu\u00e9s del mediod\u00eda, dar\u00e1 un discurso inusualmente breve y desfilar\u00e1 por la Avenida Pensilvania hasta la Casa Blanca, donde todo debe estar listo para que comience su trabajo al frente del Ejecutivo y como Comandante en Jefe.<\/p>\n<p style=\"text-align: justify;\">\u00a0<\/p>\n<p style=\"text-align: justify;\">Por su parte, el presidente de M\u00e9xico, Enrique Pe\u00f1a Nieto, felicit\u00f3 a Trump por su toma de posesi\u00f3n. Pe\u00f1a Nieto dijo que ambos l\u00edderes establecer\u00e1n un di\u00e1logo respetuoso, en beneficio de M\u00e9xico.<\/p>\n<p style=\"text-align: justify;\">Por medio de su cuenta en Twitter, el jefe del Ejecutivo dijo que ambos mandatarios trabajar\u00e1n para fortalecer la relaci\u00f3n con responsabilidad compartida.<\/p>\n<p style=\"text-align: justify;\">\u201cEstableceremos un di\u00e1logo respetuoso con el gobierno del Presidente @realDonaldTrump, en beneficio de M\u00e9xico\u00bb, escribi\u00f3.<\/p>\n<p style=\"text-align: justify;\">Asimismo, destac\u00f3 que \u00abLa soberan\u00eda, el inter\u00e9s nacional y la protecci\u00f3n de los mexicanos guiar\u00e1n la relaci\u00f3n con el nuevo gobierno de Estados Unidos\u00bb.<\/p>\n<p style=\"text-align: justify;\">\u00a0<\/p>\n<p style=\"text-align: justify;\">Con informaci\u00f3n de Exc\u00e9lsior<\/p>\n","protected":false},"excerpt":{"rendered":"","protected":false},"author":4,"featured_media":11237,"comment_status":"open","ping_status":"open","sticky":false,"template":"","format":"standard","meta":{"_acf_changed":false,"_monsterinsights_skip_tracking":false,"slim_seo":{"title":"Toma protesta Donald Trump como presidente de los Estados Unidos - Opini\u00f3n P\u00fablica","description":"Donald Trump se convirti\u00f3 en el 45 presidente de Estados Unidos. En las escalinatas del Capitolio el entrante mandatario jur\u00f3 su cargo como jefe de Estado sobre"},"footnotes":""},"categories":[3],"tags":[],"class_list":["post-11238","post","type-post","status-publish","format-standard","has-post-thumbnail","hentry","category-principal"],"acf":[],"_links":{"self":[{"href":"https:\/\/www.opinionpublica.tv\/portada\/wp-json\/wp\/v2\/posts\/11238","targetHints":{"allow":["GET"]}}],"collection":[{"href":"https:\/\/www.opinionpublica.tv\/portada\/wp-json\/wp\/v2\/posts"}],"about":[{"href":"https:\/\/www.opinionpublica.tv\/portada\/wp-json\/wp\/v2\/types\/post"}],"author":[{"embeddable":true,"href":"https:\/\/www.opinionpublica.tv\/portada\/wp-json\/wp\/v2\/users\/4"}],"replies":[{"embeddable":true,"href":"https:\/\/www.opinionpublica.tv\/portada\/wp-json\/wp\/v2\/comments?post=11238"}],"version-history":[{"count":0,"href":"https:\/\/www.opinionpublica.tv\/portada\/wp-json\/wp\/v2\/posts\/11238\/revisions"}],"wp:featuredmedia":[{"embeddable":true,"href":"https:\/\/www.opinionpublica.tv\/portada\/wp-json\/wp\/v2\/media\/11237"}],"wp:attachment":[{"href":"https:\/\/www.opinionpublica.tv\/portada\/wp-json\/wp\/v2\/media?parent=11238"}],"wp:term":[{"taxonomy":"category","embeddable":true,"href":"https:\/\/www.opinionpublica.tv\/portada\/wp-json\/wp\/v2\/categories?post=11238"},{"taxonomy":"post_tag","embeddable":true,"href":"https:\/\/www.opinionpublica.tv\/portada\/wp-json\/wp\/v2\/tags?post=11238"}],"curies":[{"name":"wp","href":"https:\/\/api.w.org\/{rel}","templated":true}]}}