{"id":11236,"date":"2017-01-20T07:00:00","date_gmt":"2017-01-20T06:00:00","guid":{"rendered":"https:\/\/www.opinionpublica.tv\/portada\/2017\/01\/20\/efemerides-20-de-enero\/"},"modified":"2017-01-20T07:00:00","modified_gmt":"2017-01-20T06:00:00","slug":"efemerides-20-de-enero","status":"publish","type":"post","link":"https:\/\/www.opinionpublica.tv\/portada\/efemerides-20-de-enero\/","title":{"rendered":"Efem\u00e9rides 20 de Enero"},"content":{"rendered":"<img fetchpriority=\"high\" decoding=\"async\" class=\" size-full wp-image-11235\" src=\"https:\/\/www.opinionpublica.tv\/portada\/wp-content\/uploads\/2017\/01\/753ddb3ad2bc9df885c8a50bc4c8b9ff.jpg\" alt=\"\" class=\"caption\" title=\"Enrique de Upsala\" width=\"200\" height=\"340\" srcset=\"https:\/\/www.opinionpublica.tv\/portada\/wp-content\/uploads\/2017\/01\/753ddb3ad2bc9df885c8a50bc4c8b9ff.jpg 200w, https:\/\/www.opinionpublica.tv\/portada\/wp-content\/uploads\/2017\/01\/753ddb3ad2bc9df885c8a50bc4c8b9ff-176x300.jpg 176w\" sizes=\"(max-width: 200px) 100vw, 200px\" \/>\n<p style=\"text-align: justify;\">Es el vig\u00e9simo d\u00eda del a\u00f1o en el calendario gregoriano. Quedan 345 d\u00edas para finalizar el a\u00f1o y 346 en los a\u00f1os bisiestos.<\/p>\n<p><!--more--><\/p>\n<h2 style=\"text-align: justify;\"><span id=\"Acontecimientos\" class=\"mw-headline\">Acontecimientos<\/span><\/h2>\n<ul style=\"text-align: justify;\">\n<li><a title=\"648\" href=\"https:\/\/es.wikipedia.org\/wiki\/648\">648<\/a>: en <a title=\"Europa\" href=\"https:\/\/es.wikipedia.org\/wiki\/Europa\">Europa<\/a>, el rey <a class=\"mw-redirect\" title=\"Visigodo\" href=\"https:\/\/es.wikipedia.org\/wiki\/Visigodo\">visigodo<\/a> <a title=\"Chindasvinto\" href=\"https:\/\/es.wikipedia.org\/wiki\/Chindasvinto\">Chindasvinto<\/a>, instaura la monarqu\u00eda hereditaria en Hispania al asociar al trono a su hijo <a title=\"Recesvinto\" href=\"https:\/\/es.wikipedia.org\/wiki\/Recesvinto\">Recesvinto<\/a>.<\/li>\n<li><a title=\"1486\" href=\"https:\/\/es.wikipedia.org\/wiki\/1486\">1486<\/a>: <a title=\"Crist\u00f3bal Col\u00f3n\" href=\"https:\/\/es.wikipedia.org\/wiki\/Crist%C3%B3bal_Col%C3%B3n\">Crist\u00f3bal Col\u00f3n<\/a> se presenta en <a title=\"C\u00f3rdoba (Espa\u00f1a)\" href=\"https:\/\/es.wikipedia.org\/wiki\/C%C3%B3rdoba_(Espa%C3%B1a)\">C\u00f3rdoba<\/a> a los <a title=\"Reyes Cat\u00f3licos\" href=\"https:\/\/es.wikipedia.org\/wiki\/Reyes_Cat%C3%B3licos\">Reyes Cat\u00f3licos<\/a> y entra a su servicio.<\/li>\n<li><a title=\"1500\" href=\"https:\/\/es.wikipedia.org\/wiki\/1500\">1500<\/a>: el marino <a title=\"Vicente Y\u00e1\u00f1ez Pinz\u00f3n\" href=\"https:\/\/es.wikipedia.org\/wiki\/Vicente_Y%C3%A1%C3%B1ez_Pinz%C3%B3n\">Vicente Y\u00e1\u00f1ez Pinz\u00f3n<\/a> es el primer espa\u00f1ol que cruza el equinoccio sobre la costa atl\u00e1ntica americana hasta acceder al actual <a title=\"Brasil\" href=\"https:\/\/es.wikipedia.org\/wiki\/Brasil\">Brasil<\/a>.<\/li>\n<li><a title=\"1503\" href=\"https:\/\/es.wikipedia.org\/wiki\/1503\">1503<\/a>: se crea la <a class=\"mw-redirect\" title=\"Casa de Contrataci\u00f3n de Sevilla\" href=\"https:\/\/es.wikipedia.org\/wiki\/Casa_de_Contrataci%C3%B3n_de_Sevilla\">Casa de Contrataci\u00f3n de Sevilla<\/a>, encargada de organizar y controlar todo el servicio de transportes y de pasajeros entre el Nuevo y el Viejo Mundo.<\/li>\n<li><a title=\"1532\" href=\"https:\/\/es.wikipedia.org\/wiki\/1532\">1532<\/a>: en la regi\u00f3n de <a title=\"Zacatecas\" href=\"https:\/\/es.wikipedia.org\/wiki\/Zacatecas\">Zacatecas<\/a> (<a title=\"M\u00e9xico\" href=\"https:\/\/es.wikipedia.org\/wiki\/M%C3%A9xico\">M\u00e9xico<\/a>), los espa\u00f1oles Fernando y Francisco de Sa\u00edn fundan la <a title=\"Sa\u00edn Alto\" href=\"https:\/\/es.wikipedia.org\/wiki\/Sa%C3%ADn_Alto\">villa de San Sebasti\u00e1n<\/a>, hoy conocida como Sa\u00edn Alto.<\/li>\n<li><a title=\"1574\" href=\"https:\/\/es.wikipedia.org\/wiki\/1574\">1574<\/a>: en <a title=\"Per\u00fa\" href=\"https:\/\/es.wikipedia.org\/wiki\/Per%C3%BA\">Per\u00fa<\/a>, se funda la <a title=\"Huaraz\" href=\"https:\/\/es.wikipedia.org\/wiki\/Huaraz\">ciudad de Huaraz<\/a><\/li>\n<li><a title=\"1576\" href=\"https:\/\/es.wikipedia.org\/wiki\/1576\">1576<\/a>: en <a title=\"M\u00e9xico\" href=\"https:\/\/es.wikipedia.org\/wiki\/M%C3%A9xico\">M\u00e9xico<\/a> se funda la villa de <a title=\"Le\u00f3n (Guanajuato)\" href=\"https:\/\/es.wikipedia.org\/wiki\/Le%C3%B3n_(Guanajuato)\">Le\u00f3n<\/a>, como una guarnici\u00f3n para los espa\u00f1oles que se encontraban en guerra con los grupos de <a title=\"Chichimeca\" href=\"https:\/\/es.wikipedia.org\/wiki\/Chichimeca\">chichimecas<\/a> que poblaban la regi\u00f3n.<\/li>\n<li><a title=\"1722\" href=\"https:\/\/es.wikipedia.org\/wiki\/1722\">1722<\/a>: el <a title=\"Pr\u00edncipe de Asturias\" href=\"https:\/\/es.wikipedia.org\/wiki\/Pr%C3%ADncipe_de_Asturias\">pr\u00edncipe de Asturias<\/a>, <a title=\"Luis I de Espa\u00f1a\" href=\"https:\/\/es.wikipedia.org\/wiki\/Luis_I_de_Espa%C3%B1a\">Luis<\/a>, se casa con <a title=\"Luisa Isabel de Orleans\" href=\"https:\/\/es.wikipedia.org\/wiki\/Luisa_Isabel_de_Orleans\">Luisa Isabel de Orleans<\/a> para afianzar la alianza entre <a title=\"Francia\" href=\"https:\/\/es.wikipedia.org\/wiki\/Francia\">Francia<\/a> y <a title=\"Espa\u00f1a\" href=\"https:\/\/es.wikipedia.org\/wiki\/Espa%C3%B1a\">Espa\u00f1a<\/a>.<\/li>\n<li><a title=\"1783\" href=\"https:\/\/es.wikipedia.org\/wiki\/1783\">1783<\/a>: se firma entre <a title=\"Gran Breta\u00f1a\" href=\"https:\/\/es.wikipedia.org\/wiki\/Gran_Breta%C3%B1a\">Gran Breta\u00f1a<\/a>, <a title=\"Estados Unidos\" href=\"https:\/\/es.wikipedia.org\/wiki\/Estados_Unidos\">Estados Unidos<\/a>, <a title=\"Francia\" href=\"https:\/\/es.wikipedia.org\/wiki\/Francia\">Francia<\/a> y <a title=\"Espa\u00f1a\" href=\"https:\/\/es.wikipedia.org\/wiki\/Espa%C3%B1a\">Espa\u00f1a<\/a> los preliminares del acuerdo definitivo, llamado <a class=\"mw-redirect\" title=\"Tratado de Versalles (1783)\" href=\"https:\/\/es.wikipedia.org\/wiki\/Tratado_de_Versalles_(1783)\">Tratado de Versalles<\/a>, por el que se reconoce la independencia de las colonias brit\u00e1nicas americanas.<\/li>\n<li><a title=\"1807\" href=\"https:\/\/es.wikipedia.org\/wiki\/1807\">1807<\/a>: en las afueras de <a title=\"Montevideo\" href=\"https:\/\/es.wikipedia.org\/wiki\/Montevideo\">Montevideo<\/a> (Uruguay), las <a title=\"Imperio brit\u00e1nico\" href=\"https:\/\/es.wikipedia.org\/wiki\/Imperio_brit%C3%A1nico\">tropas brit\u00e1nicas<\/a> vencen en el <a class=\"mw-redirect\" title=\"Combate del Cardal\" href=\"https:\/\/es.wikipedia.org\/wiki\/Combate_del_Cardal\">combate del Cord\u00f3n<\/a> a las fuerzas de defensa, dej\u00e1ndoles un saldo de 200\u00a0muertos. Se inicia el <a title=\"Sitio de Montevideo de 1807\" href=\"https:\/\/es.wikipedia.org\/wiki\/Sitio_de_Montevideo_de_1807\">sitio de Montevideo<\/a>, durante la <a title=\"Segunda invasi\u00f3n inglesa al R\u00edo de la Plata\" href=\"https:\/\/es.wikipedia.org\/wiki\/Segunda_invasi%C3%B3n_inglesa_al_R%C3%ADo_de_la_Plata\">segunda invasi\u00f3n inglesa al R\u00edo de la Plata<\/a> (la <a class=\"mw-redirect\" title=\"Primera invasi\u00f3n inglesa al R\u00edo de la Plata\" href=\"https:\/\/es.wikipedia.org\/wiki\/Primera_invasi%C3%B3n_inglesa_al_R%C3%ADo_de_la_Plata\">primera<\/a> fue en 1806).<\/li>\n<li><a title=\"1830\" href=\"https:\/\/es.wikipedia.org\/wiki\/1830\">1830<\/a>: ante el Congreso reunido en <a title=\"Bogot\u00e1\" href=\"https:\/\/es.wikipedia.org\/wiki\/Bogot%C3%A1\">Bogot\u00e1<\/a>, el Libertador <a title=\"Sim\u00f3n Bol\u00edvar\" href=\"https:\/\/es.wikipedia.org\/wiki\/Sim%C3%B3n_Bol%C3%ADvar\">Sim\u00f3n Bol\u00edvar<\/a> hace en su mensaje un recuento de los sucesos ocurridos durante los dos \u00faltimos a\u00f1os, bosqueja la situaci\u00f3n de la Rep\u00fablica y presenta su renuncia al Poder Supremo.<\/li>\n<li><a title=\"1834\" href=\"https:\/\/es.wikipedia.org\/wiki\/1834\">1834<\/a>: en <a title=\"Espa\u00f1a\" href=\"https:\/\/es.wikipedia.org\/wiki\/Espa%C3%B1a\">Espa\u00f1a<\/a>, un decreto real suprime, de modo indirecto, la organizaci\u00f3n gremial.<\/li>\n<li><a title=\"1839\" href=\"https:\/\/es.wikipedia.org\/wiki\/1839\">1839<\/a>: en el marco de la <a title=\"Guerra contra la Confederaci\u00f3n Per\u00fa-Boliviana\" href=\"https:\/\/es.wikipedia.org\/wiki\/Guerra_contra_la_Confederaci%C3%B3n_Per%C3%BA-Boliviana\">Guerra entre la Confederaci\u00f3n Per\u00fa-Boliviana y el Ej\u00e9rcito Restaurador Chile-Per\u00fa<\/a>, se libra la <a title=\"Batalla de Yungay\" href=\"https:\/\/es.wikipedia.org\/wiki\/Batalla_de_Yungay\">Batalla de Yungay<\/a>.<\/li>\n<li><a title=\"1874\" href=\"https:\/\/es.wikipedia.org\/wiki\/1874\">1874<\/a>: fue atacada <a title=\"Ayerbe\" href=\"https:\/\/es.wikipedia.org\/wiki\/Ayerbe\">la Villa de Ayerbe<\/a> por la columna <a title=\"Carlismo\" href=\"https:\/\/es.wikipedia.org\/wiki\/Carlismo\">carlista<\/a> mandada por el Brigadier Don Manuel L\u00f3pez de Caracuel.<\/li>\n<li><a title=\"1906\" href=\"https:\/\/es.wikipedia.org\/wiki\/1906\">1906<\/a>: se extrae en la Premier Mine, cerca de <a title=\"Pretoria\" href=\"https:\/\/es.wikipedia.org\/wiki\/Pretoria\">Pretoria<\/a> (<a title=\"Sud\u00e1frica\" href=\"https:\/\/es.wikipedia.org\/wiki\/Sud%C3%A1frica\">Sud\u00e1frica<\/a>), el famoso diamante \u00abCullinan\u00bb, con un peso de 620\u00a0g antes de ser cortado.<\/li>\n<li><a title=\"1909\" href=\"https:\/\/es.wikipedia.org\/wiki\/1909\">1909<\/a>: en <a title=\"Espa\u00f1a\" href=\"https:\/\/es.wikipedia.org\/wiki\/Espa%C3%B1a\">Espa\u00f1a<\/a>, el <a class=\"mw-redirect\" title=\"Congreso de los Diputados de Espa\u00f1a\" href=\"https:\/\/es.wikipedia.org\/wiki\/Congreso_de_los_Diputados_de_Espa%C3%B1a\">Congreso de los Diputados<\/a> aprueba una ley por la que se proh\u00edbe la exportaci\u00f3n de obras de arte.<\/li>\n<li><a title=\"1917\" href=\"https:\/\/es.wikipedia.org\/wiki\/1917\">1917<\/a>: en <a title=\"Londres\" href=\"https:\/\/es.wikipedia.org\/wiki\/Londres\">Londres<\/a> (<a title=\"Inglaterra\" href=\"https:\/\/es.wikipedia.org\/wiki\/Inglaterra\">Inglaterra<\/a>) mueren ochenta personas tras la explosi\u00f3n de una f\u00e1brica de armamentos.<\/li>\n<li><a title=\"1925\" href=\"https:\/\/es.wikipedia.org\/wiki\/1925\">1925<\/a>: tras el <a class=\"mw-redirect\" title=\"Tratado de Pek\u00edn\" href=\"https:\/\/es.wikipedia.org\/wiki\/Tratado_de_Pek%C3%ADn\">Tratado de Pek\u00edn<\/a>, <a title=\"Jap\u00f3n\" href=\"https:\/\/es.wikipedia.org\/wiki\/Jap%C3%B3n\">Jap\u00f3n<\/a> reconoce a la <a title=\"Uni\u00f3n Sovi\u00e9tica\" href=\"https:\/\/es.wikipedia.org\/wiki\/Uni%C3%B3n_Sovi%C3%A9tica\">URSS<\/a> y le entrega la mitad norte de la <a title=\"Isla de Sajal\u00edn\" href=\"https:\/\/es.wikipedia.org\/wiki\/Isla_de_Sajal%C3%ADn\">isla de Sajal\u00edn<\/a>.<\/li>\n<li><a title=\"1927\" href=\"https:\/\/es.wikipedia.org\/wiki\/1927\">1927<\/a>: en <a title=\"Argentina\" href=\"https:\/\/es.wikipedia.org\/wiki\/Argentina\">Argentina<\/a> se funda en <a title=\"Concepci\u00f3n (Tucum\u00e1n)\" href=\"https:\/\/es.wikipedia.org\/wiki\/Concepci%C3%B3n_(Tucum%C3%A1n)\">Concepci\u00f3n<\/a>, <a class=\"mw-redirect\" title=\"Tucum\u00e1n\" href=\"https:\/\/es.wikipedia.org\/wiki\/Tucum%C3%A1n\">Tucum\u00e1n<\/a>, el <a title=\"Concepci\u00f3n F\u00fatbol Club\" href=\"https:\/\/es.wikipedia.org\/wiki\/Concepci%C3%B3n_F%C3%BAtbol_Club\">Concepci\u00f3n F\u00fatbol Club<\/a>.<\/li>\n<li><a title=\"1929\" href=\"https:\/\/es.wikipedia.org\/wiki\/1929\">1929<\/a>: <a class=\"mw-redirect\" title=\"Le\u00f3n Trotsky\" href=\"https:\/\/es.wikipedia.org\/wiki\/Le%C3%B3n_Trotsky\">Le\u00f3n Trotsky<\/a> es expulsado de la <a title=\"Uni\u00f3n Sovi\u00e9tica\" href=\"https:\/\/es.wikipedia.org\/wiki\/Uni%C3%B3n_Sovi%C3%A9tica\">URSS<\/a> y deportado a <a title=\"Turqu\u00eda\" href=\"https:\/\/es.wikipedia.org\/wiki\/Turqu%C3%ADa\">Turqu\u00eda<\/a>.<\/li>\n<li><a title=\"1936\" href=\"https:\/\/es.wikipedia.org\/wiki\/1936\">1936<\/a>: <a title=\"Eduardo VIII del Reino Unido\" href=\"https:\/\/es.wikipedia.org\/wiki\/Eduardo_VIII_del_Reino_Unido\">Eduardo VIII<\/a> es proclamado monarca del <a title=\"Reino Unido\" href=\"https:\/\/es.wikipedia.org\/wiki\/Reino_Unido\">Reino Unido<\/a> y Emperador de la <a title=\"India\" href=\"https:\/\/es.wikipedia.org\/wiki\/India\">India<\/a>.<\/li>\n<li><a title=\"1942\" href=\"https:\/\/es.wikipedia.org\/wiki\/1942\">1942<\/a>: <a class=\"mw-redirect\" title=\"II Guerra Mundial\" href=\"https:\/\/es.wikipedia.org\/wiki\/II_Guerra_Mundial\">II Guerra Mundial<\/a>: Altos dirigentes <a class=\"mw-redirect\" title=\"Nazi\" href=\"https:\/\/es.wikipedia.org\/wiki\/Nazi\">nazis<\/a> deciden la \u00absoluci\u00f3n final del problema jud\u00edo\u00bb en la llamada <a title=\"Conferencia de Wannsee\" href=\"https:\/\/es.wikipedia.org\/wiki\/Conferencia_de_Wannsee\">Conferencia de Wannsee<\/a>, celebrada en <a title=\"Wannsee\" href=\"https:\/\/es.wikipedia.org\/wiki\/Wannsee\">Wannsee<\/a>, cerca de <a title=\"Berl\u00edn\" href=\"https:\/\/es.wikipedia.org\/wiki\/Berl%C3%ADn\">Berl\u00edn<\/a>.<\/li>\n<li><a title=\"1943\" href=\"https:\/\/es.wikipedia.org\/wiki\/1943\">1943<\/a>: <a class=\"mw-redirect\" title=\"II Guerra Mundial\" href=\"https:\/\/es.wikipedia.org\/wiki\/II_Guerra_Mundial\">II Guerra Mundial<\/a>: <a title=\"Chile\" href=\"https:\/\/es.wikipedia.org\/wiki\/Chile\">Chile<\/a> rompe relaciones con los pa\u00edses miembro del <a class=\"mw-redirect\" title=\"Eje Roma-Berl\u00edn-Tokio\" href=\"https:\/\/es.wikipedia.org\/wiki\/Eje_Roma-Berl%C3%ADn-Tokio\">Eje<\/a>: <a title=\"Bulgaria\" href=\"https:\/\/es.wikipedia.org\/wiki\/Bulgaria\">Bulgaria<\/a>, <a title=\"Croacia\" href=\"https:\/\/es.wikipedia.org\/wiki\/Croacia\">Croacia<\/a>, <a title=\"Rumania\" href=\"https:\/\/es.wikipedia.org\/wiki\/Rumania\">Rumania<\/a>, <a title=\"Jap\u00f3n\" href=\"https:\/\/es.wikipedia.org\/wiki\/Jap%C3%B3n\">Jap\u00f3n<\/a>, <a title=\"Alemania\" href=\"https:\/\/es.wikipedia.org\/wiki\/Alemania\">Alemania<\/a> e <a title=\"Italia\" href=\"https:\/\/es.wikipedia.org\/wiki\/Italia\">Italia<\/a>.<\/li>\n<li><a title=\"1944\" href=\"https:\/\/es.wikipedia.org\/wiki\/1944\">1944<\/a>: <a class=\"mw-redirect\" title=\"II Guerra Mundial\" href=\"https:\/\/es.wikipedia.org\/wiki\/II_Guerra_Mundial\">II Guerra Mundial<\/a>: La aviaci\u00f3n <a title=\"Gran Breta\u00f1a\" href=\"https:\/\/es.wikipedia.org\/wiki\/Gran_Breta%C3%B1a\">brit\u00e1nica<\/a> lanza m\u00e1s de dos mil toneladas de bombas sobre <a title=\"Berl\u00edn\" href=\"https:\/\/es.wikipedia.org\/wiki\/Berl%C3%ADn\">Berl\u00edn<\/a>.<\/li>\n<li><a title=\"1948\" href=\"https:\/\/es.wikipedia.org\/wiki\/1948\">1948<\/a>: <a title=\"Resoluci\u00f3n 39 del Consejo de Seguridad de las Naciones Unidas\" href=\"https:\/\/es.wikipedia.org\/wiki\/Resoluci%C3%B3n_39_del_Consejo_de_Seguridad_de_las_Naciones_Unidas\">Resoluci\u00f3n 39 del Consejo de Seguridad de las Naciones Unidas<\/a> es adoptada.<\/li>\n<li><a title=\"1949\" href=\"https:\/\/es.wikipedia.org\/wiki\/1949\">1949<\/a>: <a title=\"Estados Unidos\" href=\"https:\/\/es.wikipedia.org\/wiki\/Estados_Unidos\">Estados Unidos<\/a>: <a title=\"Harry S. Truman\" href=\"https:\/\/es.wikipedia.org\/wiki\/Harry_S._Truman\">Harry S. Truman<\/a> desarrolla un programa de cuatro puntos para los pa\u00edses <i>econ\u00f3micamente atrasados<\/i>.<\/li>\n<li><a title=\"1950\" href=\"https:\/\/es.wikipedia.org\/wiki\/1950\">1950<\/a>: se concierta en <a title=\"Mosc\u00fa\" href=\"https:\/\/es.wikipedia.org\/wiki\/Mosc%C3%BA\">Mosc\u00fa<\/a> un tratado de amistad, de treinta a\u00f1os de duraci\u00f3n, entre la <a title=\"Uni\u00f3n Sovi\u00e9tica\" href=\"https:\/\/es.wikipedia.org\/wiki\/Uni%C3%B3n_Sovi%C3%A9tica\">URSS<\/a> y <a title=\"Rep\u00fablica Popular China\" href=\"https:\/\/es.wikipedia.org\/wiki\/Rep%C3%BAblica_Popular_China\">China<\/a>.<\/li>\n<li><a title=\"1952\" href=\"https:\/\/es.wikipedia.org\/wiki\/1952\">1952<\/a>: las tropas brit\u00e1nicas ocupan la ciudad egipcia de <a class=\"mw-redirect\" title=\"Ismailia\" href=\"https:\/\/es.wikipedia.org\/wiki\/Ismailia\">Ismailia<\/a>, fuera de la zona que les est\u00e1 reservada en el <a title=\"Canal de Suez\" href=\"https:\/\/es.wikipedia.org\/wiki\/Canal_de_Suez\">Canal de Suez<\/a>.<\/li>\n<li><a title=\"1953\" href=\"https:\/\/es.wikipedia.org\/wiki\/1953\">1953<\/a>: en Estados Unidos, <a title=\"Dwight D. Eisenhower\" href=\"https:\/\/es.wikipedia.org\/wiki\/Dwight_D._Eisenhower\">Dwight D. Eisenhower<\/a> asume el cargo de <a title=\"Presidente de los Estados Unidos\" href=\"https:\/\/es.wikipedia.org\/wiki\/Presidente_de_los_Estados_Unidos\">presidente<\/a>.<\/li>\n<li><a title=\"1956\" href=\"https:\/\/es.wikipedia.org\/wiki\/1956\">1956<\/a>: en Estados Unidos comienza a circular el primer tren de industria espa\u00f1ola (<a class=\"mw-redirect\" title=\"Talgo (tipo de tren)\" href=\"https:\/\/es.wikipedia.org\/wiki\/Talgo_(tipo_de_tren)\">Talgo<\/a>) entre <a title=\"Chicago\" href=\"https:\/\/es.wikipedia.org\/wiki\/Chicago\">Chicago<\/a> y <a title=\"Peoria (Illinois)\" href=\"https:\/\/es.wikipedia.org\/wiki\/Peoria_(Illinois)\">Peoria<\/a>.<\/li>\n<li><a title=\"1957\" href=\"https:\/\/es.wikipedia.org\/wiki\/1957\">1957<\/a>: en Estados Unidos, <a title=\"Dwight D. Eisenhower\" href=\"https:\/\/es.wikipedia.org\/wiki\/Dwight_D._Eisenhower\">Dwight D. Eisenhower<\/a> asume por segunda vez el cargo de <a title=\"Presidente de los Estados Unidos\" href=\"https:\/\/es.wikipedia.org\/wiki\/Presidente_de_los_Estados_Unidos\">presidente<\/a>.<\/li>\n<li><a title=\"1958\" href=\"https:\/\/es.wikipedia.org\/wiki\/1958\">1958<\/a>: se publica la primera aventura de <a title=\"Mortadelo y Filem\u00f3n\" href=\"https:\/\/es.wikipedia.org\/wiki\/Mortadelo_y_Filem%C3%B3n\">Mortadelo y Filem\u00f3n<\/a> en <a title=\"Pulgarcito (revista)\" href=\"https:\/\/es.wikipedia.org\/wiki\/Pulgarcito_(revista)\">Pulgarcito<\/a>.<\/li>\n<li><a title=\"1960\" href=\"https:\/\/es.wikipedia.org\/wiki\/1960\">1960<\/a>: en <a title=\"Espa\u00f1a\" href=\"https:\/\/es.wikipedia.org\/wiki\/Espa%C3%B1a\">Espa\u00f1a<\/a> se funda la <a title=\"Universidad de Navarra\" href=\"https:\/\/es.wikipedia.org\/wiki\/Universidad_de_Navarra\">Universidad de Navarra<\/a> del <a title=\"Opus Dei\" href=\"https:\/\/es.wikipedia.org\/wiki\/Opus_Dei\">Opus Dei<\/a>, en cuyo patrocinio participa un amplio capital catal\u00e1n.<\/li>\n<li><a title=\"1961\" href=\"https:\/\/es.wikipedia.org\/wiki\/1961\">1961<\/a>: en Estados Unidos, <a title=\"John F. Kennedy\" href=\"https:\/\/es.wikipedia.org\/wiki\/John_F._Kennedy\">John F. Kennedy<\/a> toma posesi\u00f3n del cargo de <a class=\"mw-redirect\" title=\"Presidente de Estados Unidos\" href=\"https:\/\/es.wikipedia.org\/wiki\/Presidente_de_Estados_Unidos\">presidente<\/a>.<\/li>\n<li><a title=\"1965\" href=\"https:\/\/es.wikipedia.org\/wiki\/1965\">1965<\/a>: en Estados Unidos, <a title=\"Lyndon B. Johnson\" href=\"https:\/\/es.wikipedia.org\/wiki\/Lyndon_B._Johnson\">Lyndon B. Johnson<\/a> toma posesi\u00f3n del cargo de <a class=\"mw-redirect\" title=\"Presidente de Estados Unidos\" href=\"https:\/\/es.wikipedia.org\/wiki\/Presidente_de_Estados_Unidos\">presidente<\/a>.<\/li>\n<li><a title=\"1968\" href=\"https:\/\/es.wikipedia.org\/wiki\/1968\">1968<\/a>: <a title=\"Colombia\" href=\"https:\/\/es.wikipedia.org\/wiki\/Colombia\">Colombia<\/a> reanuda las relaciones diplom\u00e1ticas con la <a class=\"mw-redirect\" title=\"URSS\" href=\"https:\/\/es.wikipedia.org\/wiki\/URSS\">URSS<\/a>.<\/li>\n<li><a title=\"1969\" href=\"https:\/\/es.wikipedia.org\/wiki\/1969\">1969<\/a>: en Estados Unidos, <a title=\"Richard Nixon\" href=\"https:\/\/es.wikipedia.org\/wiki\/Richard_Nixon\">Richard Nixon<\/a> asume la <a class=\"mw-redirect\" title=\"Presidente de Estados Unidos\" href=\"https:\/\/es.wikipedia.org\/wiki\/Presidente_de_Estados_Unidos\">presidencia<\/a>.<\/li>\n<li>1969: en <a title=\"Espa\u00f1a\" href=\"https:\/\/es.wikipedia.org\/wiki\/Espa%C3%B1a\">Espa\u00f1a<\/a>, grandes disturbios en las universidades despu\u00e9s de saberse de la muerte del estudiante <a title=\"Enrique Ruano\" href=\"https:\/\/es.wikipedia.org\/wiki\/Enrique_Ruano\">Enrique Ruano<\/a>.<\/li>\n<li><a title=\"1970\" href=\"https:\/\/es.wikipedia.org\/wiki\/1970\">1970<\/a>\u00a0: Se funda el <a class=\"mw-redirect\" title=\"Partido Bandera Roja\" href=\"https:\/\/es.wikipedia.org\/wiki\/Partido_Bandera_Roja\">partido Bandera Roja<\/a> (BR).<\/li>\n<li><a title=\"1972\" href=\"https:\/\/es.wikipedia.org\/wiki\/1972\">1972<\/a>: en <a title=\"Chile\" href=\"https:\/\/es.wikipedia.org\/wiki\/Chile\">Chile<\/a> el gobierno dimite en pleno para facilitar a <a title=\"Salvador Allende\" href=\"https:\/\/es.wikipedia.org\/wiki\/Salvador_Allende\">Salvador Allende<\/a> su reorganizaci\u00f3n.<\/li>\n<li><a title=\"1973\" href=\"https:\/\/es.wikipedia.org\/wiki\/1973\">1973<\/a>: en Estados Unidos, <a title=\"Richard Nixon\" href=\"https:\/\/es.wikipedia.org\/wiki\/Richard_Nixon\">Richard Nixon<\/a> asume por segunda vez la <a class=\"mw-redirect\" title=\"Presidente de Estados Unidos\" href=\"https:\/\/es.wikipedia.org\/wiki\/Presidente_de_Estados_Unidos\">presidencia<\/a>.<\/li>\n<li><a title=\"1976\" href=\"https:\/\/es.wikipedia.org\/wiki\/1976\">1976<\/a>: La <a title=\"Masacre de Damour\" href=\"https:\/\/es.wikipedia.org\/wiki\/Masacre_de_Damour\">Masacre de Damour<\/a> es.<\/li>\n<li><a title=\"1977\" href=\"https:\/\/es.wikipedia.org\/wiki\/1977\">1977<\/a>: en Estados Unidos, <a title=\"Jimmy Carter\" href=\"https:\/\/es.wikipedia.org\/wiki\/Jimmy_Carter\">Jimmy Carter<\/a> jura su cargo como <a title=\"Presidente de los Estados Unidos\" href=\"https:\/\/es.wikipedia.org\/wiki\/Presidente_de_los_Estados_Unidos\">presidente<\/a>.<\/li>\n<li><a title=\"1980\" href=\"https:\/\/es.wikipedia.org\/wiki\/1980\">1980<\/a>: en <a title=\"Alons\u00f3tegui\" href=\"https:\/\/es.wikipedia.org\/wiki\/Alons%C3%B3tegui\">Alons\u00f3tegui<\/a> (Pa\u00eds Vasco), <a class=\"mw-redirect\" title=\"Atentado de Alonsotegi\" href=\"https:\/\/es.wikipedia.org\/wiki\/Atentado_de_Alonsotegi\">explota una bomba<\/a> en un bar, que mata a cuatro civiles <a class=\"mw-redirect\" title=\"Nacionalistas vascos\" href=\"https:\/\/es.wikipedia.org\/wiki\/Nacionalistas_vascos\">nacionalistas vascos<\/a> y hiere a otros diez. Los <a title=\"Grupos Armados Espa\u00f1oles\" href=\"https:\/\/es.wikipedia.org\/wiki\/Grupos_Armados_Espa%C3%B1oles\">GAE<\/a> profranquistas se atribuyen el hecho (atentado de Alons\u00f3tegui).<\/li>\n<li>1980: el presidente estadounidense <a title=\"Jimmy Carter\" href=\"https:\/\/es.wikipedia.org\/wiki\/Jimmy_Carter\">Jimmy Carter<\/a> exige la suspensi\u00f3n de los <a title=\"Juegos Ol\u00edmpicos de Mosc\u00fa 1980\" href=\"https:\/\/es.wikipedia.org\/wiki\/Juegos_Ol%C3%ADmpicos_de_Mosc%C3%BA_1980\">Juegos Ol\u00edmpicos de Mosc\u00fa<\/a> si la <a title=\"Uni\u00f3n Sovi\u00e9tica\" href=\"https:\/\/es.wikipedia.org\/wiki\/Uni%C3%B3n_Sovi%C3%A9tica\">Uni\u00f3n Sovi\u00e9tica<\/a> no se retira de <a title=\"Afganist\u00e1n\" href=\"https:\/\/es.wikipedia.org\/wiki\/Afganist%C3%A1n\">Afganist\u00e1n<\/a> en el plazo de cuatro semanas.<\/li>\n<li><a title=\"1981\" href=\"https:\/\/es.wikipedia.org\/wiki\/1981\">1981<\/a>: en Estados Unidos, <a title=\"Ronald Reagan\" href=\"https:\/\/es.wikipedia.org\/wiki\/Ronald_Reagan\">Ronald Reagan<\/a> jura su cargo como <a title=\"Presidente de los Estados Unidos\" href=\"https:\/\/es.wikipedia.org\/wiki\/Presidente_de_los_Estados_Unidos\">presidente<\/a>.<\/li>\n<li><a title=\"1985\" href=\"https:\/\/es.wikipedia.org\/wiki\/1985\">1985<\/a>: en Estados Unidos, <a title=\"Ronald Reagan\" href=\"https:\/\/es.wikipedia.org\/wiki\/Ronald_Reagan\">Ronald Reagan<\/a> jura su cargo para un segundo mandato y anuncia su apoyo al proyecto de defensa estrat\u00e9gica, conocido popularmente como \u00abGuerra de la Galaxias\u00bb.<\/li>\n<li><a title=\"1986\" href=\"https:\/\/es.wikipedia.org\/wiki\/1986\">1986<\/a>: en Estados Unidos se celebra por primera vez el d\u00eda de <a title=\"Martin Luther King\" href=\"https:\/\/es.wikipedia.org\/wiki\/Martin_Luther_King\">Martin Luther King<\/a> como fiesta oficial.<\/li>\n<li><a title=\"1989\" href=\"https:\/\/es.wikipedia.org\/wiki\/1989\">1989<\/a>: en Estados Unidos, <a title=\"George H. W. Bush\" href=\"https:\/\/es.wikipedia.org\/wiki\/George_H._W._Bush\">George H. W. Bush<\/a> jura su cargo como <a title=\"Presidente de los Estados Unidos\" href=\"https:\/\/es.wikipedia.org\/wiki\/Presidente_de_los_Estados_Unidos\">Presidente de los Estados Unidos<\/a>.<\/li>\n<li><a title=\"1993\" href=\"https:\/\/es.wikipedia.org\/wiki\/1993\">1993<\/a>: en Estados Unidos, <a title=\"Bill Clinton\" href=\"https:\/\/es.wikipedia.org\/wiki\/Bill_Clinton\">Bill Clinton<\/a> asume como <a title=\"Presidente de los Estados Unidos\" href=\"https:\/\/es.wikipedia.org\/wiki\/Presidente_de_los_Estados_Unidos\">presidente<\/a>.<\/li>\n<li><a title=\"1994\" href=\"https:\/\/es.wikipedia.org\/wiki\/1994\">1994<\/a>: en <a title=\"Espa\u00f1a\" href=\"https:\/\/es.wikipedia.org\/wiki\/Espa%C3%B1a\">Espa\u00f1a<\/a>, <a title=\"Rafael \u00c1ngel Mart\u00ednez Gonz\u00e1lez\" href=\"https:\/\/es.wikipedia.org\/wiki\/Rafael_%C3%81ngel_Mart%C3%ADnez_Gonz%C3%A1lez\">Rafael \u00c1ngel Mart\u00ednez Gonz\u00e1lez<\/a>, es nombrado acad\u00e9mico de la <a title=\"Instituci\u00f3n Tello T\u00e9llez de Meneses\" href=\"https:\/\/es.wikipedia.org\/wiki\/Instituci%C3%B3n_Tello_T%C3%A9llez_de_Meneses\">Instituci\u00f3n Tello T\u00e9llez de Meneses<\/a>.<\/li>\n<li><a title=\"1996\" href=\"https:\/\/es.wikipedia.org\/wiki\/1996\">1996<\/a>: en los <a title=\"Territorios Palestinos\" href=\"https:\/\/es.wikipedia.org\/wiki\/Territorios_Palestinos\">Territorios Palestinos<\/a>, <a title=\"Yasir Arafat\" href=\"https:\/\/es.wikipedia.org\/wiki\/Yasir_Arafat\">Yasir Arafat<\/a> es elegido presidente de la <a title=\"Autoridad Nacional Palestina\" href=\"https:\/\/es.wikipedia.org\/wiki\/Autoridad_Nacional_Palestina\">Autoridad Nacional Palestina<\/a>.<\/li>\n<li><a title=\"1997\" href=\"https:\/\/es.wikipedia.org\/wiki\/1997\">1997<\/a>: el Gobierno del <a title=\"Zaire\" href=\"https:\/\/es.wikipedia.org\/wiki\/Zaire\">Zaire<\/a> declara la guerra a los rebeldes <a title=\"Tutsi\" href=\"https:\/\/es.wikipedia.org\/wiki\/Tutsi\">tutsis<\/a>.<\/li>\n<li><a title=\"1997\" href=\"https:\/\/es.wikipedia.org\/wiki\/1997\">1997<\/a>: en Estados Unidos, <a title=\"Bill Clinton\" href=\"https:\/\/es.wikipedia.org\/wiki\/Bill_Clinton\">Bill Clinton<\/a> asume por segunda vez como <a title=\"Presidente de los Estados Unidos\" href=\"https:\/\/es.wikipedia.org\/wiki\/Presidente_de_los_Estados_Unidos\">presidente<\/a>.<\/li>\n<li><a title=\"1998\" href=\"https:\/\/es.wikipedia.org\/wiki\/1998\">1998<\/a>: en <a title=\"Brasil\" href=\"https:\/\/es.wikipedia.org\/wiki\/Brasil\">Brasil<\/a> se crea el primer Banco Comunitario de Desarrollo, de nombre <a title=\"Banco Palmas\" href=\"https:\/\/es.wikipedia.org\/wiki\/Banco_Palmas\">Banco Palmas<\/a><\/li>\n<li><a title=\"2000\" href=\"https:\/\/es.wikipedia.org\/wiki\/2000\">2000<\/a>: en <a class=\"mw-redirect\" title=\"Continente americano\" href=\"https:\/\/es.wikipedia.org\/wiki\/Continente_americano\">continente americano<\/a> eclipse total de Luna, visible en las Am\u00e9ricas. Este fen\u00f3meno present\u00f3 77 minutos de totalidad, f\u00e1cilmente observado.<\/li>\n<li><a title=\"2001\" href=\"https:\/\/es.wikipedia.org\/wiki\/2001\">2001<\/a>: en Estados Unidos, <a title=\"George W. Bush\" href=\"https:\/\/es.wikipedia.org\/wiki\/George_W._Bush\">George W. Bush<\/a> toma posesi\u00f3n como <a title=\"Presidente de los Estados Unidos\" href=\"https:\/\/es.wikipedia.org\/wiki\/Presidente_de_los_Estados_Unidos\">presidente de los Estados Unidos<\/a>.<\/li>\n<li><a title=\"2005\" href=\"https:\/\/es.wikipedia.org\/wiki\/2005\">2005<\/a>: en Estados Unidos, <a title=\"George W. Bush\" href=\"https:\/\/es.wikipedia.org\/wiki\/George_W._Bush\">George W. Bush<\/a> toma posesi\u00f3n por segunda vez del cargo de presidente de los Estados Unidos.<\/li>\n<li><a title=\"2009\" href=\"https:\/\/es.wikipedia.org\/wiki\/2009\">2009<\/a>: <a title=\"Barack Obama\" href=\"https:\/\/es.wikipedia.org\/wiki\/Barack_Obama\">Barack Obama<\/a> se <a class=\"mw-redirect\" title=\"Inauguraci\u00f3n presidencial de Barack Obama\" href=\"https:\/\/es.wikipedia.org\/wiki\/Inauguraci%C3%B3n_presidencial_de_Barack_Obama\">convierte<\/a> en el 44.\u00ba <a title=\"Presidente de los Estados Unidos\" href=\"https:\/\/es.wikipedia.org\/wiki\/Presidente_de_los_Estados_Unidos\">presidente<\/a> de los <a title=\"Estados Unidos\" href=\"https:\/\/es.wikipedia.org\/wiki\/Estados_Unidos\">Estados Unidos<\/a>, el primer presidente <a title=\"Afroamericano\" href=\"https:\/\/es.wikipedia.org\/wiki\/Afroamericano\">afroamericano<\/a>.<\/li>\n<li><a title=\"2013\" href=\"https:\/\/es.wikipedia.org\/wiki\/2013\">2013<\/a>: en Estados Unidos, <a title=\"Barack Obama\" href=\"https:\/\/es.wikipedia.org\/wiki\/Barack_Obama\">Barack Obama<\/a> asume por segunda vez del cargo de presidente de los Estados Unidos.<\/li>\n<li><a title=\"2017\" href=\"https:\/\/es.wikipedia.org\/wiki\/2017\">2017<\/a>: en Estados Unidos, <a class=\"mw-redirect\" title=\"Donald John Trump\" href=\"https:\/\/es.wikipedia.org\/wiki\/Donald_John_Trump\">Donald Trump<\/a> se convierte en el 45\u00b0 presidente de los Estados Unidos.<\/li>\n<\/ul>\n<h2 style=\"text-align: justify;\"><span id=\"Nacimientos\" class=\"mw-headline\">Nacimientos<\/span><\/h2>\n<ul style=\"text-align: justify;\">\n<li><a title=\"225\" href=\"https:\/\/es.wikipedia.org\/wiki\/225\">225<\/a>: <a title=\"Gordiano III\" href=\"https:\/\/es.wikipedia.org\/wiki\/Gordiano_III\">Gordiano III<\/a>, emperador romano (f. 244).<\/li>\n<li><a title=\"1292\" href=\"https:\/\/es.wikipedia.org\/wiki\/1292\">1292<\/a>: <a title=\"Isabel I de Bohemia\" href=\"https:\/\/es.wikipedia.org\/wiki\/Isabel_I_de_Bohemia\">Isabel I<\/a>, reina de Bohemia (f. 1330).<\/li>\n<li><a title=\"1358\" href=\"https:\/\/es.wikipedia.org\/wiki\/1358\">1358<\/a>: <a class=\"mw-redirect\" title=\"Leonor de Arag\u00f3n y de Sicilia\" href=\"https:\/\/es.wikipedia.org\/wiki\/Leonor_de_Arag%C3%B3n_y_de_Sicilia\">Leonor de Arag\u00f3n y de Sicilia<\/a>, princesa aragonesa y reina consorte de <a title=\"Castilla\" href=\"https:\/\/es.wikipedia.org\/wiki\/Castilla\">Castilla<\/a> (f. 1382).<\/li>\n<li><a title=\"1435\" href=\"https:\/\/es.wikipedia.org\/wiki\/1435\">1435<\/a>: <a title=\"Ashikaga Yoshimasa\" href=\"https:\/\/es.wikipedia.org\/wiki\/Ashikaga_Yoshimasa\">Ashikaga Yoshimasa<\/a>, shogun japon\u00e9s (f. 1490).<\/li>\n<li><a title=\"1488\" href=\"https:\/\/es.wikipedia.org\/wiki\/1488\">1488<\/a>: <a title=\"Juan Jorge de Montferrato\" href=\"https:\/\/es.wikipedia.org\/wiki\/Juan_Jorge_de_Montferrato\">Juan Jorge de Montferrato<\/a>, marqu\u00e9s de Montferrato (f. 1533).<\/li>\n<li>1488: <a title=\"Sebastian M\u00fcnster\" href=\"https:\/\/es.wikipedia.org\/wiki\/Sebastian_M%C3%BCnster\">Sebastian M\u00fcnster<\/a>, astr\u00f3nomo alem\u00e1n (f. 1552).<\/li>\n<li><a title=\"1499\" href=\"https:\/\/es.wikipedia.org\/wiki\/1499\">1499<\/a>: <a title=\"Sebastian Franck\" href=\"https:\/\/es.wikipedia.org\/wiki\/Sebastian_Franck\">Sebastian Franck<\/a>, humanista alem\u00e1n (f. 1543).<\/li>\n<li><a title=\"1554\" href=\"https:\/\/es.wikipedia.org\/wiki\/1554\">1554<\/a>: <a title=\"Sebasti\u00e1n I de Portugal\" href=\"https:\/\/es.wikipedia.org\/wiki\/Sebasti%C3%A1n_I_de_Portugal\">Sebasti\u00e1n I<\/a>, rey portugu\u00e9s (f. 1578).<\/li>\n<li><a title=\"1586\" href=\"https:\/\/es.wikipedia.org\/wiki\/1586\">1586<\/a>: <a title=\"Johann Hermann Schein\" href=\"https:\/\/es.wikipedia.org\/wiki\/Johann_Hermann_Schein\">Johann Hermann Schein<\/a>, compositor alem\u00e1n (f. 1630).<\/li>\n<li><a title=\"1716\" href=\"https:\/\/es.wikipedia.org\/wiki\/1716\">1716<\/a>: <a title=\"Carlos III de Espa\u00f1a\" href=\"https:\/\/es.wikipedia.org\/wiki\/Carlos_III_de_Espa%C3%B1a\">Carlos III<\/a>, rey espa\u00f1ol (f. 1788).<\/li>\n<li><a title=\"1755\" href=\"https:\/\/es.wikipedia.org\/wiki\/1755\">1755<\/a>: <a title=\"Gregorio Hermida y Gamba\" href=\"https:\/\/es.wikipedia.org\/wiki\/Gregorio_Hermida_y_Gamba\">Gregorio Hermida y Gamba<\/a>, obispo espa\u00f1ol (f. 1814).<\/li>\n<li><a title=\"1775\" href=\"https:\/\/es.wikipedia.org\/wiki\/1775\">1775<\/a>: <a title=\"Andr\u00e9-Marie Amp\u00e8re\" href=\"https:\/\/es.wikipedia.org\/wiki\/Andr%C3%A9-Marie_Amp%C3%A8re\">Andr\u00e9-Marie Amp\u00e8re<\/a>, f\u00edsico y matem\u00e1tico franc\u00e9s (f. 1836).<\/li>\n<li><a title=\"1801\" href=\"https:\/\/es.wikipedia.org\/wiki\/1801\">1801<\/a>: <a title=\"Hippolythe Bayard\" href=\"https:\/\/es.wikipedia.org\/wiki\/Hippolythe_Bayard\">Hippolythe Bayard<\/a>, inventor franc\u00e9s (f. 1887).<\/li>\n<li><a title=\"1804\" href=\"https:\/\/es.wikipedia.org\/wiki\/1804\">1804<\/a>: <a title=\"Eug\u00e8ne Sue\" href=\"https:\/\/es.wikipedia.org\/wiki\/Eug%C3%A8ne_Sue\">Eug\u00e8ne Sue<\/a>, escritor franc\u00e9s (f. 1857).<\/li>\n<li><a title=\"1809\" href=\"https:\/\/es.wikipedia.org\/wiki\/1809\">1809<\/a>: <a title=\"Sebasti\u00e1n Iradier\" href=\"https:\/\/es.wikipedia.org\/wiki\/Sebasti%C3%A1n_Iradier\">Sebasti\u00e1n Iradier<\/a>, compositor espa\u00f1ol (f. 1865).<\/li>\n<li><a title=\"1821\" href=\"https:\/\/es.wikipedia.org\/wiki\/1821\">1821<\/a>: <a title=\"Vicente Herrera Zeled\u00f3n\" href=\"https:\/\/es.wikipedia.org\/wiki\/Vicente_Herrera_Zeled%C3%B3n\">Vicente Herrera Zeled\u00f3n<\/a>, pol\u00edtico costarricense (f. 1888).<\/li>\n<li><a title=\"1848\" href=\"https:\/\/es.wikipedia.org\/wiki\/1848\">1848<\/a>: <a title=\"Raimundo Fern\u00e1ndez Villaverde\" href=\"https:\/\/es.wikipedia.org\/wiki\/Raimundo_Fern%C3%A1ndez_Villaverde\">Raimundo Fern\u00e1ndez Villaverde<\/a>, pol\u00edtico espa\u00f1ol (f. 1905).<\/li>\n<li><a title=\"1855\" href=\"https:\/\/es.wikipedia.org\/wiki\/1855\">1855<\/a>: <a title=\"Ernest Chausson\" href=\"https:\/\/es.wikipedia.org\/wiki\/Ernest_Chausson\">Ernest Chausson<\/a>, compositor franc\u00e9s (f. 1899).<\/li>\n<li><a title=\"1857\" href=\"https:\/\/es.wikipedia.org\/wiki\/1857\">1857<\/a>: <a title=\"Ram\u00f3n de la Sota\" href=\"https:\/\/es.wikipedia.org\/wiki\/Ram%C3%B3n_de_la_Sota\">Ram\u00f3n de la Sota<\/a>, pol\u00edtico y empresario espa\u00f1ol (f. 1936).<\/li>\n<li><a title=\"1858\" href=\"https:\/\/es.wikipedia.org\/wiki\/1858\">1858<\/a>: <a title=\"Pedro Vives Vich\" href=\"https:\/\/es.wikipedia.org\/wiki\/Pedro_Vives_Vich\">Pedro Vives Vich<\/a>, ingeniero y militar espa\u00f1ol (f. 1938).<\/li>\n<li><a title=\"1867\" href=\"https:\/\/es.wikipedia.org\/wiki\/1867\">1867<\/a>: <a title=\"Yvette Guilbert\" href=\"https:\/\/es.wikipedia.org\/wiki\/Yvette_Guilbert\">Yvette Guilbert<\/a>, cantante y actriz francesa (f. 1944).<\/li>\n<li><a title=\"1869\" href=\"https:\/\/es.wikipedia.org\/wiki\/1869\">1869<\/a>: <a title=\"Lucas Caballero Barrera\" href=\"https:\/\/es.wikipedia.org\/wiki\/Lucas_Caballero_Barrera\">Lucas Caballero Barrera<\/a>, pol\u00edtico y empresario colombiano (f. 1942).<\/li>\n<li><a title=\"1873\" href=\"https:\/\/es.wikipedia.org\/wiki\/1873\">1873<\/a>: <a title=\"Hermanos \u00c1lvarez Quintero\" href=\"https:\/\/es.wikipedia.org\/wiki\/Hermanos_%C3%81lvarez_Quintero\">Joaqu\u00edn \u00c1lvarez Quintero<\/a>, escritor y humorista espa\u00f1ol (f. 1944).<\/li>\n<li>1873: <a title=\"Johannes Vilhelm Jensen\" href=\"https:\/\/es.wikipedia.org\/wiki\/Johannes_Vilhelm_Jensen\">Johannes Vilhelm Jensen<\/a>, escritor dan\u00e9s, <a class=\"mw-redirect\" title=\"Anexo:Premio Nobel de Literatura\" href=\"https:\/\/es.wikipedia.org\/wiki\/Anexo:Premio_Nobel_de_Literatura\">Premio Nobel de Literatura<\/a> en <a title=\"1944\" href=\"https:\/\/es.wikipedia.org\/wiki\/1944\">1944<\/a> (f. 1950).<\/li>\n<li><a title=\"1878\" href=\"https:\/\/es.wikipedia.org\/wiki\/1878\">1878<\/a>: <a title=\"Finlay Currie\" href=\"https:\/\/es.wikipedia.org\/wiki\/Finlay_Currie\">Finlay Currie<\/a>, actor brit\u00e1nico (f. 1968).<\/li>\n<li><a title=\"1888\" href=\"https:\/\/es.wikipedia.org\/wiki\/1888\">1888<\/a>: <a title=\"Leadbelly\" href=\"https:\/\/es.wikipedia.org\/wiki\/Leadbelly\">Leadbelly<\/a>, m\u00fasico y compositor estadounidense (f. 1949).<\/li>\n<li>1888: <a title=\"Luis Nicolau d'Olwer\" href=\"https:\/\/es.wikipedia.org\/wiki\/Luis_Nicolau_d%27Olwer\">Luis Nicolau d&#8217;Olwer<\/a>, pol\u00edtico espa\u00f1ol (f. 1961).<\/li>\n<li><a title=\"1884\" href=\"https:\/\/es.wikipedia.org\/wiki\/1884\">1884<\/a>: <a title=\"Carlyle Blackwell\" href=\"https:\/\/es.wikipedia.org\/wiki\/Carlyle_Blackwell\">Carlyle Blackwell<\/a>, actor estadounidense (f. 1955).<\/li>\n<li><a title=\"1891\" href=\"https:\/\/es.wikipedia.org\/wiki\/1891\">1891<\/a>: <a title=\"Mischa Elman\" href=\"https:\/\/es.wikipedia.org\/wiki\/Mischa_Elman\">Mischa Elman<\/a>, violinista estadounidense de origen ucraniano (f. 1967).<\/li>\n<li><a title=\"1895\" href=\"https:\/\/es.wikipedia.org\/wiki\/1895\">1895<\/a>: <a title=\"Antonio Gallego Bur\u00edn\" href=\"https:\/\/es.wikipedia.org\/wiki\/Antonio_Gallego_Bur%C3%ADn\">Antonio Gallego Bur\u00edn<\/a>, periodista y pol\u00edtico espa\u00f1ol (f. 1961).<\/li>\n<li><a title=\"1896\" href=\"https:\/\/es.wikipedia.org\/wiki\/1896\">1896<\/a>: <a title=\"George Burns\" href=\"https:\/\/es.wikipedia.org\/wiki\/George_Burns\">George Burns<\/a>, actor estadounidense (f. 1996).<\/li>\n<li><a title=\"1903\" href=\"https:\/\/es.wikipedia.org\/wiki\/1903\">1903<\/a>: <a title=\"Esteban Vicente\" href=\"https:\/\/es.wikipedia.org\/wiki\/Esteban_Vicente\">Esteban Vicente<\/a>, pintor espa\u00f1ol (f. 2001).<\/li>\n<li><a title=\"1910\" href=\"https:\/\/es.wikipedia.org\/wiki\/1910\">1910<\/a>: <a title=\"Joy Adamson\" href=\"https:\/\/es.wikipedia.org\/wiki\/Joy_Adamson\">Joy Adamson<\/a>, naturalista austriaca (f. 1980).<\/li>\n<li>1910: <a title=\"Allal al-Fasi\" href=\"https:\/\/es.wikipedia.org\/wiki\/Allal_al-Fasi\">Allal al-Fasi<\/a>, pol\u00edtico y escritor marroqu\u00ed (f. 1974).<\/li>\n<li><a title=\"1913\" href=\"https:\/\/es.wikipedia.org\/wiki\/1913\">1913<\/a>: <a title=\"Chucho Navarro\" href=\"https:\/\/es.wikipedia.org\/wiki\/Chucho_Navarro\">Chucho Navarro<\/a>, m\u00fasico mexicano (f. 1993).<\/li>\n<li><a title=\"1914\" href=\"https:\/\/es.wikipedia.org\/wiki\/1914\">1914<\/a>: <a title=\"Gerald Holtom\" href=\"https:\/\/es.wikipedia.org\/wiki\/Gerald_Holtom\">Gerald Holtom<\/a>, dise\u00f1ador y artista brit\u00e1nico (f. 1985).<\/li>\n<li><a title=\"1915\" href=\"https:\/\/es.wikipedia.org\/wiki\/1915\">1915<\/a>: <a title=\"Ghulam Ishaq Khan\" href=\"https:\/\/es.wikipedia.org\/wiki\/Ghulam_Ishaq_Khan\">Ghulam Ishaq Khan<\/a>, presidente pakistan\u00ed (f. 2006).<\/li>\n<li><a title=\"1918\" href=\"https:\/\/es.wikipedia.org\/wiki\/1918\">1918<\/a>: <a title=\"Juan Garc\u00eda Esquivel\" href=\"https:\/\/es.wikipedia.org\/wiki\/Juan_Garc%C3%ADa_Esquivel\">Juan Garc\u00eda Esquivel<\/a>, compositor mexicano (f. 2002).<\/li>\n<li><a title=\"1920\" href=\"https:\/\/es.wikipedia.org\/wiki\/1920\">1920<\/a>: <a title=\"Federico Fellini\" href=\"https:\/\/es.wikipedia.org\/wiki\/Federico_Fellini\">Federico Fellini<\/a>, director de cine italiano (f. 1993).<\/li>\n<li>1920: <a title=\"DeForest Kelley\" href=\"https:\/\/es.wikipedia.org\/wiki\/DeForest_Kelley\">DeForest Kelley<\/a>, actor estadounidense (f. 1999).<\/li>\n<li><a title=\"1921\" href=\"https:\/\/es.wikipedia.org\/wiki\/1921\">1921<\/a>: <a title=\"Marcos Ana\" href=\"https:\/\/es.wikipedia.org\/wiki\/Marcos_Ana\">Marcos Ana<\/a>, poeta espa\u00f1ol.<\/li>\n<li>1921: <a class=\"mw-redirect\" title=\"Telmo Zarraonaind\u00eda\" href=\"https:\/\/es.wikipedia.org\/wiki\/Telmo_Zarraonaind%C3%ADa\">Telmo Zarraonaind\u00eda<\/a>, futbolista espa\u00f1ol (f. 2006).<\/li>\n<li><a title=\"1924\" href=\"https:\/\/es.wikipedia.org\/wiki\/1924\">1924<\/a>: <a title=\"Ram\u00f3n Xirau\" href=\"https:\/\/es.wikipedia.org\/wiki\/Ram%C3%B3n_Xirau\">Ram\u00f3n Xirau<\/a>, poeta y fil\u00f3sofo mexicano.<\/li>\n<li><a title=\"1925\" href=\"https:\/\/es.wikipedia.org\/wiki\/1925\">1925<\/a>: <a title=\"Ernesto Cardenal\" href=\"https:\/\/es.wikipedia.org\/wiki\/Ernesto_Cardenal\">Ernesto Cardenal<\/a>, te\u00f3logo y pol\u00edtico nicarag\u00fcense.<\/li>\n<li><a title=\"1926\" href=\"https:\/\/es.wikipedia.org\/wiki\/1926\">1926<\/a>: <a title=\"Dimas Costa\" href=\"https:\/\/es.wikipedia.org\/wiki\/Dimas_Costa\">Dimas Costa<\/a>, poeta, folclorista, compositor, actor, locutor de radio y de televisi\u00f3n brasile\u00f1o (n. 1997).<\/li>\n<li>1926: <a title=\"Juan Carlos Mareco\" href=\"https:\/\/es.wikipedia.org\/wiki\/Juan_Carlos_Mareco\">Juan Carlos Mareco<\/a>, presentador de televisi\u00f3n uruguayo (f. 2009).<\/li>\n<li>1926: <a title=\"Patricia Neal\" href=\"https:\/\/es.wikipedia.org\/wiki\/Patricia_Neal\">Patricia Neal<\/a>, actriz estadounidense (f. 2010).<\/li>\n<li>1926: <a title=\"David Tudor\" href=\"https:\/\/es.wikipedia.org\/wiki\/David_Tudor\">David Tudor<\/a>, compositor estadounidense (f. 1996).<\/li>\n<li>1926: <a title=\"Vitali Vorotnikov\" href=\"https:\/\/es.wikipedia.org\/wiki\/Vitali_Vorotnikov\">Vitali Vorotnikov<\/a>, pol\u00edtico ruso. (f. 2012).<\/li>\n<li><a title=\"1927\" href=\"https:\/\/es.wikipedia.org\/wiki\/1927\">1927<\/a>: <a title=\"Qurratulain Haider\" href=\"https:\/\/es.wikipedia.org\/wiki\/Qurratulain_Haider\">Qurratulain Haider<\/a>, escritora hind\u00fa (f. 2007).<\/li>\n<li>1927: <a title=\"Alejandro Romay\" href=\"https:\/\/es.wikipedia.org\/wiki\/Alejandro_Romay\">Alejandro Romay<\/a>, empresario y productor de televisi\u00f3n argentino (f. 2015).<\/li>\n<li><a title=\"1929\" href=\"https:\/\/es.wikipedia.org\/wiki\/1929\">1929<\/a>: <a title=\"Jean-Jacques Perrey\" href=\"https:\/\/es.wikipedia.org\/wiki\/Jean-Jacques_Perrey\">Jean-Jacques Perrey<\/a>, m\u00fasico y productor franc\u00e9s.<\/li>\n<li><a title=\"1930\" href=\"https:\/\/es.wikipedia.org\/wiki\/1930\">1930<\/a>: <a title=\"Buzz Aldrin\" href=\"https:\/\/es.wikipedia.org\/wiki\/Buzz_Aldrin\">Buzz Aldrin<\/a>, astronauta estadounidense.<\/li>\n<li>1930: <a title=\"Federico Vairo\" href=\"https:\/\/es.wikipedia.org\/wiki\/Federico_Vairo\">Federico Vairo<\/a>, futbolista argentino (f. 2010).<\/li>\n<li><a title=\"1931\" href=\"https:\/\/es.wikipedia.org\/wiki\/1931\">1931<\/a>: <a title=\"Birgit Finnil\u00e4\" href=\"https:\/\/es.wikipedia.org\/wiki\/Birgit_Finnil%C3%A4\">Birgit Finnil\u00e4<\/a>, contralto sueca.<\/li>\n<li>1931: <a title=\"David Morris Lee\" href=\"https:\/\/es.wikipedia.org\/wiki\/David_Morris_Lee\">David Morris Lee<\/a>, f\u00edsico estadounidense, <a class=\"mw-redirect\" title=\"Premio Nobel de F\u00edsica\" href=\"https:\/\/es.wikipedia.org\/wiki\/Premio_Nobel_de_F%C3%ADsica\">Premio Nobel de F\u00edsica<\/a> en <a title=\"1996\" href=\"https:\/\/es.wikipedia.org\/wiki\/1996\">1996<\/a>.<\/li>\n<li><a title=\"1933\" href=\"https:\/\/es.wikipedia.org\/wiki\/1933\">1933<\/a>: <a title=\"Emilio Alfaro\" href=\"https:\/\/es.wikipedia.org\/wiki\/Emilio_Alfaro\">Emilio Alfaro<\/a>, actor y cineasta argentino (f. 1998).<\/li>\n<li><a title=\"1934\" href=\"https:\/\/es.wikipedia.org\/wiki\/1934\">1934<\/a>: <a title=\"Tom Baker\" href=\"https:\/\/es.wikipedia.org\/wiki\/Tom_Baker\">Tom Baker<\/a>, actor brit\u00e1nico.<\/li>\n<li><a title=\"1937\" href=\"https:\/\/es.wikipedia.org\/wiki\/1937\">1937<\/a>: <a title=\"Amando de Miguel\" href=\"https:\/\/es.wikipedia.org\/wiki\/Amando_de_Miguel\">Amando de Miguel<\/a>, soci\u00f3logo espa\u00f1ol.<\/li>\n<li><a title=\"1943\" href=\"https:\/\/es.wikipedia.org\/wiki\/1943\">1943<\/a>: <a class=\"mw-redirect\" title=\"Valent\u00edn Fuster Carulla\" href=\"https:\/\/es.wikipedia.org\/wiki\/Valent%C3%ADn_Fuster_Carulla\">Valent\u00edn Fuster<\/a>, cardi\u00f3logo espa\u00f1ol.<\/li>\n<li><a title=\"1944\" href=\"https:\/\/es.wikipedia.org\/wiki\/1944\">1944<\/a>: <a title=\"Jos\u00e9 Luis Garci\" href=\"https:\/\/es.wikipedia.org\/wiki\/Jos%C3%A9_Luis_Garci\">Jos\u00e9 Luis Garci<\/a>, director de cine espa\u00f1ol.<\/li>\n<li><a title=\"1945\" href=\"https:\/\/es.wikipedia.org\/wiki\/1945\">1945<\/a>: <a title=\"F\u00e9lix Sanz Rold\u00e1n\" href=\"https:\/\/es.wikipedia.org\/wiki\/F%C3%A9lix_Sanz_Rold%C3%A1n\">F\u00e9lix Sanz Rold\u00e1n<\/a>, militar espa\u00f1ol.<\/li>\n<li>1945: <a title=\"Eric Stewart\" href=\"https:\/\/es.wikipedia.org\/wiki\/Eric_Stewart\">Eric Stewart<\/a>, m\u00fasico brit\u00e1nico (<a title=\"10cc\" href=\"https:\/\/es.wikipedia.org\/wiki\/10cc\">10cc<\/a>).<\/li>\n<li><a title=\"1946\" href=\"https:\/\/es.wikipedia.org\/wiki\/1946\">1946<\/a>: <a title=\"Alberto Cortina\" href=\"https:\/\/es.wikipedia.org\/wiki\/Alberto_Cortina\">Alberto Cortina<\/a>, financiero espa\u00f1ol.<\/li>\n<li>1946: <a title=\"David Lynch\" href=\"https:\/\/es.wikipedia.org\/wiki\/David_Lynch\">David Lynch<\/a>, director de cine estadounidense.<\/li>\n<li><a title=\"1948\" href=\"https:\/\/es.wikipedia.org\/wiki\/1948\">1948<\/a>: <a class=\"mw-redirect\" title=\"Natan Sharansky\" href=\"https:\/\/es.wikipedia.org\/wiki\/Natan_Sharansky\">Natan Sharansky<\/a>, pol\u00edtico israel\u00ed de origen ruso.<\/li>\n<li><a title=\"1949\" href=\"https:\/\/es.wikipedia.org\/wiki\/1949\">1949<\/a>: <a title=\"G\u00f6ran Persson\" href=\"https:\/\/es.wikipedia.org\/wiki\/G%C3%B6ran_Persson\">G\u00f6ran Persson<\/a>, pol\u00edtico y primer ministro sueco.<\/li>\n<li><a title=\"1950\" href=\"https:\/\/es.wikipedia.org\/wiki\/1950\">1950<\/a>: <a title=\"Mahamane Ousmane\" href=\"https:\/\/es.wikipedia.org\/wiki\/Mahamane_Ousmane\">Mahamane Ousmane<\/a>, presidente nigeriano.<\/li>\n<li><a title=\"1951\" href=\"https:\/\/es.wikipedia.org\/wiki\/1951\">1951<\/a>: <a title=\"Ian Hill\" href=\"https:\/\/es.wikipedia.org\/wiki\/Ian_Hill\">Ian Hill<\/a>, m\u00fasico brit\u00e1nico (<a title=\"Judas Priest\" href=\"https:\/\/es.wikipedia.org\/wiki\/Judas_Priest\">Judas Priest<\/a>).<\/li>\n<li>1951: <a title=\"Joaqu\u00edn Hinojosa\" href=\"https:\/\/es.wikipedia.org\/wiki\/Joaqu%C3%ADn_Hinojosa\">Joaqu\u00edn Hinojosa<\/a>, actor y director de teatro espa\u00f1ol.<\/li>\n<li><a title=\"1952\" href=\"https:\/\/es.wikipedia.org\/wiki\/1952\">1952<\/a>: <a title=\"Paul Stanley\" href=\"https:\/\/es.wikipedia.org\/wiki\/Paul_Stanley\">Paul Stanley<\/a>, guitarrista, vocalista estadounidense (<a title=\"Kiss\" href=\"https:\/\/es.wikipedia.org\/wiki\/Kiss\">Kiss<\/a>).<\/li>\n<li><a title=\"1954\" href=\"https:\/\/es.wikipedia.org\/wiki\/1954\">1954<\/a>: <a class=\"mw-redirect\" title=\"Rudy La Scala\" href=\"https:\/\/es.wikipedia.org\/wiki\/Rudy_La_Scala\">Rudy La Scala<\/a>, cantautor italo-venezolano.<\/li>\n<li><a title=\"1956\" href=\"https:\/\/es.wikipedia.org\/wiki\/1956\">1956<\/a>: <a title=\"Rodolfo Rodr\u00edguez\" href=\"https:\/\/es.wikipedia.org\/wiki\/Rodolfo_Rodr%C3%ADguez\">Rodolfo Rodr\u00edguez<\/a>, futbolista uruguayo.<\/li>\n<li><a title=\"1958\" href=\"https:\/\/es.wikipedia.org\/wiki\/1958\">1958<\/a>: <a title=\"Lorenzo Lamas\" href=\"https:\/\/es.wikipedia.org\/wiki\/Lorenzo_Lamas\">Lorenzo Lamas<\/a>, actor estadounidense.<\/li>\n<li><a title=\"1959\" href=\"https:\/\/es.wikipedia.org\/wiki\/1959\">1959<\/a>: <a title=\"R. A. Salvatore\" href=\"https:\/\/es.wikipedia.org\/wiki\/R._A._Salvatore\">R. A. Salvatore<\/a>, escritor estadounidense.<\/li>\n<li><a title=\"1960\" href=\"https:\/\/es.wikipedia.org\/wiki\/1960\">1960<\/a>: <a class=\"mw-redirect\" title=\"Carmen Aida Jakavicius\" href=\"https:\/\/es.wikipedia.org\/wiki\/Carmen_Aida_Jakavicius\">Carla Rigg<\/a>, exmodelo y dise\u00f1adora lituana de origen argentino.<\/li>\n<li>1960: <a title=\"Will Wright\" href=\"https:\/\/es.wikipedia.org\/wiki\/Will_Wright\">Will Wright<\/a>, dise\u00f1ador de videojuegos estadounidense.<\/li>\n<li><a title=\"1962\" href=\"https:\/\/es.wikipedia.org\/wiki\/1962\">1962<\/a>: <a title=\"Sakiko Tamagawa\" href=\"https:\/\/es.wikipedia.org\/wiki\/Sakiko_Tamagawa\">Sakiko Tamagawa<\/a>, seiy\u016b japonesa.<\/li>\n<li><a title=\"1963\" href=\"https:\/\/es.wikipedia.org\/wiki\/1963\">1963<\/a>: <a title=\"James Denton\" href=\"https:\/\/es.wikipedia.org\/wiki\/James_Denton\">James Denton<\/a>, actor estadounidense.<\/li>\n<li><a title=\"1964\" href=\"https:\/\/es.wikipedia.org\/wiki\/1964\">1964<\/a>: <a title=\"Oswaldo Guill\u00e9n\" href=\"https:\/\/es.wikipedia.org\/wiki\/Oswaldo_Guill%C3%A9n\">Oswaldo Guill\u00e9n<\/a>, beisbolista, entrenador y comentarista deportivo venezolano.<\/li>\n<li><a title=\"1965\" href=\"https:\/\/es.wikipedia.org\/wiki\/1965\">1965<\/a>: <a title=\"Greg K\" href=\"https:\/\/es.wikipedia.org\/wiki\/Greg_K\">Greg K<\/a>, m\u00fasico estadounidense (<a title=\"The Offspring\" href=\"https:\/\/es.wikipedia.org\/wiki\/The_Offspring\">The Offspring<\/a>).<\/li>\n<li>1965: <a class=\"mw-redirect\" title=\"Sophie, Condesa de Wessex\" href=\"https:\/\/es.wikipedia.org\/wiki\/Sophie,_Condesa_de_Wessex\">Sophie, Condesa de Wessex<\/a>.<\/li>\n<li><a title=\"1966\" href=\"https:\/\/es.wikipedia.org\/wiki\/1966\">1966<\/a>: <a title=\"Tracii Guns\" href=\"https:\/\/es.wikipedia.org\/wiki\/Tracii_Guns\">Tracii Guns<\/a>, guitarrista estadounidense (<a title=\"Guns N' Roses\" href=\"https:\/\/es.wikipedia.org\/wiki\/Guns_N%27_Roses\">Guns N&#8217; Roses<\/a> y <a title=\"Quiet Riot\" href=\"https:\/\/es.wikipedia.org\/wiki\/Quiet_Riot\">Quiet Riot<\/a>).<\/li>\n<li><a title=\"1967\" href=\"https:\/\/es.wikipedia.org\/wiki\/1967\">1967<\/a>: <a title=\"Pep\u00f3n Nieto\" href=\"https:\/\/es.wikipedia.org\/wiki\/Pep%C3%B3n_Nieto\">Pep\u00f3n Nieto<\/a>, actor espa\u00f1ol.<\/li>\n<li><a title=\"1968\" href=\"https:\/\/es.wikipedia.org\/wiki\/1968\">1968<\/a>: <a title=\"Roberto Enr\u00edquez\" href=\"https:\/\/es.wikipedia.org\/wiki\/Roberto_Enr%C3%ADquez\">Roberto Enr\u00edquez<\/a>, actor espa\u00f1ol.<\/li>\n<li>1968: <a title=\"Rainn Wilson\" href=\"https:\/\/es.wikipedia.org\/wiki\/Rainn_Wilson\">Rainn Wilson<\/a>, actor estadounidense.<\/li>\n<li><a title=\"1970\" href=\"https:\/\/es.wikipedia.org\/wiki\/1970\">1970<\/a>: <a title=\"Kerri Kenney-Silver\" href=\"https:\/\/es.wikipedia.org\/wiki\/Kerri_Kenney-Silver\">Kerri Kenney-Silver<\/a>, actriz, cantante y guionista estadounidense.<\/li>\n<li>1970: <a title=\"Rosa Mariscal\" href=\"https:\/\/es.wikipedia.org\/wiki\/Rosa_Mariscal\">Rosa Mariscal<\/a>, actriz espa\u00f1ola.<\/li>\n<li>1970: <a title=\"Skeet Ulrich\" href=\"https:\/\/es.wikipedia.org\/wiki\/Skeet_Ulrich\">Skeet Ulrich<\/a>, actor estadounidense.<\/li>\n<li><a title=\"1971\" href=\"https:\/\/es.wikipedia.org\/wiki\/1971\">1971<\/a>: <a title=\"Derrick Green\" href=\"https:\/\/es.wikipedia.org\/wiki\/Derrick_Green\">Derrick Green<\/a>, cantante estadounidense (<a title=\"Sepultura (banda)\" href=\"https:\/\/es.wikipedia.org\/wiki\/Sepultura_(banda)\">Sepultura<\/a>).<\/li>\n<li>1971: <a title=\"Gary Barlow\" href=\"https:\/\/es.wikipedia.org\/wiki\/Gary_Barlow\">Gary Barlow<\/a>, cantante, compositor y productor brit\u00e1nico (<a title=\"Take That\" href=\"https:\/\/es.wikipedia.org\/wiki\/Take_That\">Take That<\/a>).<\/li>\n<li><a title=\"1972\" href=\"https:\/\/es.wikipedia.org\/wiki\/1972\">1972<\/a>: <a title=\"Oscar Dronjak\" href=\"https:\/\/es.wikipedia.org\/wiki\/Oscar_Dronjak\">Oscar Dronjak<\/a> m\u00fasico sueco (<a class=\"mw-redirect\" title=\"Hammerfall\" href=\"https:\/\/es.wikipedia.org\/wiki\/Hammerfall\">Hammerfall<\/a>).<\/li>\n<li><a title=\"1973\" href=\"https:\/\/es.wikipedia.org\/wiki\/1973\">1973<\/a>: <a title=\"Matilde de B\u00e9lgica\" href=\"https:\/\/es.wikipedia.org\/wiki\/Matilde_de_B%C3%A9lgica\">Matilde de B\u00e9lgica<\/a>, Reina belga.<\/li>\n<li>1973: <a title=\"Stephen Crabb\" href=\"https:\/\/es.wikipedia.org\/wiki\/Stephen_Crabb\">Stephen Crabb<\/a>, pol\u00edtico brit\u00e1nico.<\/li>\n<li><a title=\"1975\" href=\"https:\/\/es.wikipedia.org\/wiki\/1975\">1975<\/a>: <a title=\"Norberto Fontana\" href=\"https:\/\/es.wikipedia.org\/wiki\/Norberto_Fontana\">Norberto Fontana<\/a>, piloto de automovilismo argentino.<\/li>\n<li><a title=\"1976\" href=\"https:\/\/es.wikipedia.org\/wiki\/1976\">1976<\/a>: <a title=\"David DeMar\u00eda\" href=\"https:\/\/es.wikipedia.org\/wiki\/David_DeMar%C3%ADa\">David DeMar\u00eda<\/a>, cantautor espa\u00f1ol.<\/li>\n<li><a title=\"1978\" href=\"https:\/\/es.wikipedia.org\/wiki\/1978\">1978<\/a>: <a title=\"Gabriel Migli\u00f3nico\" href=\"https:\/\/es.wikipedia.org\/wiki\/Gabriel_Migli%C3%B3nico\">Gabriel Migli\u00f3nico<\/a>, futbolista argentino.<\/li>\n<li><a title=\"1979\" href=\"https:\/\/es.wikipedia.org\/wiki\/1979\">1979<\/a>: <a title=\"Rob Bourdon\" href=\"https:\/\/es.wikipedia.org\/wiki\/Rob_Bourdon\">Rob Bourdon<\/a>, baterista estadounidense (<a title=\"Linkin Park\" href=\"https:\/\/es.wikipedia.org\/wiki\/Linkin_Park\">Linkin Park<\/a>).<\/li>\n<li><a title=\"1980\" href=\"https:\/\/es.wikipedia.org\/wiki\/1980\">1980<\/a>: <a class=\"mw-redirect\" title=\"Matthew Tuck\" href=\"https:\/\/es.wikipedia.org\/wiki\/Matthew_Tuck\">Matthew Tuck<\/a>, guitarrista brit\u00e1nico (<a title=\"Bullet for My Valentine\" href=\"https:\/\/es.wikipedia.org\/wiki\/Bullet_for_My_Valentine\">Bullet for My Valentine<\/a>).<\/li>\n<li>1980: <a title=\"Pierre Web\u00f3\" href=\"https:\/\/es.wikipedia.org\/wiki\/Pierre_Web%C3%B3\">Pierre Web\u00f3<\/a>, futbolista camerun\u00e9s.<\/li>\n<li><a title=\"1981\" href=\"https:\/\/es.wikipedia.org\/wiki\/1981\">1981<\/a>: <a title=\"Owen Hargreaves\" href=\"https:\/\/es.wikipedia.org\/wiki\/Owen_Hargreaves\">Owen Hargreaves<\/a>, futbolista brit\u00e1nico.<\/li>\n<li>1981: <a title=\"Crystal Lowe\" href=\"https:\/\/es.wikipedia.org\/wiki\/Crystal_Lowe\">Crystal Lowe<\/a>, actriz canadiense.<\/li>\n<li>1981: <a title=\"Jason Richardson\" href=\"https:\/\/es.wikipedia.org\/wiki\/Jason_Richardson\">Jason Richardson<\/a>, baloncestista estadounidense.<\/li>\n<li><a title=\"1987\" href=\"https:\/\/es.wikipedia.org\/wiki\/1987\">1987<\/a>: <a title=\"Marco Simoncelli\" href=\"https:\/\/es.wikipedia.org\/wiki\/Marco_Simoncelli\">Marco Simoncelli<\/a>, piloto de motociclismo italiano (f. 2011).<\/li>\n<li>1987: <a title=\"Evan Peters\" href=\"https:\/\/es.wikipedia.org\/wiki\/Evan_Peters\">Evan Peters<\/a>, actor estadounidense.<\/li>\n<li><a title=\"1989\" href=\"https:\/\/es.wikipedia.org\/wiki\/1989\">1989<\/a>: <a class=\"mw-redirect\" title=\"Nadia Di Cello\" href=\"https:\/\/es.wikipedia.org\/wiki\/Nadia_Di_Cello\">Nadia Di Cello<\/a>, actriz argentina.<\/li>\n<li><a title=\"1991\" href=\"https:\/\/es.wikipedia.org\/wiki\/1991\">1991<\/a>: <a title=\"Jolyon Palmer\" href=\"https:\/\/es.wikipedia.org\/wiki\/Jolyon_Palmer\">Jolyon Palmer<\/a>, piloto de automovilismo brit\u00e1nico de F\u00f3rmula 1.<\/li>\n<\/ul>\n<h2 style=\"text-align: justify;\"><span id=\"Fallecimientos\" class=\"mw-headline\">Fallecimientos<\/span><\/h2>\n<ul style=\"text-align: justify;\">\n<li><a title=\"250\" href=\"https:\/\/es.wikipedia.org\/wiki\/250\">250<\/a>: <a title=\"Fabi\u00e1n (papa)\" href=\"https:\/\/es.wikipedia.org\/wiki\/Fabi%C3%A1n_(papa)\">Fabi\u00e1n<\/a>, papa cat\u00f3lico entre <a title=\"236\" href=\"https:\/\/es.wikipedia.org\/wiki\/236\">236<\/a> y <a title=\"250\" href=\"https:\/\/es.wikipedia.org\/wiki\/250\">250<\/a> (n.\u00a0????).<\/li>\n<li><a title=\"1479\" href=\"https:\/\/es.wikipedia.org\/wiki\/1479\">1479<\/a>: <a title=\"Juan II de Arag\u00f3n\" href=\"https:\/\/es.wikipedia.org\/wiki\/Juan_II_de_Arag%C3%B3n\">Juan II, <i>el Grande<\/i><\/a>, rey aragon\u00e9s y navarro (n. <a title=\"1397\" href=\"https:\/\/es.wikipedia.org\/wiki\/1397\">1397<\/a>).<\/li>\n<li><a title=\"1509\" href=\"https:\/\/es.wikipedia.org\/wiki\/1509\">1509<\/a>: <a title=\"Rodrigo Fern\u00e1ndez de Santaella\" href=\"https:\/\/es.wikipedia.org\/wiki\/Rodrigo_Fern%C3%A1ndez_de_Santaella\">Rodrigo Fern\u00e1ndez de Santaella<\/a>, te\u00f3logo espa\u00f1ol (n. <a title=\"1444\" href=\"https:\/\/es.wikipedia.org\/wiki\/1444\">1444<\/a>).<\/li>\n<li><a title=\"1516\" href=\"https:\/\/es.wikipedia.org\/wiki\/1516\">1516<\/a>: <a title=\"Juan D\u00edaz de Sol\u00eds\" href=\"https:\/\/es.wikipedia.org\/wiki\/Juan_D%C3%ADaz_de_Sol%C3%ADs\">Juan D\u00edaz de Sol\u00eds<\/a>, conquistador espa\u00f1ol (n. <a title=\"1470\" href=\"https:\/\/es.wikipedia.org\/wiki\/1470\">1470<\/a>?).<\/li>\n<li><a title=\"1666\" href=\"https:\/\/es.wikipedia.org\/wiki\/1666\">1666<\/a>: <a class=\"mw-redirect\" title=\"Ana de Austria y Austria-Estiria\" href=\"https:\/\/es.wikipedia.org\/wiki\/Ana_de_Austria_y_Austria-Estiria\">Ana de Austria<\/a>, reina consorte francesa (n. <a title=\"1601\" href=\"https:\/\/es.wikipedia.org\/wiki\/1601\">1601<\/a>).<\/li>\n<li><a title=\"1745\" href=\"https:\/\/es.wikipedia.org\/wiki\/1745\">1745<\/a>: <a class=\"mw-redirect\" title=\"Carlos VII del Sacro Imperio Romano\" href=\"https:\/\/es.wikipedia.org\/wiki\/Carlos_VII_del_Sacro_Imperio_Romano\">Carlos VII Alberto<\/a>, emperador del Sacro Imperio romano germ\u00e1nico (n. <a title=\"1697\" href=\"https:\/\/es.wikipedia.org\/wiki\/1697\">1697<\/a>).<\/li>\n<li><a title=\"1775\" href=\"https:\/\/es.wikipedia.org\/wiki\/1775\">1775<\/a>: <a title=\"Domingo de Bonechea\" href=\"https:\/\/es.wikipedia.org\/wiki\/Domingo_de_Bonechea\">Domingo de Bonechea<\/a>, navegante y explorador espa\u00f1ol (n. <a title=\"1730\" href=\"https:\/\/es.wikipedia.org\/wiki\/1730\">1730<\/a>).<\/li>\n<li><a title=\"1779\" href=\"https:\/\/es.wikipedia.org\/wiki\/1779\">1779<\/a>: <a title=\"David Garrick\" href=\"https:\/\/es.wikipedia.org\/wiki\/David_Garrick\">David Garrick<\/a>, actor brit\u00e1nico (n. <a title=\"1717\" href=\"https:\/\/es.wikipedia.org\/wiki\/1717\">1717<\/a>).<\/li>\n<li><a title=\"1848\" href=\"https:\/\/es.wikipedia.org\/wiki\/1848\">1848<\/a>: <a title=\"Cristi\u00e1n VIII de Dinamarca\" href=\"https:\/\/es.wikipedia.org\/wiki\/Cristi%C3%A1n_VIII_de_Dinamarca\">Cristian VIII<\/a>, rey noruego y dan\u00e9s (n. <a title=\"1786\" href=\"https:\/\/es.wikipedia.org\/wiki\/1786\">1786<\/a>).<\/li>\n<li><a title=\"1859\" href=\"https:\/\/es.wikipedia.org\/wiki\/1859\">1859<\/a>: <a title=\"Bettina von Arnim\" href=\"https:\/\/es.wikipedia.org\/wiki\/Bettina_von_Arnim\">Bettina von Arnim<\/a>, cuentista alemana (n. <a title=\"1785\" href=\"https:\/\/es.wikipedia.org\/wiki\/1785\">1785<\/a>).<\/li>\n<li><a title=\"1875\" href=\"https:\/\/es.wikipedia.org\/wiki\/1875\">1875<\/a>: <a title=\"Jean-Fran\u00e7ois Millet\" href=\"https:\/\/es.wikipedia.org\/wiki\/Jean-Fran%C3%A7ois_Millet\">Jean-Fran\u00e7ois Millet<\/a>, pintor franc\u00e9s (n. <a title=\"1814\" href=\"https:\/\/es.wikipedia.org\/wiki\/1814\">1814<\/a>).<\/li>\n<li><a title=\"1889\" href=\"https:\/\/es.wikipedia.org\/wiki\/1889\">1889<\/a>: <a class=\"mw-redirect\" title=\"Bartolom\u00e9 Calvo D\u00edaz de Lamadrid\" href=\"https:\/\/es.wikipedia.org\/wiki\/Bartolom%C3%A9_Calvo_D%C3%ADaz_de_Lamadrid\">Bartolom\u00e9 Calvo<\/a>, presidente colombiano (n. 1815).<\/li>\n<li><a title=\"1896\" href=\"https:\/\/es.wikipedia.org\/wiki\/1896\">1896<\/a>: <a title=\"Enrique de Battenberg\" href=\"https:\/\/es.wikipedia.org\/wiki\/Enrique_de_Battenberg\">Enrique de Battenberg<\/a>, noble brit\u00e1nico (n. <a title=\"1858\" href=\"https:\/\/es.wikipedia.org\/wiki\/1858\">1858<\/a>).<\/li>\n<li><a title=\"1900\" href=\"https:\/\/es.wikipedia.org\/wiki\/1900\">1900<\/a>: <a title=\"John Ruskin\" href=\"https:\/\/es.wikipedia.org\/wiki\/John_Ruskin\">John Ruskin<\/a>, escritor, cr\u00edtico de arte y reformista brit\u00e1nico (n. <a title=\"1819\" href=\"https:\/\/es.wikipedia.org\/wiki\/1819\">1819<\/a>).<\/li>\n<li><a title=\"1913\" href=\"https:\/\/es.wikipedia.org\/wiki\/1913\">1913<\/a>: <a title=\"Jos\u00e9 Guadalupe Posada\" href=\"https:\/\/es.wikipedia.org\/wiki\/Jos%C3%A9_Guadalupe_Posada\">Jos\u00e9 Guadalupe Posada<\/a>, grabador mexicano (n. <a title=\"1852\" href=\"https:\/\/es.wikipedia.org\/wiki\/1852\">1852<\/a>).<\/li>\n<li><a title=\"1917\" href=\"https:\/\/es.wikipedia.org\/wiki\/1917\">1917<\/a>: <a title=\"Alejandro Ferrant y Fischermans\" href=\"https:\/\/es.wikipedia.org\/wiki\/Alejandro_Ferrant_y_Fischermans\">Alejandro Ferrant y Fischermans<\/a>, pintor espa\u00f1ol (n. <a title=\"1843\" href=\"https:\/\/es.wikipedia.org\/wiki\/1843\">1843<\/a>).<\/li>\n<li><a title=\"1922\" href=\"https:\/\/es.wikipedia.org\/wiki\/1922\">1922<\/a>: <a title=\"Camille Jordan\" href=\"https:\/\/es.wikipedia.org\/wiki\/Camille_Jordan\">Camille Jordan<\/a>, matem\u00e1tico franc\u00e9s (n. <a title=\"1838\" href=\"https:\/\/es.wikipedia.org\/wiki\/1838\">1838<\/a>).<\/li>\n<li><a title=\"1924\" href=\"https:\/\/es.wikipedia.org\/wiki\/1924\">1924<\/a>: <a title=\"Jay Hambidge\" href=\"https:\/\/es.wikipedia.org\/wiki\/Jay_Hambidge\">Jay Hambidge<\/a>, artista y matem\u00e1tico estadounidense (n. <a title=\"1867\" href=\"https:\/\/es.wikipedia.org\/wiki\/1867\">1867<\/a>).<\/li>\n<li><a title=\"1936\" href=\"https:\/\/es.wikipedia.org\/wiki\/1936\">1936<\/a>: <a title=\"Jorge V del Reino Unido\" href=\"https:\/\/es.wikipedia.org\/wiki\/Jorge_V_del_Reino_Unido\">Jorge V<\/a>, rey brit\u00e1nico (n. <a title=\"1865\" href=\"https:\/\/es.wikipedia.org\/wiki\/1865\">1865<\/a>).<\/li>\n<li><a title=\"1947\" href=\"https:\/\/es.wikipedia.org\/wiki\/1947\">1947<\/a>: <a title=\"Josh Gibson\" href=\"https:\/\/es.wikipedia.org\/wiki\/Josh_Gibson\">Josh Gibson<\/a>, beisbolista estadounidense (n. <a title=\"1911\" href=\"https:\/\/es.wikipedia.org\/wiki\/1911\">1911<\/a>).<\/li>\n<li><a title=\"1948\" href=\"https:\/\/es.wikipedia.org\/wiki\/1948\">1948<\/a>: <a title=\"Enrique De Rosas\" href=\"https:\/\/es.wikipedia.org\/wiki\/Enrique_De_Rosas\">Enrique De Rosas<\/a>, guionista, cineasta y actor argentino (n. 1888).<\/li>\n<li><a title=\"1955\" href=\"https:\/\/es.wikipedia.org\/wiki\/1955\">1955<\/a>: <a title=\"Luis Otero (futbolista)\" href=\"https:\/\/es.wikipedia.org\/wiki\/Luis_Otero_(futbolista)\">Luis Otero<\/a>, futbolista espa\u00f1ol (n. <a title=\"1893\" href=\"https:\/\/es.wikipedia.org\/wiki\/1893\">1893<\/a>).<\/li>\n<li><a title=\"1960\" href=\"https:\/\/es.wikipedia.org\/wiki\/1960\">1960<\/a>: <a title=\"Matthew Moore\" href=\"https:\/\/es.wikipedia.org\/wiki\/Matthew_Moore\">Matthew Moore<\/a>, actor irland\u00e9s (n. <a title=\"1888\" href=\"https:\/\/es.wikipedia.org\/wiki\/1888\">1888<\/a>).<\/li>\n<li><a title=\"1967\" href=\"https:\/\/es.wikipedia.org\/wiki\/1967\">1967<\/a>: <a title=\"Giacomo Debenedetti\" href=\"https:\/\/es.wikipedia.org\/wiki\/Giacomo_Debenedetti\">Giacomo Debenedetti<\/a>, escritor italiano (n. <a title=\"1901\" href=\"https:\/\/es.wikipedia.org\/wiki\/1901\">1901<\/a>).<\/li>\n<li><a title=\"1969\" href=\"https:\/\/es.wikipedia.org\/wiki\/1969\">1969<\/a>: <a title=\"Enrique Ruano\" href=\"https:\/\/es.wikipedia.org\/wiki\/Enrique_Ruano\">Enrique Ruano<\/a>, estudiante espa\u00f1ol (n. <a title=\"1948\" href=\"https:\/\/es.wikipedia.org\/wiki\/1948\">1948<\/a>).<sup id=\"cite_ref-1\" class=\"reference\"><a href=\"https:\/\/es.wikipedia.org\/wiki\/20_de_enero#cite_note-1\">1<\/a><\/sup><\/li>\n<li><a title=\"1980\" href=\"https:\/\/es.wikipedia.org\/wiki\/1980\">1980<\/a>: <a title=\"Claudio Levrino\" href=\"https:\/\/es.wikipedia.org\/wiki\/Claudio_Levrino\">Claudio Levrino<\/a>, actor argentino (n. <a title=\"1946\" href=\"https:\/\/es.wikipedia.org\/wiki\/1946\">1946<\/a>).<\/li>\n<li><a title=\"1983\" href=\"https:\/\/es.wikipedia.org\/wiki\/1983\">1983<\/a>: <a title=\"Garrincha\" href=\"https:\/\/es.wikipedia.org\/wiki\/Garrincha\">Garrincha<\/a>, futbolista brasile\u00f1o (n. <a title=\"1933\" href=\"https:\/\/es.wikipedia.org\/wiki\/1933\">1933<\/a>).<\/li>\n<li>1983: <a title=\"Sabino Bilbao\" href=\"https:\/\/es.wikipedia.org\/wiki\/Sabino_Bilbao\">Sabino Bilbao<\/a>, futbolista espa\u00f1ol (n. <a title=\"1897\" href=\"https:\/\/es.wikipedia.org\/wiki\/1897\">1897<\/a>).<\/li>\n<li><a title=\"1984\" href=\"https:\/\/es.wikipedia.org\/wiki\/1984\">1984<\/a>: <a title=\"Johnny Weissm\u00fcller\" href=\"https:\/\/es.wikipedia.org\/wiki\/Johnny_Weissm%C3%BCller\">Johnny Weissm\u00fcller<\/a>, nadador y actor estadounidense (n. 1904).<\/li>\n<li><a title=\"1988\" href=\"https:\/\/es.wikipedia.org\/wiki\/1988\">1988<\/a>: <a title=\"Paul Esser\" href=\"https:\/\/es.wikipedia.org\/wiki\/Paul_Esser\">Paul Esser<\/a>, actor alem\u00e1n (n. 1913).<\/li>\n<li><a title=\"1989\" href=\"https:\/\/es.wikipedia.org\/wiki\/1989\">1989<\/a>: <a title=\"J\u00f3zef Cyrankiewicz\" href=\"https:\/\/es.wikipedia.org\/wiki\/J%C3%B3zef_Cyrankiewicz\">J\u00f3zef Cyrankiewicz<\/a>, presidente polaco (n. 1911).<\/li>\n<li>1989: <a title=\"Beatrice Lillie\" href=\"https:\/\/es.wikipedia.org\/wiki\/Beatrice_Lillie\">Beatrice Lillie<\/a>, actriz canadiense (n. 1894).<\/li>\n<li><a title=\"1990\" href=\"https:\/\/es.wikipedia.org\/wiki\/1990\">1990<\/a>: <a title=\"Barbara Stanwyck\" href=\"https:\/\/es.wikipedia.org\/wiki\/Barbara_Stanwyck\">Barbara Stanwyck<\/a>, actriz estadounidense (n. 1907).<\/li>\n<li><a title=\"1993\" href=\"https:\/\/es.wikipedia.org\/wiki\/1993\">1993<\/a>: <a title=\"Audrey Hepburn\" href=\"https:\/\/es.wikipedia.org\/wiki\/Audrey_Hepburn\">Audrey Hepburn<\/a>, actriz belga (n. 1929).<\/li>\n<li><a title=\"1994\" href=\"https:\/\/es.wikipedia.org\/wiki\/1994\">1994<\/a>: Sir <a title=\"Matt Busby\" href=\"https:\/\/es.wikipedia.org\/wiki\/Matt_Busby\">Matt Busby<\/a>, entrenador de f\u00fatbol brit\u00e1nico (n. 1909).<\/li>\n<li><a title=\"1996\" href=\"https:\/\/es.wikipedia.org\/wiki\/1996\">1996<\/a>: <a title=\"Gerry Mulligan\" href=\"https:\/\/es.wikipedia.org\/wiki\/Gerry_Mulligan\">Gerry Mulligan<\/a>, m\u00fasico estadounidense (n. 1927).<\/li>\n<li><a title=\"2005\" href=\"https:\/\/es.wikipedia.org\/wiki\/2005\">2005<\/a>: <a title=\"Jan Nowak-Jeziora\u0144ski\" href=\"https:\/\/es.wikipedia.org\/wiki\/Jan_Nowak-Jeziora%C5%84ski\">Jan Nowak-Jeziora\u0144ski<\/a>, periodista, escritor, pol\u00edtico y patriota polaco (n. 1914).<\/li>\n<li><a title=\"2007\" href=\"https:\/\/es.wikipedia.org\/wiki\/2007\">2007<\/a>: <a title=\"Eusebio Cimorra\" href=\"https:\/\/es.wikipedia.org\/wiki\/Eusebio_Cimorra\">Eusebio Cimorra<\/a>, periodista y escritor espa\u00f1ol (n. 1908).<\/li>\n<li>2007: <a title=\"Alfredo Ripstein\" href=\"https:\/\/es.wikipedia.org\/wiki\/Alfredo_Ripstein\">Alfredo Ripstein<\/a>, productor de cine mexicano (n. 1916).<\/li>\n<li><a title=\"2008\" href=\"https:\/\/es.wikipedia.org\/wiki\/2008\">2008<\/a>: <a title=\"Louis de Cazenave\" href=\"https:\/\/es.wikipedia.org\/wiki\/Louis_de_Cazenave\">Louis de Cazenave<\/a>, supercentenario y militar franc\u00e9s (n. 1897).<\/li>\n<li><a title=\"2010\" href=\"https:\/\/es.wikipedia.org\/wiki\/2010\">2010<\/a>: <a title=\"Mariano Constante\" href=\"https:\/\/es.wikipedia.org\/wiki\/Mariano_Constante\">Mariano Constante<\/a>, escritor espa\u00f1ol (n. 1920).<\/li>\n<li><a title=\"2011\" href=\"https:\/\/es.wikipedia.org\/wiki\/2011\">2011<\/a>: <a title=\"Reynolds Price\" href=\"https:\/\/es.wikipedia.org\/wiki\/Reynolds_Price\">Reynolds Price<\/a>, escritor estadounidense (n. 1933).<\/li>\n<li>2011: <a title=\"Sexy Cora\" href=\"https:\/\/es.wikipedia.org\/wiki\/Sexy_Cora\">Sexy Cora<\/a>, actriz porno alemana (n. 1987).<\/li>\n<li>2011: <a class=\"mw-redirect\" title=\"Luis Jaime Cisneros Vizquerra\" href=\"https:\/\/es.wikipedia.org\/wiki\/Luis_Jaime_Cisneros_Vizquerra\">Luis Jaime Cisneros Vizquerra<\/a>, ling\u00fcista y profesor peruano (n. 1921).<\/li>\n<li>2011: <a title=\"Enrique Rosado\" href=\"https:\/\/es.wikipedia.org\/wiki\/Enrique_Rosado\">Enrique Rosado<\/a>, locutor de radio mexicano (n. 1921).<\/li>\n<li>2011: <a title=\"Jordi Vila Soler\" href=\"https:\/\/es.wikipedia.org\/wiki\/Jordi_Vila_Soler\">Jordi Vila Soler<\/a>, futbolista espa\u00f1ol (n. 1929).<\/li>\n<li><a title=\"2012\" href=\"https:\/\/es.wikipedia.org\/wiki\/2012\">2012<\/a>: <a title=\"Etta James\" href=\"https:\/\/es.wikipedia.org\/wiki\/Etta_James\">Etta James<\/a>, cantautora estadounidense (n. 1938).<\/li>\n<li><a title=\"2014\" href=\"https:\/\/es.wikipedia.org\/wiki\/2014\">2014<\/a>: <a title=\"Claudio Abbado\" href=\"https:\/\/es.wikipedia.org\/wiki\/Claudio_Abbado\">Claudio Abbado<\/a>, director de orquesta y m\u00fasico italiano (n. 1933).<\/li>\n<li><a title=\"2015\" href=\"https:\/\/es.wikipedia.org\/wiki\/2015\">2015<\/a>: <a class=\"mw-redirect\" title=\"Tyrone Jos\u00e9 Gonz\u00e1lez Oramas\" href=\"https:\/\/es.wikipedia.org\/wiki\/Tyrone_Jos%C3%A9_Gonz%C3%A1lez_Oramas\">Canserbero<\/a>, rapero venezolano (n. 1988).<\/li>\n<li>2015: <a class=\"mw-redirect\" title=\"Hitoshi Saito\" href=\"https:\/\/es.wikipedia.org\/wiki\/Hitoshi_Saito\">Hitoshi Saito<\/a>, judoca japon\u00e9s (n. 1961).<\/li>\n<\/ul>\n<h2 style=\"text-align: justify;\"><span id=\"Celebraciones\" class=\"mw-headline\">Celebraciones<\/span><\/h2>\n<ul style=\"text-align: justify;\">\n<li><a title=\"Colombia\" href=\"https:\/\/es.wikipedia.org\/wiki\/Colombia\">Colombia<\/a>: <i><a class=\"new\" title=\"Corralejas (a\u00fan no redactado)\" href=\"https:\/\/es.wikipedia.org\/w\/index.php?title=Corralejas&amp;action=edit&amp;redlink=1\">Corralejas<\/a><\/i> en la ciudad de <a title=\"Sincelejo\" href=\"https:\/\/es.wikipedia.org\/wiki\/Sincelejo\">Sincelejo<\/a>.<\/li>\n<li><a title=\"Chile\" href=\"https:\/\/es.wikipedia.org\/wiki\/Chile\">Chile<\/a>: <i><a title=\"Roto chileno\" href=\"https:\/\/es.wikipedia.org\/wiki\/Roto_chileno\">D\u00eda del Roto Chileno<\/a><\/i>.<sup id=\"cite_ref-2\" class=\"reference\"><a href=\"https:\/\/es.wikipedia.org\/wiki\/20_de_enero#cite_note-2\">2<\/a><\/sup><\/li>\n<li><a title=\"M\u00e9xico\" href=\"https:\/\/es.wikipedia.org\/wiki\/M%C3%A9xico\">M\u00e9xico<\/a>: <i>Festividad de <a title=\"Sebasti\u00e1n (m\u00e1rtir)\" href=\"https:\/\/es.wikipedia.org\/wiki\/Sebasti%C3%A1n_(m%C3%A1rtir)\">San Sebasti\u00e1n<\/a><\/i> en <a title=\"Sa\u00edn Alto\" href=\"https:\/\/es.wikipedia.org\/wiki\/Sa%C3%ADn_Alto\">Sa\u00edn Alto<\/a> (<a title=\"Zacatecas\" href=\"https:\/\/es.wikipedia.org\/wiki\/Zacatecas\">Zacatecas<\/a>), <a title=\"Le\u00f3n (Guanajuato)\" href=\"https:\/\/es.wikipedia.org\/wiki\/Le%C3%B3n_(Guanajuato)\">Le\u00f3n (Guanajuato)<\/a> y <a class=\"new\" title=\"Huitchila (a\u00fan no redactado)\" href=\"https:\/\/es.wikipedia.org\/w\/index.php?title=Huitchila&amp;action=edit&amp;redlink=1\">Huitchila<\/a> (<a title=\"Morelos\" href=\"https:\/\/es.wikipedia.org\/wiki\/Morelos\">Morelos<\/a>).<\/li>\n<li><a title=\"Per\u00fa\" href=\"https:\/\/es.wikipedia.org\/wiki\/Per%C3%BA\">Per\u00fa<\/a>: <i>Fiesta Patronal de la <a title=\"Fiesta Patronal de la Virgen Pur\u00edsima de Pampas\" href=\"https:\/\/es.wikipedia.org\/wiki\/Fiesta_Patronal_de_la_Virgen_Pur%C3%ADsima_de_Pampas\">Virgen Pur\u00edsima<\/a><\/i> en la localidad de <a title=\"Pampas\" href=\"https:\/\/es.wikipedia.org\/wiki\/Pampas\">Pampas<\/a>, <a title=\"Provincia de Tayacaja\" href=\"https:\/\/es.wikipedia.org\/wiki\/Provincia_de_Tayacaja\">provincia de Tayacaja<\/a>.<\/li>\n<li><a title=\"Venezuela\" href=\"https:\/\/es.wikipedia.org\/wiki\/Venezuela\">Venezuela<\/a>: <a title=\"Feria Internacional de San Sebasti\u00e1n\" href=\"https:\/\/es.wikipedia.org\/wiki\/Feria_Internacional_de_San_Sebasti%C3%A1n\">Feria Internacional de San Sebasti\u00e1n (FISS)<\/a>,<sup id=\"cite_ref-3\" class=\"reference\"><a href=\"https:\/\/es.wikipedia.org\/wiki\/20_de_enero#cite_note-3\">3<\/a><\/sup> en <a title=\"San Crist\u00f3bal (Venezuela)\" href=\"https:\/\/es.wikipedia.org\/wiki\/San_Crist%C3%B3bal_(Venezuela)\">San Crist\u00f3bal<\/a>, <a class=\"mw-redirect\" title=\"Estado T\u00e1chira\" href=\"https:\/\/es.wikipedia.org\/wiki\/Estado_T%C3%A1chira\">Estado T\u00e1chira<\/a><\/li>\n<li><a title=\"Espa\u00f1a\" href=\"https:\/\/es.wikipedia.org\/wiki\/Espa%C3%B1a\">Espa\u00f1a<\/a>: <i>Festividad de <a title=\"Sebasti\u00e1n (m\u00e1rtir)\" href=\"https:\/\/es.wikipedia.org\/wiki\/Sebasti%C3%A1n_(m%C3%A1rtir)\">San Sebasti\u00e1n<\/a><\/i> en las siguientes localidades:\n<ul>\n<li><a title=\"San Sebasti\u00e1n\" href=\"https:\/\/es.wikipedia.org\/wiki\/San_Sebasti%C3%A1n\">San Sebasti\u00e1n<\/a> (<a class=\"mw-redirect\" title=\"Provincia de Guip\u00fazcoa\" href=\"https:\/\/es.wikipedia.org\/wiki\/Provincia_de_Guip%C3%BAzcoa\">Guip\u00fazcoa<\/a>)<\/li>\n<li><a title=\"Aldea del Obispo\" href=\"https:\/\/es.wikipedia.org\/wiki\/Aldea_del_Obispo\">Aldea del Obispo<\/a> (<a title=\"Salamanca\" href=\"https:\/\/es.wikipedia.org\/wiki\/Salamanca\">Salamanca<\/a>)<\/li>\n<li><a title=\"Aceh\u00fache\" href=\"https:\/\/es.wikipedia.org\/wiki\/Aceh%C3%BAche\">Aceh\u00fache<\/a> (<a title=\"Provincia de C\u00e1ceres\" href=\"https:\/\/es.wikipedia.org\/wiki\/Provincia_de_C%C3%A1ceres\">provincia de C\u00e1ceres<\/a>)<\/li>\n<li><a title=\"Botija (C\u00e1ceres)\" href=\"https:\/\/es.wikipedia.org\/wiki\/Botija_(C%C3%A1ceres)\">Botija<\/a> (<a title=\"Provincia de C\u00e1ceres\" href=\"https:\/\/es.wikipedia.org\/wiki\/Provincia_de_C%C3%A1ceres\">provincia de C\u00e1ceres<\/a>)<\/li>\n<li><a title=\"Sang\u00fcesa\" href=\"https:\/\/es.wikipedia.org\/wiki\/Sang%C3%BCesa\">Sang\u00fcesa<\/a> (<a title=\"Navarra\" href=\"https:\/\/es.wikipedia.org\/wiki\/Navarra\">Navarra<\/a>)<\/li>\n<li><a title=\"Azpeitia\" href=\"https:\/\/es.wikipedia.org\/wiki\/Azpeitia\">Azpeitia<\/a> (<a title=\"Guip\u00fazcoa\" href=\"https:\/\/es.wikipedia.org\/wiki\/Guip%C3%BAzcoa\">Guip\u00fazcoa<\/a>)<\/li>\n<li><a title=\"Ag\u00fcimes\" href=\"https:\/\/es.wikipedia.org\/wiki\/Ag%C3%BCimes\">Ag\u00fcimes<\/a> (<a title=\"Provincia de Las Palmas\" href=\"https:\/\/es.wikipedia.org\/wiki\/Provincia_de_Las_Palmas\">Las Palmas<\/a>)<\/li>\n<li><a title=\"Benal\u00faa de las Villas\" href=\"https:\/\/es.wikipedia.org\/wiki\/Benal%C3%BAa_de_las_Villas\">Benal\u00faa de las Villas<\/a> (<a title=\"Provincia de Granada\" href=\"https:\/\/es.wikipedia.org\/wiki\/Provincia_de_Granada\">Granada<\/a>)<\/li>\n<li><a title=\"Boadilla del Monte\" href=\"https:\/\/es.wikipedia.org\/wiki\/Boadilla_del_Monte\">Boadilla del Monte<\/a> (<a title=\"Comunidad de Madrid\" href=\"https:\/\/es.wikipedia.org\/wiki\/Comunidad_de_Madrid\">Comunidad de Madrid<\/a>)<\/li>\n<li><a title=\"Caniles\" href=\"https:\/\/es.wikipedia.org\/wiki\/Caniles\">Caniles<\/a> (<a title=\"Provincia de Granada\" href=\"https:\/\/es.wikipedia.org\/wiki\/Provincia_de_Granada\">Granada<\/a>)<\/li>\n<li><a title=\"Casas de Sebasti\u00e1n P\u00e9rez\" href=\"https:\/\/es.wikipedia.org\/wiki\/Casas_de_Sebasti%C3%A1n_P%C3%A9rez\">Casas de Sebasti\u00e1n P\u00e9rez<\/a> (<a title=\"Provincia de \u00c1vila\" href=\"https:\/\/es.wikipedia.org\/wiki\/Provincia_de_%C3%81vila\">\u00c1vila<\/a>)<\/li>\n<li><a title=\"Castro Caldelas\" href=\"https:\/\/es.wikipedia.org\/wiki\/Castro_Caldelas\">Castro Caldelas<\/a> (<a title=\"Provincia de Orense\" href=\"https:\/\/es.wikipedia.org\/wiki\/Provincia_de_Orense\">Orense<\/a>)<\/li>\n<li><a title=\"Ciudad Rodrigo\" href=\"https:\/\/es.wikipedia.org\/wiki\/Ciudad_Rodrigo\">Ciudad Rodrigo<\/a> (<a title=\"Salamanca\" href=\"https:\/\/es.wikipedia.org\/wiki\/Salamanca\">Salamanca<\/a>)<\/li>\n<li><a title=\"Fuente Obejuna\" href=\"https:\/\/es.wikipedia.org\/wiki\/Fuente_Obejuna\">Fuente Obejuna<\/a> (<a title=\"Provincia de C\u00f3rdoba (Espa\u00f1a)\" href=\"https:\/\/es.wikipedia.org\/wiki\/Provincia_de_C%C3%B3rdoba_(Espa%C3%B1a)\">C\u00f3rdoba<\/a>)<\/li>\n<li><a title=\"La Guardia de Ja\u00e9n\" href=\"https:\/\/es.wikipedia.org\/wiki\/La_Guardia_de_Ja%C3%A9n\">La Guardia de Ja\u00e9n<\/a> (<a title=\"Provincia de Ja\u00e9n (Espa\u00f1a)\" href=\"https:\/\/es.wikipedia.org\/wiki\/Provincia_de_Ja%C3%A9n_(Espa%C3%B1a)\">Ja\u00e9n<\/a>)<\/li>\n<li><a title=\"Lacorvilla\" href=\"https:\/\/es.wikipedia.org\/wiki\/Lacorvilla\">Lacorvilla<\/a> (<a title=\"Provincia de Zaragoza\" href=\"https:\/\/es.wikipedia.org\/wiki\/Provincia_de_Zaragoza\">Zaragoza<\/a>)<\/li>\n<li><a title=\"Madridejos\" href=\"https:\/\/es.wikipedia.org\/wiki\/Madridejos\">Madridejos<\/a> (<a title=\"Provincia de Toledo\" href=\"https:\/\/es.wikipedia.org\/wiki\/Provincia_de_Toledo\">Toledo<\/a>)<\/li>\n<li><a title=\"El Padul\" href=\"https:\/\/es.wikipedia.org\/wiki\/El_Padul\">El Padul<\/a> (<a title=\"Provincia de Granada\" href=\"https:\/\/es.wikipedia.org\/wiki\/Provincia_de_Granada\">Granada<\/a>)<\/li>\n<li><a title=\"Palma de Mallorca\" href=\"https:\/\/es.wikipedia.org\/wiki\/Palma_de_Mallorca\">Palma de Mallorca<\/a><\/li>\n<li><a title=\"San Sebasti\u00e1n de los Reyes\" href=\"https:\/\/es.wikipedia.org\/wiki\/San_Sebasti%C3%A1n_de_los_Reyes\">San Sebasti\u00e1n de los Reyes<\/a> (<a title=\"Comunidad de Madrid\" href=\"https:\/\/es.wikipedia.org\/wiki\/Comunidad_de_Madrid\">Madrid<\/a>)<\/li>\n<li><a title=\"Parrillas\" href=\"https:\/\/es.wikipedia.org\/wiki\/Parrillas\">Parrillas<\/a> (<a title=\"Provincia de Toledo\" href=\"https:\/\/es.wikipedia.org\/wiki\/Provincia_de_Toledo\">Toledo<\/a>)<\/li>\n<li><a title=\"Ricote\" href=\"https:\/\/es.wikipedia.org\/wiki\/Ricote\">Ricote<\/a> (<a title=\"Regi\u00f3n de Murcia\" href=\"https:\/\/es.wikipedia.org\/wiki\/Regi%C3%B3n_de_Murcia\">Murcia<\/a>)<\/li>\n<li><a title=\"Tafalla\" href=\"https:\/\/es.wikipedia.org\/wiki\/Tafalla\">Tafalla<\/a> (<a class=\"mw-redirect\" title=\"Comunidad Foral de Navarra\" href=\"https:\/\/es.wikipedia.org\/wiki\/Comunidad_Foral_de_Navarra\">Comunidad Foral de Navarra<\/a>)<\/li>\n<li><a title=\"T\u00edjola\" href=\"https:\/\/es.wikipedia.org\/wiki\/T%C3%ADjola\">T\u00edjola<\/a> (<a title=\"Provincia de Almer\u00eda\" href=\"https:\/\/es.wikipedia.org\/wiki\/Provincia_de_Almer%C3%ADa\">Almer\u00eda<\/a>)<\/li>\n<li><a title=\"Torrej\u00f3n de la Calzada\" href=\"https:\/\/es.wikipedia.org\/wiki\/Torrej%C3%B3n_de_la_Calzada\">Torrej\u00f3n de la Calzada<\/a> (Madrid)<\/li>\n<li><a title=\"Villaco\" href=\"https:\/\/es.wikipedia.org\/wiki\/Villaco\">Villaco<\/a> (<a title=\"Provincia de Valladolid\" href=\"https:\/\/es.wikipedia.org\/wiki\/Provincia_de_Valladolid\">Valladolid<\/a>)<\/li>\n<li><a title=\"Villanueva de Alcardete\" href=\"https:\/\/es.wikipedia.org\/wiki\/Villanueva_de_Alcardete\">Villanueva de Alcardete<\/a> (<a title=\"Provincia de Toledo\" href=\"https:\/\/es.wikipedia.org\/wiki\/Provincia_de_Toledo\">Toledo<\/a>)<\/li>\n<li><a title=\"Villaviciosa de Od\u00f3n\" href=\"https:\/\/es.wikipedia.org\/wiki\/Villaviciosa_de_Od%C3%B3n\">Villaviciosa de Od\u00f3n<\/a> (<a title=\"Comunidad de Madrid\" href=\"https:\/\/es.wikipedia.org\/wiki\/Comunidad_de_Madrid\">Madrid<\/a>)<\/li>\n<li><a title=\"Vinaroz\" href=\"https:\/\/es.wikipedia.org\/wiki\/Vinaroz\">Vinaroz<\/a> (<a title=\"Provincia de Castell\u00f3n\" href=\"https:\/\/es.wikipedia.org\/wiki\/Provincia_de_Castell%C3%B3n\">Castell\u00f3n<\/a>)<\/li>\n<li><a title=\"Requena (Espa\u00f1a)\" href=\"https:\/\/es.wikipedia.org\/wiki\/Requena_(Espa%C3%B1a)\">Requena<\/a> (<a title=\"Provincia de Valencia\" href=\"https:\/\/es.wikipedia.org\/wiki\/Provincia_de_Valencia\">Valencia<\/a>)<\/li>\n<li><a title=\"Vilvestre\" href=\"https:\/\/es.wikipedia.org\/wiki\/Vilvestre\">Vilvestre<\/a> (<a title=\"Provincia de Salamanca\" href=\"https:\/\/es.wikipedia.org\/wiki\/Provincia_de_Salamanca\">Salamanca<\/a>)<\/li>\n<\/ul>\n<\/li>\n<\/ul>\n<h3 style=\"text-align: justify;\"><span id=\"Santoral_cat.C3.B3lico\" class=\"mw-headline\"><a title=\"Santoral cat\u00f3lico\" href=\"https:\/\/es.wikipedia.org\/wiki\/Santoral_cat%C3%B3lico\">Santoral cat\u00f3lico<\/a><\/span><\/h3>\n<ul>\n<li style=\"text-align: justify;\"><a class=\"new\" title=\"San Ascla de Antinoe (a\u00fan no redactado)\" href=\"https:\/\/es.wikipedia.org\/w\/index.php?title=San_Ascla_de_Antinoe&amp;action=edit&amp;redlink=1\">San Ascla de Antinoe<\/a><\/li>\n<li style=\"text-align: justify;\"><a title=\"Enrique de Upsala\" href=\"https:\/\/es.wikipedia.org\/wiki\/Enrique_de_Upsala\">San Enrique, obispo y m\u00e1rtir<\/a><\/li>\n<li style=\"text-align: justify;\"><a class=\"new\" title=\"San Esteban Min Kuk-ka (a\u00fan no redactado)\" href=\"https:\/\/es.wikipedia.org\/w\/index.php?title=San_Esteban_Min_Kuk-ka&amp;action=edit&amp;redlink=1\">San Esteban Min Kuk-ka<\/a><\/li>\n<li style=\"text-align: justify;\"><a class=\"mw-redirect\" title=\"Santa Eustaquia Calafato\" href=\"https:\/\/es.wikipedia.org\/wiki\/Santa_Eustaquia_Calafato\">Santa Eustaquia Calafato<\/a><\/li>\n<li style=\"text-align: justify;\"><a class=\"mw-redirect\" title=\"San Eutimio\" href=\"https:\/\/es.wikipedia.org\/wiki\/San_Eutimio\">San Eutimio<\/a><\/li>\n<li style=\"text-align: justify;\"><a title=\"Fabi\u00e1n (papa)\" href=\"https:\/\/es.wikipedia.org\/wiki\/Fabi%C3%A1n_(papa)\">San Fabi\u00e1n<\/a><\/li>\n<li style=\"text-align: justify;\"><a class=\"new\" title=\"San Ne\u00f3fito de Nicea (a\u00fan no redactado)\" href=\"https:\/\/es.wikipedia.org\/w\/index.php?title=San_Ne%C3%B3fito_de_Nicea&amp;action=edit&amp;redlink=1\">San Ne\u00f3fito de Nicea<\/a><\/li>\n<li style=\"text-align: justify;\"><a title=\"Sebasti\u00e1n (m\u00e1rtir)\" href=\"https:\/\/es.wikipedia.org\/wiki\/Sebasti%C3%A1n_(m%C3%A1rtir)\">San Sebasti\u00e1n<\/a><\/li>\n<li style=\"text-align: justify;\"><a class=\"new\" title=\"Wulfstano de Worchester (a\u00fan no redactado)\" href=\"https:\/\/es.wikipedia.org\/w\/index.php?title=Wulfstano_de_Worchester&amp;action=edit&amp;redlink=1\">San Wulfstano<\/a><\/li>\n<li style=\"text-align: justify;\">Beato <a class=\"new\" title=\"Benito Ricasoli (a\u00fan no redactado)\" href=\"https:\/\/es.wikipedia.org\/w\/index.php?title=Benito_Ricasoli&amp;action=edit&amp;redlink=1\">Benito Ricasoli<\/a><\/li>\n<li style=\"text-align: justify;\">Beato <a class=\"new\" title=\"Cipriano Iwene Tansi (a\u00fan no redactado)\" href=\"https:\/\/es.wikipedia.org\/w\/index.php?title=Cipriano_Iwene_Tansi&amp;action=edit&amp;redlink=1\">Cipriano Iwene Tansi<\/a><\/li>\n<li style=\"text-align: justify;\">Beata <a class=\"new\" title=\"Mar\u00eda Cristina de la Inmaculada Concepci\u00f3n (a\u00fan no redactado)\" href=\"https:\/\/es.wikipedia.org\/w\/index.php?title=Mar%C3%ADa_Cristina_de_la_Inmaculada_Concepci%C3%B3n&amp;action=edit&amp;redlink=1\">Mar\u00eda Cristina de la Inmaculada Concepci\u00f3n<\/a>.<\/li>\n<\/ul>\n","protected":false},"excerpt":{"rendered":"<p>Es el vig\u00e9simo d\u00eda del a\u00f1o en el calendario gregoriano. Quedan 345 d\u00edas para finalizar el a\u00f1o y 346 en los a\u00f1os bisiestos.<\/p>\n","protected":false},"author":6,"featured_media":11235,"comment_status":"open","ping_status":"open","sticky":false,"template":"","format":"standard","meta":{"_acf_changed":false,"_monsterinsights_skip_tracking":false,"slim_seo":{"title":"Efem\u00e9rides 20 de Enero - Opini\u00f3n P\u00fablica","description":"Es el vig\u00e9simo d\u00eda del a\u00f1o en el calendario gregoriano. Quedan 345 d\u00edas para finalizar el a\u00f1o y 346 en los a\u00f1os bisiestos. Acontecimientos 648 : en Europa , el"},"footnotes":""},"categories":[27],"tags":[],"class_list":["post-11236","post","type-post","status-publish","format-standard","has-post-thumbnail","hentry","category-un-dia-como-hoy"],"acf":[],"_links":{"self":[{"href":"https:\/\/www.opinionpublica.tv\/portada\/wp-json\/wp\/v2\/posts\/11236","targetHints":{"allow":["GET"]}}],"collection":[{"href":"https:\/\/www.opinionpublica.tv\/portada\/wp-json\/wp\/v2\/posts"}],"about":[{"href":"https:\/\/www.opinionpublica.tv\/portada\/wp-json\/wp\/v2\/types\/post"}],"author":[{"embeddable":true,"href":"https:\/\/www.opinionpublica.tv\/portada\/wp-json\/wp\/v2\/users\/6"}],"replies":[{"embeddable":true,"href":"https:\/\/www.opinionpublica.tv\/portada\/wp-json\/wp\/v2\/comments?post=11236"}],"version-history":[{"count":0,"href":"https:\/\/www.opinionpublica.tv\/portada\/wp-json\/wp\/v2\/posts\/11236\/revisions"}],"wp:featuredmedia":[{"embeddable":true,"href":"https:\/\/www.opinionpublica.tv\/portada\/wp-json\/wp\/v2\/media\/11235"}],"wp:attachment":[{"href":"https:\/\/www.opinionpublica.tv\/portada\/wp-json\/wp\/v2\/media?parent=11236"}],"wp:term":[{"taxonomy":"category","embeddable":true,"href":"https:\/\/www.opinionpublica.tv\/portada\/wp-json\/wp\/v2\/categories?post=11236"},{"taxonomy":"post_tag","embeddable":true,"href":"https:\/\/www.opinionpublica.tv\/portada\/wp-json\/wp\/v2\/tags?post=11236"}],"curies":[{"name":"wp","href":"https:\/\/api.w.org\/{rel}","templated":true}]}}