{"id":11232,"date":"2017-01-19T07:00:00","date_gmt":"2017-01-19T06:00:00","guid":{"rendered":"https:\/\/www.opinionpublica.tv\/portada\/2017\/01\/19\/fotogaleria-imagenes-del-traslado-de-el-chapo-guzman-a-eu\/"},"modified":"2017-01-19T07:00:00","modified_gmt":"2017-01-19T06:00:00","slug":"fotogaleria-imagenes-del-traslado-de-el-chapo-guzman-a-eu","status":"publish","type":"post","link":"https:\/\/www.opinionpublica.tv\/portada\/fotogaleria-imagenes-del-traslado-de-el-chapo-guzman-a-eu\/","title":{"rendered":"Fotogaler\u00eda: Im\u00e1genes del traslado de &#8216;El Chapo&#8217; Guzm\u00e1n a EU"},"content":{"rendered":"<p><img fetchpriority=\"high\" decoding=\"async\" class=\" size-full wp-image-11223\" src=\"https:\/\/www.opinionpublica.tv\/portada\/wp-content\/uploads\/2017\/01\/32afc066708b29b45ded7cf39ed09be1.jpg\" alt=\"\" width=\"665\" height=\"500\" srcset=\"https:\/\/www.opinionpublica.tv\/portada\/wp-content\/uploads\/2017\/01\/32afc066708b29b45ded7cf39ed09be1.jpg 665w, https:\/\/www.opinionpublica.tv\/portada\/wp-content\/uploads\/2017\/01\/32afc066708b29b45ded7cf39ed09be1-300x226.jpg 300w\" sizes=\"(max-width: 665px) 100vw, 665px\" \/><br \/>\n<!--more--><\/p>\n<p>El operativo fast track en el que fue extraditado la tarde de este jueves el jefe del C\u00e1rtel de Sinaloa, Joaqu\u00edn &#8216;El Chapo&#8217; Guzm\u00e1n, no solamente sorprendi\u00f3 a todo el pa\u00eds, sino tambi\u00e9n al ahora ex poderoso narcotraficante mexicano.<\/p>\n<p>La foto superior se hizo viral este d\u00eda por la cara de sorpresa y evidente temor de uno de los criminales mexicanos m\u00e1s buscados en todo el mundo, quien ya se encuentra en Nueva York desde la noche de este 19 de enero, justo 16 a\u00f1os despu\u00e9s de su primer escape del Penal Federal de Puente Grande Jalisco en enero de 2001.<\/p>\n<p>A continuaci\u00f3n se muestran algunas fotos de su traslado desde el Penal Federal N\u00famero Nueve de Ciudad Ju\u00e1rez, en el que participaron decenas de elementos de \u00e9lite de las fuerzas federales de M\u00e9xico:<\/p>\n<p>\u00a0<\/p>\n<p><img decoding=\"async\" class=\" size-full wp-image-11224\" src=\"https:\/\/www.opinionpublica.tv\/portada\/wp-content\/uploads\/2017\/01\/Chapo_1.jpg\" width=\"640\" height=\"359\" srcset=\"https:\/\/www.opinionpublica.tv\/portada\/wp-content\/uploads\/2017\/01\/Chapo_1.jpg 800w, https:\/\/www.opinionpublica.tv\/portada\/wp-content\/uploads\/2017\/01\/Chapo_1-300x168.jpg 300w, https:\/\/www.opinionpublica.tv\/portada\/wp-content\/uploads\/2017\/01\/Chapo_1-768x431.jpg 768w\" sizes=\"(max-width: 640px) 100vw, 640px\" \/><\/p>\n<p>\u00a0<\/p>\n<p><img decoding=\"async\" class=\" size-full wp-image-11225\" src=\"https:\/\/www.opinionpublica.tv\/portada\/wp-content\/uploads\/2017\/01\/Chapo_2.jpg\" width=\"647\" height=\"363\" srcset=\"https:\/\/www.opinionpublica.tv\/portada\/wp-content\/uploads\/2017\/01\/Chapo_2.jpg 800w, https:\/\/www.opinionpublica.tv\/portada\/wp-content\/uploads\/2017\/01\/Chapo_2-300x168.jpg 300w, https:\/\/www.opinionpublica.tv\/portada\/wp-content\/uploads\/2017\/01\/Chapo_2-768x431.jpg 768w\" sizes=\"(max-width: 647px) 100vw, 647px\" \/><\/p>\n<p>\u00a0<\/p>\n<p><img loading=\"lazy\" decoding=\"async\" class=\" size-full wp-image-11226\" src=\"https:\/\/www.opinionpublica.tv\/portada\/wp-content\/uploads\/2017\/01\/Chapo_3.jpg\" width=\"650\" height=\"365\" srcset=\"https:\/\/www.opinionpublica.tv\/portada\/wp-content\/uploads\/2017\/01\/Chapo_3.jpg 800w, https:\/\/www.opinionpublica.tv\/portada\/wp-content\/uploads\/2017\/01\/Chapo_3-300x168.jpg 300w, https:\/\/www.opinionpublica.tv\/portada\/wp-content\/uploads\/2017\/01\/Chapo_3-768x431.jpg 768w\" sizes=\"(max-width: 650px) 100vw, 650px\" \/><\/p>\n<p>\u00a0<\/p>\n<p><img loading=\"lazy\" decoding=\"async\" class=\" size-full wp-image-11227\" src=\"https:\/\/www.opinionpublica.tv\/portada\/wp-content\/uploads\/2017\/01\/Chapo_4.jpg\" width=\"651\" height=\"434\" srcset=\"https:\/\/www.opinionpublica.tv\/portada\/wp-content\/uploads\/2017\/01\/Chapo_4.jpg 800w, https:\/\/www.opinionpublica.tv\/portada\/wp-content\/uploads\/2017\/01\/Chapo_4-300x200.jpg 300w, https:\/\/www.opinionpublica.tv\/portada\/wp-content\/uploads\/2017\/01\/Chapo_4-768x512.jpg 768w\" sizes=\"(max-width: 651px) 100vw, 651px\" \/><\/p>\n<p>\u00a0<\/p>\n<p><img loading=\"lazy\" decoding=\"async\" class=\" size-full wp-image-11228\" src=\"https:\/\/www.opinionpublica.tv\/portada\/wp-content\/uploads\/2017\/01\/Chapo_5.jpg\" width=\"653\" height=\"435\" srcset=\"https:\/\/www.opinionpublica.tv\/portada\/wp-content\/uploads\/2017\/01\/Chapo_5.jpg 800w, https:\/\/www.opinionpublica.tv\/portada\/wp-content\/uploads\/2017\/01\/Chapo_5-300x200.jpg 300w, https:\/\/www.opinionpublica.tv\/portada\/wp-content\/uploads\/2017\/01\/Chapo_5-768x512.jpg 768w\" sizes=\"(max-width: 653px) 100vw, 653px\" \/><\/p>\n<p>\u00a0<\/p>\n<p><img loading=\"lazy\" decoding=\"async\" class=\" size-full wp-image-11229\" src=\"https:\/\/www.opinionpublica.tv\/portada\/wp-content\/uploads\/2017\/01\/Chapo_6.jpg\" width=\"654\" height=\"436\" srcset=\"https:\/\/www.opinionpublica.tv\/portada\/wp-content\/uploads\/2017\/01\/Chapo_6.jpg 800w, https:\/\/www.opinionpublica.tv\/portada\/wp-content\/uploads\/2017\/01\/Chapo_6-300x200.jpg 300w, https:\/\/www.opinionpublica.tv\/portada\/wp-content\/uploads\/2017\/01\/Chapo_6-768x512.jpg 768w\" sizes=\"(max-width: 654px) 100vw, 654px\" \/><\/p>\n<p>\u00a0<\/p>\n<p><img loading=\"lazy\" decoding=\"async\" class=\" size-full wp-image-11230\" src=\"https:\/\/www.opinionpublica.tv\/portada\/wp-content\/uploads\/2017\/01\/Chapo_7.jpg\" width=\"665\" height=\"500\" srcset=\"https:\/\/www.opinionpublica.tv\/portada\/wp-content\/uploads\/2017\/01\/Chapo_7.jpg 665w, https:\/\/www.opinionpublica.tv\/portada\/wp-content\/uploads\/2017\/01\/Chapo_7-300x226.jpg 300w\" sizes=\"(max-width: 665px) 100vw, 665px\" \/><\/p>\n<p>\u00a0<\/p>\n<p><img loading=\"lazy\" decoding=\"async\" class=\" size-full wp-image-11231\" src=\"https:\/\/www.opinionpublica.tv\/portada\/wp-content\/uploads\/2017\/01\/Chapo_8.jpg\" width=\"665\" height=\"500\" srcset=\"https:\/\/www.opinionpublica.tv\/portada\/wp-content\/uploads\/2017\/01\/Chapo_8.jpg 665w, https:\/\/www.opinionpublica.tv\/portada\/wp-content\/uploads\/2017\/01\/Chapo_8-300x226.jpg 300w\" sizes=\"(max-width: 665px) 100vw, 665px\" \/><\/p>\n<p>\u00a0<\/p>\n","protected":false},"excerpt":{"rendered":"","protected":false},"author":6,"featured_media":11223,"comment_status":"open","ping_status":"open","sticky":false,"template":"","format":"standard","meta":{"_acf_changed":false,"_monsterinsights_skip_tracking":false,"slim_seo":{"title":"Fotogaler\u00eda: Im\u00e1genes del traslado de 'El Chapo' Guzm\u00e1n a EU - Opini\u00f3n P\u00fablica","description":"El operativo fast track en el que fue extraditado la tarde de este jueves el jefe del C\u00e1rtel de Sinaloa, Joaqu\u00edn 'El Chapo' Guzm\u00e1n, no solamente sorprendi\u00f3 a to"},"footnotes":""},"categories":[15],"tags":[],"class_list":["post-11232","post","type-post","status-publish","format-standard","has-post-thumbnail","hentry","category-galerias"],"acf":[],"_links":{"self":[{"href":"https:\/\/www.opinionpublica.tv\/portada\/wp-json\/wp\/v2\/posts\/11232","targetHints":{"allow":["GET"]}}],"collection":[{"href":"https:\/\/www.opinionpublica.tv\/portada\/wp-json\/wp\/v2\/posts"}],"about":[{"href":"https:\/\/www.opinionpublica.tv\/portada\/wp-json\/wp\/v2\/types\/post"}],"author":[{"embeddable":true,"href":"https:\/\/www.opinionpublica.tv\/portada\/wp-json\/wp\/v2\/users\/6"}],"replies":[{"embeddable":true,"href":"https:\/\/www.opinionpublica.tv\/portada\/wp-json\/wp\/v2\/comments?post=11232"}],"version-history":[{"count":0,"href":"https:\/\/www.opinionpublica.tv\/portada\/wp-json\/wp\/v2\/posts\/11232\/revisions"}],"wp:featuredmedia":[{"embeddable":true,"href":"https:\/\/www.opinionpublica.tv\/portada\/wp-json\/wp\/v2\/media\/11223"}],"wp:attachment":[{"href":"https:\/\/www.opinionpublica.tv\/portada\/wp-json\/wp\/v2\/media?parent=11232"}],"wp:term":[{"taxonomy":"category","embeddable":true,"href":"https:\/\/www.opinionpublica.tv\/portada\/wp-json\/wp\/v2\/categories?post=11232"},{"taxonomy":"post_tag","embeddable":true,"href":"https:\/\/www.opinionpublica.tv\/portada\/wp-json\/wp\/v2\/tags?post=11232"}],"curies":[{"name":"wp","href":"https:\/\/api.w.org\/{rel}","templated":true}]}}