{"id":11222,"date":"2017-01-19T07:00:00","date_gmt":"2017-01-19T06:00:00","guid":{"rendered":"https:\/\/www.opinionpublica.tv\/portada\/2017\/01\/19\/el-mal-del-marrano-y-la-administracion-corralista\/"},"modified":"2017-01-19T07:00:00","modified_gmt":"2017-01-19T06:00:00","slug":"el-mal-del-marrano-y-la-administracion-corralista","status":"publish","type":"post","link":"https:\/\/www.opinionpublica.tv\/portada\/el-mal-del-marrano-y-la-administracion-corralista\/","title":{"rendered":"El mal del marrano y la Administraci\u00f3n Corralista"},"content":{"rendered":"<p style=\"text-align: justify;\">El ilustre maestro Felipe Tena Ram\u00edrez escribi\u00f3 respecto de la revoluci\u00f3n, palabras m\u00e1s, palabras menos, que si no se acepta la existencia de un Constituyente sin l\u00edmites, en cierto modo la Constituci\u00f3n es inmodificable; y, para reformarla integralmente, es necesario salirse de la propia Constituci\u00f3n.<\/p>\n<p><!--more--><\/p>\n<p style=\"text-align: justify;\">En este sentido, agrega, el \u00fanico procedimiento jur\u00eddico para alterar cualquier texto constitucional, es el previsto por el art\u00edculo 135; no son jur\u00eddicos los procedimiento pac\u00edficos diversos al anterior; y continuando en esa l\u00ednea de pensamiento arriba a la interrogante de si la Constituci\u00f3n autoriza o tolera su propia derogaci\u00f3n por medios violentos; estamos pues, dice en ese punto, \u201c<em style=\"font-weight: inherit;\">en presencia de este doble problema: el derecho a la revoluci\u00f3n y el derecho de la revoluci\u00f3n<\/em>\u201d.<sup style=\"font-style: inherit; font-weight: inherit;\">1<\/sup><\/p>\n<p style=\"text-align: justify;\">No ser\u00e9 yo quien diga si el maestro sab\u00eda de lo que hablaba o no; yo creo que s\u00ed; sus palabras est\u00e1n cargadas de sentido; resultan l\u00f3gicas, comprensibles y sensatas.<\/p>\n<p style=\"text-align: justify;\">Lo anterior viene a cuento porque, de un tiempo a la fecha, los cargados aires de \u201crenovaci\u00f3n\u201d en la Entidad parecieran querer transformarlo todo (o por lo menos trastornarlo) y con motivo de los resultados electorales del pasado 5 de junio tal parece que ese vendaval renovador lo puede todo.<\/p>\n<p style=\"text-align: justify;\">\u201c<em style=\"font-weight: inherit;\">Voy, voy, voy; con qu\u00e9 poco se atragantan algunos; ni que fuera para tanto<\/em>\u201d; digo yo. El pasado 5 de junio hubo elecciones; ganaron unos y perdieron otros; se llev\u00f3 a cabo una jornada electoral y punto; el proceso, regular, previsible, c\u00edclico, republicano pues, conform\u00f3 una nueva mayor\u00eda en el Congreso y trajo nuevo Gobernador\u2026 nada m\u00e1s; no se trata de una revoluci\u00f3n y est\u00e1 muy lejos de constituir un hito para refundar al Estado.<\/p>\n<p style=\"text-align: justify;\">Inmersa en un discurso ajeno a la autocr\u00edtica, cargado de misticismo, para la actual administraci\u00f3n estatal -y sus corifeos- cualquier abuso, yerro o dislate est\u00e1 permitido sobre la base confusa y endeble de que \u201cse est\u00e1 haciendo lo correcto\u201d (o alguna estupidez similar) aunque la ley o la Constituci\u00f3n no lo consientan. La premisa de la que se parte no s\u00f3lo resulta d\u00e9bil sino falaz, pues los fallos monstruosos de la pasada administraci\u00f3n no lo justifican todo.<\/p>\n<p style=\"text-align: justify;\">Ese argumento, ese modo de pensar, de encarar los enormes retos de su gesti\u00f3n actual, me recuerdan el llamado \u201cmal del marrano\u201d, pero no en su versi\u00f3n tradicional;<sup style=\"font-style: inherit; font-weight: inherit;\">2<\/sup>sino en una pintoresca, aut\u00f3ctona y\u00a0<em style=\"font-weight: inherit;\">sui g\u00e9neris<\/em>\u00a0variante seg\u00fan la cual, cuando la \u201cgente buena\u201d hace marranadas, las marranadas se convierten en cosas buenas. No se\u00f1ores, muy por el contrario, cuando la \u201cgente buena\u201d hace marranadas se convierte en gente marrana y eso les est\u00e1 pasando.<\/p>\n<p style=\"text-align: justify;\">El hasta hace poco intachable abogado, C\u00e9sar J\u00e1uregui Robles, despide mujeres embarazadas haciendo alarde (no gala) de su desprecio a cualquier prohibici\u00f3n relativa a la discriminaci\u00f3n,<sup style=\"font-style: inherit; font-weight: inherit;\">3<\/sup>\u00a0litiga desde las sombras los asuntos entre el Gobierno del que forma parte y el despacho jur\u00eddico que reci\u00e9n acaba de dejar (falta ver si contin\u00faa siendo socio),<sup style=\"font-style: inherit; font-weight: inherit;\">4<\/sup>\u00a0abiertamente cabildea para integrar el Pleno del Tribunal Superior de Justicia,<sup style=\"font-style: inherit; font-weight: inherit;\">5<\/sup>intenta poner y quitar magistrados a su antojo<sup style=\"font-style: inherit; font-weight: inherit;\">6<\/sup>\u00a0-e, incluso, luego de trabajar por un Poder Judicial \u201cindependiente\u201d, impuso a su nuevo administrador-;<sup style=\"font-style: inherit; font-weight: inherit;\">7\u00a0<\/sup>y sin ning\u00fan pudor, tramita la publicaci\u00f3n de una reforma que \u00e9l mismo p\u00fablicamente tild\u00f3 de inconstitucional.<sup style=\"font-style: inherit; font-weight: inherit;\">8<\/sup><\/p>\n<p style=\"text-align: justify;\">El tema de las fotomultas tambi\u00e9n resulta muy ilustrativo; habiendo prometido quitarlas, por inconstitucionales;<sup style=\"font-style: inherit; font-weight: inherit;\">9\u00a0<\/sup>\u00e9stas no s\u00f3lo se quedan, sino que el Estado pretende recaudar 70 millones de pesos por ese concepto para el 2017.<sup style=\"font-style: inherit; font-weight: inherit;\">10<\/sup><\/p>\n<p style=\"text-align: justify;\">Aprobada la creaci\u00f3n del Consejo de la Judicatura, ni el Poder Ejecutivo ni su reba\u00f1o profano (sagradas las\u00a0<em style=\"font-weight: inherit;\">Chivas Rayadas<\/em>) en el seno del Legislativo han designado al resto de sus integrantes, pese a estar constitucionalmente obligados a ello desde el pasado mes de octubre.<\/p>\n<p style=\"text-align: justify;\">En la UACH, con absoluto respeto a su autonom\u00eda, la Facultad de Derecho sigue sin Director porque los candidatos que fueron democr\u00e1tica y legalmente electos no le gustaron\u2026 a la Administraci\u00f3n estatal.<sup style=\"font-style: inherit; font-weight: inherit;\">11<\/sup><\/p>\n<p style=\"text-align: justify;\">Mientras tanto, el auto proclamado \u201cJoven Maravilla\u201d (ni los cercanos a \u00e9l sab\u00edamos que as\u00ed lo motej\u00f3 don Aurelio P\u00e1ez),<sup style=\"font-style: inherit; font-weight: inherit;\">12<\/sup>\u00a0en la presentaci\u00f3n de su Plan de Gobierno\u00a0expresamente ofreci\u00f3,\u00a0entre otras cosas:<sup style=\"font-style: inherit; font-weight: inherit;\">13<\/sup>\u00a0Nombrar un gabinete plural con los \u201c<em style=\"font-weight: inherit;\">mejores chihuahuenses<\/em>\u201d (no de amigos e incondicionales suyos), una nueva Constituci\u00f3n (de la que no se ven ni sus luces), un ajuste presupuestal y un reacomodo de los recursos de las secretar\u00edas (cre\u00f3 cinco nuevas dependencias),<sup style=\"font-style: inherit; font-weight: inherit;\">14\u00a0<\/sup>corregir el sistema de trasporte llamado\u00a0<em style=\"font-weight: inherit;\">Viveb\u00fas<\/em>\u00a0(lo \u00fanico que ha conseguido, hasta ahorita, es borrar los logos de las estaciones);<sup style=\"font-style: inherit; font-weight: inherit;\">15<\/sup>\u00a0y pese a que Robin protest\u00f3 guardar la Constituci\u00f3n del Estado y respetar la ley, tenemos que precisamente la Ley de Transporte y sus V\u00edas de Comunicaci\u00f3n local es clar\u00edsima al disponer que los particulares, personas f\u00edsicas o morales, que presten el servicio p\u00fablico de transporte\u00a0en cualquiera de sus modalidades requerir\u00e1n de concesi\u00f3n o permiso del Ejecutivo (art. 8\u00ba); y que constituye infracci\u00f3n, el\u00a0 que sin concesi\u00f3n o permiso se\u00a0preste\u00a0 servicio\u00a0\u00a0 p\u00fablico\u00a0\u00a0 de\u00a0 transporte\u00a0(art. 74, f. I); ah\u00ed lo tiene Usted -y para colmo sin Batman- imponi\u00e9ndose contra esa Constituci\u00f3n y la Ley porque de que Uber se queda, se queda.<sup style=\"font-style: inherit; font-weight: inherit;\">16<\/sup><\/p>\n<p style=\"text-align: justify;\">No cabe duda, salieron trompuditos y desmemoriados.<\/p>\n<p style=\"text-align: justify;\">Cont\u00e1cteme a trav\u00e9s de mi correo electr\u00f3nico o s\u00edganme en los medios que gentilmente me publican cada semana, en mi cuenta de<em>\u00a0<\/em><em>Facebook<\/em>\u00a0(Luis Villegas Montes) o tambi\u00e9n en mi blog:\u00a0<a style=\"font-style: inherit; font-weight: inherit;\" href=\"https:\/\/unareflexionpersonal.wordpress.com\/\">https:\/\/unareflexionpersonal.wordpress.com\/<\/a><\/p>\n<p style=\"text-align: justify;\"><strong>Luis Villegas Montes.<\/strong><\/p>\n<p style=\"text-align: justify;\"><strong style=\"font-style: inherit;\">luvimo6608@<\/strong><strong>gmail.com<\/strong><strong>,\u00a0<a style=\"font-style: inherit; font-weight: inherit;\" href=\"mailto:luvimo66_@hotmail.com\">luvimo6614@hotmail.com<\/a><\/strong><\/p>\n","protected":false},"excerpt":{"rendered":"<p>El ilustre maestro Felipe Tena Ram\u00edrez escribi\u00f3 respecto de la revoluci\u00f3n, palabras m\u00e1s, palabras menos, que si no se acepta la existencia de un Constituyente sin l\u00edmites, en cierto modo la Constituci\u00f3n es inmodificable; y, para reformarla integralmente, es necesario salirse de la propia Constituci\u00f3n.<\/p>\n","protected":false},"author":6,"featured_media":0,"comment_status":"open","ping_status":"open","sticky":false,"template":"","format":"standard","meta":{"_acf_changed":false,"_monsterinsights_skip_tracking":false,"slim_seo":{"title":"El mal del marrano y la Administraci\u00f3n Corralista - Opini\u00f3n P\u00fablica","description":"El ilustre maestro Felipe Tena Ram\u00edrez escribi\u00f3 respecto de la revoluci\u00f3n, palabras m\u00e1s, palabras menos, que si no se acepta la existencia de un Constituyente s"},"footnotes":""},"categories":[19],"tags":[],"class_list":["post-11222","post","type-post","status-publish","format-standard","hentry","category-principal-columnas"],"acf":[],"_links":{"self":[{"href":"https:\/\/www.opinionpublica.tv\/portada\/wp-json\/wp\/v2\/posts\/11222","targetHints":{"allow":["GET"]}}],"collection":[{"href":"https:\/\/www.opinionpublica.tv\/portada\/wp-json\/wp\/v2\/posts"}],"about":[{"href":"https:\/\/www.opinionpublica.tv\/portada\/wp-json\/wp\/v2\/types\/post"}],"author":[{"embeddable":true,"href":"https:\/\/www.opinionpublica.tv\/portada\/wp-json\/wp\/v2\/users\/6"}],"replies":[{"embeddable":true,"href":"https:\/\/www.opinionpublica.tv\/portada\/wp-json\/wp\/v2\/comments?post=11222"}],"version-history":[{"count":0,"href":"https:\/\/www.opinionpublica.tv\/portada\/wp-json\/wp\/v2\/posts\/11222\/revisions"}],"wp:attachment":[{"href":"https:\/\/www.opinionpublica.tv\/portada\/wp-json\/wp\/v2\/media?parent=11222"}],"wp:term":[{"taxonomy":"category","embeddable":true,"href":"https:\/\/www.opinionpublica.tv\/portada\/wp-json\/wp\/v2\/categories?post=11222"},{"taxonomy":"post_tag","embeddable":true,"href":"https:\/\/www.opinionpublica.tv\/portada\/wp-json\/wp\/v2\/tags?post=11222"}],"curies":[{"name":"wp","href":"https:\/\/api.w.org\/{rel}","templated":true}]}}