{"id":11221,"date":"2017-01-19T07:00:00","date_gmt":"2017-01-19T06:00:00","guid":{"rendered":"https:\/\/www.opinionpublica.tv\/portada\/2017\/01\/19\/el-chapo-guzman-ya-esta-en-nueva-york-sera-juzgado-por-narcotrafico\/"},"modified":"2017-01-19T07:00:00","modified_gmt":"2017-01-19T06:00:00","slug":"el-chapo-guzman-ya-esta-en-nueva-york-sera-juzgado-por-narcotrafico","status":"publish","type":"post","link":"https:\/\/www.opinionpublica.tv\/portada\/el-chapo-guzman-ya-esta-en-nueva-york-sera-juzgado-por-narcotrafico\/","title":{"rendered":"&#8216;El Chapo&#8217; Guzm\u00e1n ya est\u00e1 en Nueva York; enfrentar\u00e1 seis juicios por narcotr\u00e1fico"},"content":{"rendered":"<p><img fetchpriority=\"high\" decoding=\"async\" class=\" size-full wp-image-11220\" src=\"https:\/\/www.opinionpublica.tv\/portada\/wp-content\/uploads\/2017\/01\/a7bee8a78ec1c08f2d86fa26ffc30ce3.jpg\" alt=\"\" width=\"980\" height=\"617\" srcset=\"https:\/\/www.opinionpublica.tv\/portada\/wp-content\/uploads\/2017\/01\/a7bee8a78ec1c08f2d86fa26ffc30ce3.jpg 980w, https:\/\/www.opinionpublica.tv\/portada\/wp-content\/uploads\/2017\/01\/a7bee8a78ec1c08f2d86fa26ffc30ce3-300x189.jpg 300w, https:\/\/www.opinionpublica.tv\/portada\/wp-content\/uploads\/2017\/01\/a7bee8a78ec1c08f2d86fa26ffc30ce3-768x484.jpg 768w\" sizes=\"(max-width: 980px) 100vw, 980px\" \/><br \/>\n<!--more--><\/p>\n<p style=\"text-align: justify;\">Luego de su sorpresiva extradici\u00f3n desde un penal federal en Ciudad Ju\u00e1rez, la noche de este jueves aterriz\u00f3 en el\u00a0Aeropuerto de MacArthur\u00a0de Long Island, el avi\u00f3n en el que\u00a0Joaqu\u00edn \u2018El Chapo\u2019 Guzm\u00e1n\u00a0Loera fue extraditado a los Estados Unidos.<\/p>\n<p style=\"text-align: justify;\">Un fuerte dispositivo de seguridad tuvo lugar en el aeropuerto estadounidense para recibir al famoso capo mexicano.<\/p>\n<p style=\"text-align: justify;\">Hasta el momento no se ha informado en qu\u00e9 centro penitenciario se ubicar\u00e1 a Guzm\u00e1n Loera, aunque en las \u00faltimas horas sobresali\u00f3 que podr\u00eda ser en el Centro Metropolitano de Detenci\u00f3n de Brooklyn, centro en el que se encuentran los reclusos considerados \u201cextremadamente peligrosos\u201d.<\/p>\n<p style=\"text-align: justify;\">Se prev\u00e9 que \u2018El Chapo\u2019 comparezca este mismo viernes en un tribunal de Brooklyn, donde serla juzgado en una fecha posterior.<\/p>\n<p style=\"text-align: justify;\">Al respecto, el Departamento de Justicia de Estados Unidos inform\u00f3 que\u00a0Joaqu\u00edn \u201cEl Chapo\u201d Guzm\u00e1n Loera\u00a0lleg\u00f3 a dicha naci\u00f3n para enfrentar cargos criminales en relaci\u00f3n a su papel como cabecilla del grupo mexicano del\u00a0crimen organizado\u00a0conocido como el C\u00e1rtel de Sinaloa.<\/p>\n<p style=\"text-align: justify;\">A trav\u00e9s de un comunicado, el organismo detall\u00f3 que \u201cGuzm\u00e1n Loera est\u00e1 vinculado a seis\u00a0diferentes procesos judiciales\u00a0en Estados Unidos; sin embargo, la acusaci\u00f3n presentada en el Distrito Este de Nueva York dispone que primero debe entrar a ese distrito de Estados Unidos para as\u00ed preservar dicha acusaci\u00f3n.\u00a0 Siendo as\u00ed, Guzm\u00e1n Loera aterriz\u00f3 en el aeropuerto internacional\u00a0Long Island MacArthur\u00a0en Islip, Nueva York.\u201d.<\/p>\n<p style=\"text-align: justify;\">El Departamento de Justicia agradeci\u00f3 al gobierno de M\u00e9xico por su amplia cooperaci\u00f3n y asistencia para asegurar la\u00a0extradici\u00f3n<strong>\u00a0<\/strong>de Guzm\u00e1n Loera a Estados Unidos.<\/p>\n<p style=\"text-align: justify;\">Se inform\u00f3 que m\u00e1s adelante se dar\u00e1n los detalles adicionales sobre la hora y el lugar de la presentaci\u00f3n inicial de Guzm\u00e1n Loera ante un juzgado.<\/p>\n<p style=\"text-align: justify;\">Con informaci\u00f3n de Exc\u00e9lsior.<\/p>\n","protected":false},"excerpt":{"rendered":"","protected":false},"author":6,"featured_media":11220,"comment_status":"open","ping_status":"open","sticky":false,"template":"","format":"standard","meta":{"_acf_changed":false,"_monsterinsights_skip_tracking":false,"slim_seo":{"title":"'El Chapo' Guzm\u00e1n ya est\u00e1 en Nueva York; enfrentar\u00e1 seis juicios por narcotr\u00e1fico - Opini\u00f3n P\u00fablica","description":"Luego de su sorpresiva extradici\u00f3n desde un penal federal en Ciudad Ju\u00e1rez, la noche de este jueves aterriz\u00f3 en el\u00a0Aeropuerto de MacArthur\u00a0de Long Island, el av"},"footnotes":""},"categories":[3],"tags":[],"class_list":["post-11221","post","type-post","status-publish","format-standard","has-post-thumbnail","hentry","category-principal"],"acf":[],"_links":{"self":[{"href":"https:\/\/www.opinionpublica.tv\/portada\/wp-json\/wp\/v2\/posts\/11221","targetHints":{"allow":["GET"]}}],"collection":[{"href":"https:\/\/www.opinionpublica.tv\/portada\/wp-json\/wp\/v2\/posts"}],"about":[{"href":"https:\/\/www.opinionpublica.tv\/portada\/wp-json\/wp\/v2\/types\/post"}],"author":[{"embeddable":true,"href":"https:\/\/www.opinionpublica.tv\/portada\/wp-json\/wp\/v2\/users\/6"}],"replies":[{"embeddable":true,"href":"https:\/\/www.opinionpublica.tv\/portada\/wp-json\/wp\/v2\/comments?post=11221"}],"version-history":[{"count":0,"href":"https:\/\/www.opinionpublica.tv\/portada\/wp-json\/wp\/v2\/posts\/11221\/revisions"}],"wp:featuredmedia":[{"embeddable":true,"href":"https:\/\/www.opinionpublica.tv\/portada\/wp-json\/wp\/v2\/media\/11220"}],"wp:attachment":[{"href":"https:\/\/www.opinionpublica.tv\/portada\/wp-json\/wp\/v2\/media?parent=11221"}],"wp:term":[{"taxonomy":"category","embeddable":true,"href":"https:\/\/www.opinionpublica.tv\/portada\/wp-json\/wp\/v2\/categories?post=11221"},{"taxonomy":"post_tag","embeddable":true,"href":"https:\/\/www.opinionpublica.tv\/portada\/wp-json\/wp\/v2\/tags?post=11221"}],"curies":[{"name":"wp","href":"https:\/\/api.w.org\/{rel}","templated":true}]}}