{"id":11219,"date":"2017-01-19T07:00:00","date_gmt":"2017-01-19T06:00:00","guid":{"rendered":"https:\/\/www.opinionpublica.tv\/portada\/2017\/01\/19\/costara-mil-200-millones-segunda-ruta-troncal-del-vivebus\/"},"modified":"2017-01-19T07:00:00","modified_gmt":"2017-01-19T06:00:00","slug":"costara-mil-200-millones-segunda-ruta-troncal-del-vivebus","status":"publish","type":"post","link":"https:\/\/www.opinionpublica.tv\/portada\/costara-mil-200-millones-segunda-ruta-troncal-del-vivebus\/","title":{"rendered":"Costar\u00e1 mil 200 millones segunda ruta troncal del Viveb\u00fas"},"content":{"rendered":"<p><img fetchpriority=\"high\" decoding=\"async\" class=\" size-full wp-image-11218\" src=\"https:\/\/www.opinionpublica.tv\/portada\/wp-content\/uploads\/2017\/01\/a9a64651cbeb4286c9b2ac3f09faef79-scaled.jpg\" alt=\"\" width=\"2560\" height=\"1872\" srcset=\"https:\/\/www.opinionpublica.tv\/portada\/wp-content\/uploads\/2017\/01\/a9a64651cbeb4286c9b2ac3f09faef79-scaled.jpg 2560w, https:\/\/www.opinionpublica.tv\/portada\/wp-content\/uploads\/2017\/01\/a9a64651cbeb4286c9b2ac3f09faef79-300x219.jpg 300w, https:\/\/www.opinionpublica.tv\/portada\/wp-content\/uploads\/2017\/01\/a9a64651cbeb4286c9b2ac3f09faef79-1024x749.jpg 1024w, https:\/\/www.opinionpublica.tv\/portada\/wp-content\/uploads\/2017\/01\/a9a64651cbeb4286c9b2ac3f09faef79-768x562.jpg 768w, https:\/\/www.opinionpublica.tv\/portada\/wp-content\/uploads\/2017\/01\/a9a64651cbeb4286c9b2ac3f09faef79-1536x1123.jpg 1536w, https:\/\/www.opinionpublica.tv\/portada\/wp-content\/uploads\/2017\/01\/a9a64651cbeb4286c9b2ac3f09faef79-2048x1498.jpg 2048w\" sizes=\"(max-width: 2560px) 100vw, 2560px\" \/><br \/>\n<!--more--><\/p>\n<p style=\"text-align: justify;\">Con la participaci\u00f3n de los tres niveles de gobierno, est\u00e1 por terminarse el proyecto ejecutivo para la implementar la segunda ruta troncal del Sistema de Transporte Semimasivo Viveb\u00fas, mediante una inversi\u00f3n estimada de mil 200 millones de pesos.<\/p>\n<p style=\"text-align: justify;\">Esta ruta, en una primera etapa, iniciar\u00eda en la parte poniente de la ciudad, en la calle Oro, bajar\u00eda por la 16 de Septiembre, pasa por Paseo Triunfo de la Rep\u00fablica, despu\u00e9s con Avenida Tecnol\u00f3gico hasta llegar al bulevar Zaragoza, donde en este \u00faltimo lugar probablemente haya una ruta expr\u00e9s hacia el aeropuerto.<\/p>\n<p style=\"text-align: justify;\">Jos\u00e9 Mar\u00eda Fern\u00e1ndez Sigala, secretario T\u00e9cnico del Fideicomiso de Transporte Viveb\u00fas Ju\u00e1rez, inform\u00f3 que este proyecto lo coordina la Secretar\u00eda de Desarrollo Urbano del Estado, con empresa consultora que lo est\u00e1 realizando, bajo la supervisi\u00f3n del Instituto Municipal de Investigaci\u00f3n y Planeaci\u00f3n, as\u00ed como el Sistema Viveb\u00fas.<\/p>\n<p style=\"text-align: justify;\">Se\u00f1al\u00f3 que el costo estimado para la implementaci\u00f3n de la Segunda Ruta Troncal ser\u00e1 de mil 200 millones de pesos, sin incluir unidades de transporte, y se estima que las obras pueden iniciar en el presente a\u00f1o.<\/p>\n<p style=\"text-align: justify;\">Las obras contemplan carril confinado, estaciones de ascenso y descenso con pago con tarjeta inteligente, paraderos confinados diferentes a los de la troncal uno porque ser\u00e1n m\u00e1s funcionales.<\/p>\n<p style=\"text-align: justify;\">El funcionario indic\u00f3 que cuando el proyecto t\u00e9cnico tenga el visto bueno de todas las partes, se ver\u00e1 la parte financiera, donde intervienen los tres niveles de gobierno, ya que la Federaci\u00f3n tiene que haber una liberaci\u00f3n de recursos de la Secretar\u00eda de Hacienda, pero tambi\u00e9n intervienen la Secretar\u00eda de Comunicaciones y Transportes, Banobras, entre otras dependencias.<\/p>\n","protected":false},"excerpt":{"rendered":"","protected":false},"author":6,"featured_media":11218,"comment_status":"open","ping_status":"open","sticky":false,"template":"","format":"standard","meta":{"_acf_changed":false,"_monsterinsights_skip_tracking":false,"slim_seo":{"title":"Costar\u00e1 mil 200 millones segunda ruta troncal del Viveb\u00fas - Opini\u00f3n P\u00fablica","description":"Con la participaci\u00f3n de los tres niveles de gobierno, est\u00e1 por terminarse el proyecto ejecutivo para la implementar la segunda ruta troncal del Sistema de Trans"},"footnotes":""},"categories":[5],"tags":[],"class_list":["post-11219","post","type-post","status-publish","format-standard","has-post-thumbnail","hentry","category-frontera"],"acf":[],"_links":{"self":[{"href":"https:\/\/www.opinionpublica.tv\/portada\/wp-json\/wp\/v2\/posts\/11219","targetHints":{"allow":["GET"]}}],"collection":[{"href":"https:\/\/www.opinionpublica.tv\/portada\/wp-json\/wp\/v2\/posts"}],"about":[{"href":"https:\/\/www.opinionpublica.tv\/portada\/wp-json\/wp\/v2\/types\/post"}],"author":[{"embeddable":true,"href":"https:\/\/www.opinionpublica.tv\/portada\/wp-json\/wp\/v2\/users\/6"}],"replies":[{"embeddable":true,"href":"https:\/\/www.opinionpublica.tv\/portada\/wp-json\/wp\/v2\/comments?post=11219"}],"version-history":[{"count":0,"href":"https:\/\/www.opinionpublica.tv\/portada\/wp-json\/wp\/v2\/posts\/11219\/revisions"}],"wp:featuredmedia":[{"embeddable":true,"href":"https:\/\/www.opinionpublica.tv\/portada\/wp-json\/wp\/v2\/media\/11218"}],"wp:attachment":[{"href":"https:\/\/www.opinionpublica.tv\/portada\/wp-json\/wp\/v2\/media?parent=11219"}],"wp:term":[{"taxonomy":"category","embeddable":true,"href":"https:\/\/www.opinionpublica.tv\/portada\/wp-json\/wp\/v2\/categories?post=11219"},{"taxonomy":"post_tag","embeddable":true,"href":"https:\/\/www.opinionpublica.tv\/portada\/wp-json\/wp\/v2\/tags?post=11219"}],"curies":[{"name":"wp","href":"https:\/\/api.w.org\/{rel}","templated":true}]}}