{"id":11217,"date":"2017-01-19T07:00:00","date_gmt":"2017-01-19T06:00:00","guid":{"rendered":"https:\/\/www.opinionpublica.tv\/portada\/2017\/01\/19\/extraditan-al-chapo-guzman-a-eu\/"},"modified":"2017-01-19T07:00:00","modified_gmt":"2017-01-19T06:00:00","slug":"extraditan-al-chapo-guzman-a-eu","status":"publish","type":"post","link":"https:\/\/www.opinionpublica.tv\/portada\/extraditan-al-chapo-guzman-a-eu\/","title":{"rendered":"Extraditan a &#8216;El Chapo&#8217; Guzm\u00e1n a EU; su abogada lo califica como un acto ilegal"},"content":{"rendered":"<p><img fetchpriority=\"high\" decoding=\"async\" class=\" size-full wp-image-11215\" src=\"https:\/\/www.opinionpublica.tv\/portada\/wp-content\/uploads\/2017\/01\/8f902d649eff38c5165c04fe32c01509.jpg\" alt=\"\" width=\"513\" height=\"408\" srcset=\"https:\/\/www.opinionpublica.tv\/portada\/wp-content\/uploads\/2017\/01\/8f902d649eff38c5165c04fe32c01509.jpg 513w, https:\/\/www.opinionpublica.tv\/portada\/wp-content\/uploads\/2017\/01\/8f902d649eff38c5165c04fe32c01509-300x239.jpg 300w\" sizes=\"(max-width: 513px) 100vw, 513px\" \/><br \/>\n<!--more--><\/p>\n<p style=\"text-align: justify;\">Alrededor de las 15:00 horas de este jueves, se registr\u00f3 una movilizaci\u00f3n inusual en el Centro Federal de Readaptaci\u00f3n Social (Cefereso) N\u00famero 9, ubicado en Ciudad Ju\u00e1rez, Chihuahua, donde se encontraba recluido el narcotraficante Joaqu\u00edn el \u2018Chapo\u2019 Guzm\u00e1n Loera, lo cual fue considerado por su abogada como un acto ilegal de la autoridad \u00abpor violar el debido proceso\u00bb.<\/p>\n<p style=\"text-align: justify;\">Momentos despu\u00e9s, se confirm\u00f3 que este movimiento se deb\u00eda a que el l\u00edder del C\u00e1rtel de Sinaloa saldr\u00eda del penal para ser extraditado a Estados Unidos, espec\u00edficamente con destino a Nueva York.<\/p>\n<p style=\"text-align: justify;\">Las actividades inusuales en el Cefereso iniciaron con el aterrizaje de un helic\u00f3ptero y despu\u00e9s con la tramitolog\u00eda para extraditar a Guzm\u00e1n Loera hacia los Estados Unidos, pa\u00eds que solicitaba su llegada para enfrentar a la justicia.<\/p>\n<p style=\"text-align: justify;\">\u00a0<\/p>\n<p style=\"text-align: justify;\"><img decoding=\"async\" class=\" size-full wp-image-11216\" src=\"https:\/\/www.opinionpublica.tv\/portada\/wp-content\/uploads\/2017\/01\/Captura_de_pantalla_20170119_a_las_43146_PM.png\" width=\"712\" height=\"409\" srcset=\"https:\/\/www.opinionpublica.tv\/portada\/wp-content\/uploads\/2017\/01\/Captura_de_pantalla_20170119_a_las_43146_PM.png 848w, https:\/\/www.opinionpublica.tv\/portada\/wp-content\/uploads\/2017\/01\/Captura_de_pantalla_20170119_a_las_43146_PM-300x172.png 300w, https:\/\/www.opinionpublica.tv\/portada\/wp-content\/uploads\/2017\/01\/Captura_de_pantalla_20170119_a_las_43146_PM-768x441.png 768w\" sizes=\"(max-width: 712px) 100vw, 712px\" \/><\/p>\n<p style=\"text-align: justify;\">\u00a0<\/p>\n<p style=\"text-align: justify;\">Joaqu\u00edn Guzm\u00e1n Loera fue trasladado\u00a0al aeropuerto de Ciudad Ju\u00e1rez a bordo de un Bombardier Challenger 605, matr\u00edcula XB-NWD, propiedad de la PGR, rumbo a los Estados Unidos, mismo que despeg\u00f3 minutos despu\u00e9s, para que este mismo d\u00eda se\u00a0haga efectivo el proceso de extradici\u00f3n.<\/p>\n<p style=\"text-align: justify;\">Minutos m\u00e1s tarde, la Secretar\u00eda de Relaciones Exteriores confirm\u00f3 que Guzm\u00e1n Loera fue extraditado la tarde de este jueves a los Estados Unidos, luego de que el Quinto Tribunal Colegiado en Materia Penal en la Ciudad de M\u00e9xico, determin\u00f3 negarle el amparo y protecci\u00f3n de la Justicia Federal.<\/p>\n<p style=\"text-align: justify;\">Al respecto, la abogada de Joaqu\u00edn Guzm\u00e1n Loera, Silvia Delgado, dijo que hab\u00eda visto al narcotraficante unas horas antes, pero\u00a0nunca recibi\u00f3 ninguna notificaci\u00f3n de su traslado, ni tampoco se ve\u00edan movimientos inusuales en ese penal federal.<\/p>\n<p style=\"text-align: justify;\">\u00abSi lo sacaron lo sacaron de manera ilegal y estoy sorprendida porque a\u00fan no se resuelve su recurso de extradici\u00f3n, se est\u00e1n violentando sus garant\u00edas individuales y el debido proceso\u00bb, asever\u00f3 la abogada.<\/p>\n<p style=\"text-align: justify;\">A trav\u00e9s de un comunicado, la dependencia explic\u00f3 que se concedi\u00f3 la extradici\u00f3n de Joaqu\u00edn Guzm\u00e1n Loera para ser procesado por diversos delitos, al considerar \u201cque dichos acuerdos cumplieron con las normas constitucionales, los requisitos establecidos en el tratado liberal y dem\u00e1s disposiciones legales vigentes para su emisi\u00f3n y que no fueron, ni han sido vulnerados, sus derechos humanos en los procedimientos instaurados\u201d.<\/p>\n<p style=\"text-align: justify;\">\u201cEn consecuencia, para dar cumplimiento a los acuerdos de extradici\u00f3n, esta dependencia del Gobierno Federal puso a disposici\u00f3n de la Procuradur\u00eda General de la Rep\u00fablica a Joaqu\u00edn Guzm\u00e1n Loera, y a trav\u00e9s de la misma, el Gobierno de la Rep\u00fablica el d\u00eda de hoy entreg\u00f3 al Se\u00f1or Guzm\u00e1n Loera a las autoridades los Estados Unidos de Am\u00e9rica\u201d, agrega el texto de la SRE.<\/p>\n","protected":false},"excerpt":{"rendered":"","protected":false},"author":6,"featured_media":11215,"comment_status":"open","ping_status":"open","sticky":false,"template":"","format":"standard","meta":{"_acf_changed":false,"_monsterinsights_skip_tracking":false,"slim_seo":{"title":"Extraditan a 'El Chapo' Guzm\u00e1n a EU; su abogada lo califica como un acto ilegal - Opini\u00f3n P\u00fablica","description":"Alrededor de las 15:00 horas de este jueves, se registr\u00f3 una movilizaci\u00f3n inusual en el Centro Federal de Readaptaci\u00f3n Social (Cefereso) N\u00famero 9, ubicado en Ci"},"footnotes":""},"categories":[3],"tags":[],"class_list":["post-11217","post","type-post","status-publish","format-standard","has-post-thumbnail","hentry","category-principal"],"acf":[],"_links":{"self":[{"href":"https:\/\/www.opinionpublica.tv\/portada\/wp-json\/wp\/v2\/posts\/11217","targetHints":{"allow":["GET"]}}],"collection":[{"href":"https:\/\/www.opinionpublica.tv\/portada\/wp-json\/wp\/v2\/posts"}],"about":[{"href":"https:\/\/www.opinionpublica.tv\/portada\/wp-json\/wp\/v2\/types\/post"}],"author":[{"embeddable":true,"href":"https:\/\/www.opinionpublica.tv\/portada\/wp-json\/wp\/v2\/users\/6"}],"replies":[{"embeddable":true,"href":"https:\/\/www.opinionpublica.tv\/portada\/wp-json\/wp\/v2\/comments?post=11217"}],"version-history":[{"count":0,"href":"https:\/\/www.opinionpublica.tv\/portada\/wp-json\/wp\/v2\/posts\/11217\/revisions"}],"wp:featuredmedia":[{"embeddable":true,"href":"https:\/\/www.opinionpublica.tv\/portada\/wp-json\/wp\/v2\/media\/11215"}],"wp:attachment":[{"href":"https:\/\/www.opinionpublica.tv\/portada\/wp-json\/wp\/v2\/media?parent=11217"}],"wp:term":[{"taxonomy":"category","embeddable":true,"href":"https:\/\/www.opinionpublica.tv\/portada\/wp-json\/wp\/v2\/categories?post=11217"},{"taxonomy":"post_tag","embeddable":true,"href":"https:\/\/www.opinionpublica.tv\/portada\/wp-json\/wp\/v2\/tags?post=11217"}],"curies":[{"name":"wp","href":"https:\/\/api.w.org\/{rel}","templated":true}]}}