{"id":11212,"date":"2017-01-19T07:00:00","date_gmt":"2017-01-19T06:00:00","guid":{"rendered":"https:\/\/www.opinionpublica.tv\/portada\/2017\/01\/19\/estado-vendera-activos-estatales-por-plan-de-austeridad\/"},"modified":"2017-01-19T07:00:00","modified_gmt":"2017-01-19T06:00:00","slug":"estado-vendera-activos-estatales-por-plan-de-austeridad","status":"publish","type":"post","link":"https:\/\/www.opinionpublica.tv\/portada\/estado-vendera-activos-estatales-por-plan-de-austeridad\/","title":{"rendered":"Estado vender\u00e1 activos estatales por plan de austeridad"},"content":{"rendered":"<p><img fetchpriority=\"high\" decoding=\"async\" class=\" size-full wp-image-11211\" src=\"https:\/\/www.opinionpublica.tv\/portada\/wp-content\/uploads\/2017\/01\/def50bcfebbc4b58c2380d1d9647ed19.jpg\" alt=\"\" width=\"712\" height=\"400\" srcset=\"https:\/\/www.opinionpublica.tv\/portada\/wp-content\/uploads\/2017\/01\/def50bcfebbc4b58c2380d1d9647ed19.jpg 712w, https:\/\/www.opinionpublica.tv\/portada\/wp-content\/uploads\/2017\/01\/def50bcfebbc4b58c2380d1d9647ed19-300x169.jpg 300w\" sizes=\"(max-width: 712px) 100vw, 712px\" \/><br \/>\n<!--more--><\/p>\n<p style=\"text-align: justify;\">Este mi\u00e9rcoles, el gobernador del estado Javier Corral anunci\u00f3 el acuerdo de austeridad con el cual la habr\u00e1n de enfrentar la realidad financiera de la entidad. El acuerdo establece la venta de activos muebles e inmuebles, as\u00ed como el retiro de privilegios a servidores p\u00fablicos.<\/p>\n<p style=\"text-align: justify;\">El acuerdo responde a necesidad de generar ahorros que permitan invertir en proyectos productivos, como el rescate del campo, apoyar a peque\u00f1as y medianas empresas, y fortalecer \u00e1reas de desarrollo social como salud, seguridad p\u00fablica, educaci\u00f3n, y otras m\u00e1s.<\/p>\n<p style=\"text-align: justify;\">Se propone poner en venta la casa de gobierno ubicada en la avenida Zarco, as\u00ed como otros 14 terrenos estatales. Tambi\u00e9n se propone poner a la venta un total de 500 veh\u00edculos terrestres, y seis aeronaves, propiedad de gobierno del Estado, que se juzg\u00f3 no son necesarios para las actividades del servicio p\u00fablico.<\/p>\n<p style=\"text-align: justify;\">Incluye entre otras cosas, la restricci\u00f3n de gastos en vi\u00e1ticos, alimentos, viajes y combustibles a los servidores p\u00fablicos, as\u00ed como la prestaci\u00f3n de servicios de telefon\u00eda celular.<\/p>\n<p style=\"text-align: justify;\">Corral indic\u00f3 que se cancelar\u00e1n todas las l\u00edneas de servidores p\u00fablicos con cargo al erario, excepto aquellas para el sistema de peaje, seguridad p\u00fablica, protecci\u00f3n civil e inspecci\u00f3n sanitaria.<\/p>\n","protected":false},"excerpt":{"rendered":"","protected":false},"author":4,"featured_media":11211,"comment_status":"open","ping_status":"open","sticky":false,"template":"","format":"standard","meta":{"_acf_changed":false,"_monsterinsights_skip_tracking":false,"slim_seo":{"title":"Estado vender\u00e1 activos estatales por plan de austeridad - Opini\u00f3n P\u00fablica","description":"Este mi\u00e9rcoles, el gobernador del estado Javier Corral anunci\u00f3 el acuerdo de austeridad con el cual la habr\u00e1n de enfrentar la realidad financiera de la entidad."},"footnotes":""},"categories":[4],"tags":[],"class_list":["post-11212","post","type-post","status-publish","format-standard","has-post-thumbnail","hentry","category-pulsopolitico"],"acf":[],"_links":{"self":[{"href":"https:\/\/www.opinionpublica.tv\/portada\/wp-json\/wp\/v2\/posts\/11212","targetHints":{"allow":["GET"]}}],"collection":[{"href":"https:\/\/www.opinionpublica.tv\/portada\/wp-json\/wp\/v2\/posts"}],"about":[{"href":"https:\/\/www.opinionpublica.tv\/portada\/wp-json\/wp\/v2\/types\/post"}],"author":[{"embeddable":true,"href":"https:\/\/www.opinionpublica.tv\/portada\/wp-json\/wp\/v2\/users\/4"}],"replies":[{"embeddable":true,"href":"https:\/\/www.opinionpublica.tv\/portada\/wp-json\/wp\/v2\/comments?post=11212"}],"version-history":[{"count":0,"href":"https:\/\/www.opinionpublica.tv\/portada\/wp-json\/wp\/v2\/posts\/11212\/revisions"}],"wp:featuredmedia":[{"embeddable":true,"href":"https:\/\/www.opinionpublica.tv\/portada\/wp-json\/wp\/v2\/media\/11211"}],"wp:attachment":[{"href":"https:\/\/www.opinionpublica.tv\/portada\/wp-json\/wp\/v2\/media?parent=11212"}],"wp:term":[{"taxonomy":"category","embeddable":true,"href":"https:\/\/www.opinionpublica.tv\/portada\/wp-json\/wp\/v2\/categories?post=11212"},{"taxonomy":"post_tag","embeddable":true,"href":"https:\/\/www.opinionpublica.tv\/portada\/wp-json\/wp\/v2\/tags?post=11212"}],"curies":[{"name":"wp","href":"https:\/\/api.w.org\/{rel}","templated":true}]}}