{"id":11210,"date":"2017-01-19T07:00:00","date_gmt":"2017-01-19T06:00:00","guid":{"rendered":"https:\/\/www.opinionpublica.tv\/portada\/2017\/01\/19\/premio-nobel-de-economia-advierte-fallo-en-planes-de-trump\/"},"modified":"2017-01-19T07:00:00","modified_gmt":"2017-01-19T06:00:00","slug":"premio-nobel-de-economia-advierte-fallo-en-planes-de-trump","status":"publish","type":"post","link":"https:\/\/www.opinionpublica.tv\/portada\/premio-nobel-de-economia-advierte-fallo-en-planes-de-trump\/","title":{"rendered":"Premio Nobel de Econom\u00eda advierte fallo en planes de Trump"},"content":{"rendered":"<p><img fetchpriority=\"high\" decoding=\"async\" class=\" size-full wp-image-11209\" src=\"https:\/\/www.opinionpublica.tv\/portada\/wp-content\/uploads\/2017\/01\/400a751f337518a072e23571079bf65d.jpg\" alt=\"\" width=\"640\" height=\"400\" srcset=\"https:\/\/www.opinionpublica.tv\/portada\/wp-content\/uploads\/2017\/01\/400a751f337518a072e23571079bf65d.jpg 640w, https:\/\/www.opinionpublica.tv\/portada\/wp-content\/uploads\/2017\/01\/400a751f337518a072e23571079bf65d-300x188.jpg 300w\" sizes=\"(max-width: 640px) 100vw, 640px\" \/><br \/>\n<!--more--><\/p>\n<p style=\"text-align: justify;\">El plan econ\u00f3mico de Donald Trump, presidente electo de Estados Unidos, fracasar\u00e1, declar\u00f3 Joseph Stiglitz, premio Nobel de econom\u00eda 2001.<\/p>\n<p style=\"text-align: justify;\">\u201cSu pol\u00edtica no funcionar\u00e1\u201d, coment\u00f3 a la prensa el economista estadounidense a la prensa, en el marco del Foro Econ\u00f3mico Mundial n\u00famero 47, celebrado en Davos, Suiza.<\/p>\n<p style=\"text-align: justify;\">Stiglitz dijo que el d\u00e9ficit comercial empeorar\u00e1 con el camino que ha propuesto con sus propuestas macroecon\u00f3micas, de corte proteccionista.<\/p>\n<p style=\"text-align: justify;\">El catedr\u00e1tico de la Universidad de Columbia dijo que Trump puede recuperar miles de empleos, pero desde el punto de vista econ\u00f3mico no prosperar\u00e1n.<\/p>\n<p style=\"text-align: justify;\">Este comentario se produce despu\u00e9s de que el magnate inmobiliario ha amenazado a empresas extranjeras, particularmente automotrices como Ford, GM y Toyota, con m\u00e1s impuestos a sus exportaciones de productos hechos en M\u00e9xico.<\/p>\n<p style=\"text-align: justify;\">Y parece haber obtenido resultados, pues el 5 de enero, Ford cancel\u00f3 una inversi\u00f3n en San Luis Potos\u00ed por 1,600 millones de d\u00f3lares para desembolsar 700 mdd en su planta Flat Rock, Michigan.<\/p>\n<p style=\"text-align: justify;\">\u00a0<\/p>\n<p style=\"text-align: justify;\">Con informaci\u00f3n de Forbes M\u00e9xico<\/p>\n","protected":false},"excerpt":{"rendered":"","protected":false},"author":4,"featured_media":11209,"comment_status":"open","ping_status":"open","sticky":false,"template":"","format":"standard","meta":{"_acf_changed":false,"_monsterinsights_skip_tracking":false,"slim_seo":{"title":"Premio Nobel de Econom\u00eda advierte fallo en planes de Trump - Opini\u00f3n P\u00fablica","description":"El plan econ\u00f3mico de Donald Trump, presidente electo de Estados Unidos, fracasar\u00e1, declar\u00f3 Joseph Stiglitz, premio Nobel de econom\u00eda 2001. \u201cSu pol\u00edtica no funci"},"footnotes":""},"categories":[24],"tags":[],"class_list":["post-11210","post","type-post","status-publish","format-standard","has-post-thumbnail","hentry","category-estados-unidos"],"acf":[],"_links":{"self":[{"href":"https:\/\/www.opinionpublica.tv\/portada\/wp-json\/wp\/v2\/posts\/11210","targetHints":{"allow":["GET"]}}],"collection":[{"href":"https:\/\/www.opinionpublica.tv\/portada\/wp-json\/wp\/v2\/posts"}],"about":[{"href":"https:\/\/www.opinionpublica.tv\/portada\/wp-json\/wp\/v2\/types\/post"}],"author":[{"embeddable":true,"href":"https:\/\/www.opinionpublica.tv\/portada\/wp-json\/wp\/v2\/users\/4"}],"replies":[{"embeddable":true,"href":"https:\/\/www.opinionpublica.tv\/portada\/wp-json\/wp\/v2\/comments?post=11210"}],"version-history":[{"count":0,"href":"https:\/\/www.opinionpublica.tv\/portada\/wp-json\/wp\/v2\/posts\/11210\/revisions"}],"wp:featuredmedia":[{"embeddable":true,"href":"https:\/\/www.opinionpublica.tv\/portada\/wp-json\/wp\/v2\/media\/11209"}],"wp:attachment":[{"href":"https:\/\/www.opinionpublica.tv\/portada\/wp-json\/wp\/v2\/media?parent=11210"}],"wp:term":[{"taxonomy":"category","embeddable":true,"href":"https:\/\/www.opinionpublica.tv\/portada\/wp-json\/wp\/v2\/categories?post=11210"},{"taxonomy":"post_tag","embeddable":true,"href":"https:\/\/www.opinionpublica.tv\/portada\/wp-json\/wp\/v2\/tags?post=11210"}],"curies":[{"name":"wp","href":"https:\/\/api.w.org\/{rel}","templated":true}]}}