{"id":11194,"date":"2017-01-17T07:00:00","date_gmt":"2017-01-17T06:00:00","guid":{"rendered":"https:\/\/www.opinionpublica.tv\/portada\/2017\/01\/17\/deportaron-mas-de-mil-mexicanos-por-juarez-en-tres-meses\/"},"modified":"2017-01-17T07:00:00","modified_gmt":"2017-01-17T06:00:00","slug":"deportaron-mas-de-mil-mexicanos-por-juarez-en-tres-meses","status":"publish","type":"post","link":"https:\/\/www.opinionpublica.tv\/portada\/deportaron-mas-de-mil-mexicanos-por-juarez-en-tres-meses\/","title":{"rendered":"Deportaron m\u00e1s de mil mexicanos por Ju\u00e1rez en tres meses"},"content":{"rendered":"<p><img fetchpriority=\"high\" decoding=\"async\" class=\" size-full wp-image-11193\" src=\"https:\/\/www.opinionpublica.tv\/portada\/wp-content\/uploads\/2017\/01\/5b9c7c96c4dfbc21170d48a2cdefd3e8.jpg\" alt=\"\" width=\"538\" height=\"403\" srcset=\"https:\/\/www.opinionpublica.tv\/portada\/wp-content\/uploads\/2017\/01\/5b9c7c96c4dfbc21170d48a2cdefd3e8.jpg 538w, https:\/\/www.opinionpublica.tv\/portada\/wp-content\/uploads\/2017\/01\/5b9c7c96c4dfbc21170d48a2cdefd3e8-300x225.jpg 300w\" sizes=\"(max-width: 538px) 100vw, 538px\" \/><br \/>\n<!--more--><\/p>\n<p style=\"text-align: justify;\">El gobierno municipal independiente, a trav\u00e9s de la Direcci\u00f3n de Derechos Humanos atendi\u00f3 a un total de mil 208 migrantes en un lapso de tres meses, de acuerdo con reportes de la dependencia.<\/p>\n<p style=\"text-align: justify;\">El n\u00famero de personas deportadas de Estados Unidos que llegan a esta frontera, ha disminuido durante el presente mes, aunque el motivo se desconoce, indic\u00f3 el titular de la direcci\u00f3n, Rogelio Alejandro Pinal Castellanos.<\/p>\n<p style=\"text-align: justify;\">De acuerdo con cifras de Derechos Humanos, del 1 al 16 de enero, la cantidad de migrantes atendidos es de 62, mientras que en el mes de enero del 2016 se atendieron a 158 hombres y 49 mujeres.<\/p>\n<p style=\"text-align: justify;\">A partir del 09 de octubre 2016 el municipio atendi\u00f3 a 275 personas, 243 hombres y 32 mujeres.<\/p>\n<p style=\"text-align: justify;\">En noviembre se dispar\u00f3 el n\u00famero a 519, de los cuales 465 son hombres y 54 mujeres, mientras que en diciembre fueron 352 migrantes, de \u00e9stos 325 fueron hombres y 27 mujeres que los detuvo la patrulla fronteriza al intentar cruzar la frontera, o bien, que los deportaron ya estando en Estados Unidos.<\/p>\n<p style=\"text-align: justify;\">Rogelio Alejandro Pinal Castellanos, se\u00f1al\u00f3 que la mayor\u00eda de los migrantes deportados se regresan a sus lugares de origen, entre los cuales destacan los Estados de Oaxaca, Veracruz y Chiapas.<\/p>\n<p style=\"text-align: justify;\">Dijo que el Grupo Beta, del Instituto Nacional de Migraci\u00f3n (INM), se encarga de llevar a las personas hasta la presidencia, donde son atendidos con ropa, alimentos y art\u00edculos de limpieza, adem\u00e1s se les entrega un boleto para viajar a su ciudad de origen.<\/p>\n<p style=\"text-align: justify;\">Actualmente, indic\u00f3 el funcionario, el municipio cuenta con 5 mil 272 pasajes para trasladar a la gente a su lugar de origen, pues tiene la ayuda del Fondo de Apoyo al Migrante, dentro del programa \u201cSomos Mexicanos\u201d, del gobierno federal.<\/p>\n","protected":false},"excerpt":{"rendered":"","protected":false},"author":6,"featured_media":11193,"comment_status":"open","ping_status":"open","sticky":false,"template":"","format":"standard","meta":{"_acf_changed":false,"_monsterinsights_skip_tracking":false,"slim_seo":{"title":"Deportaron m\u00e1s de mil mexicanos por Ju\u00e1rez en tres meses - Opini\u00f3n P\u00fablica","description":"El gobierno municipal independiente, a trav\u00e9s de la Direcci\u00f3n de Derechos Humanos atendi\u00f3 a un total de mil 208 migrantes en un lapso de tres meses, de acuerdo"},"footnotes":""},"categories":[5],"tags":[],"class_list":["post-11194","post","type-post","status-publish","format-standard","has-post-thumbnail","hentry","category-frontera"],"acf":[],"_links":{"self":[{"href":"https:\/\/www.opinionpublica.tv\/portada\/wp-json\/wp\/v2\/posts\/11194","targetHints":{"allow":["GET"]}}],"collection":[{"href":"https:\/\/www.opinionpublica.tv\/portada\/wp-json\/wp\/v2\/posts"}],"about":[{"href":"https:\/\/www.opinionpublica.tv\/portada\/wp-json\/wp\/v2\/types\/post"}],"author":[{"embeddable":true,"href":"https:\/\/www.opinionpublica.tv\/portada\/wp-json\/wp\/v2\/users\/6"}],"replies":[{"embeddable":true,"href":"https:\/\/www.opinionpublica.tv\/portada\/wp-json\/wp\/v2\/comments?post=11194"}],"version-history":[{"count":0,"href":"https:\/\/www.opinionpublica.tv\/portada\/wp-json\/wp\/v2\/posts\/11194\/revisions"}],"wp:featuredmedia":[{"embeddable":true,"href":"https:\/\/www.opinionpublica.tv\/portada\/wp-json\/wp\/v2\/media\/11193"}],"wp:attachment":[{"href":"https:\/\/www.opinionpublica.tv\/portada\/wp-json\/wp\/v2\/media?parent=11194"}],"wp:term":[{"taxonomy":"category","embeddable":true,"href":"https:\/\/www.opinionpublica.tv\/portada\/wp-json\/wp\/v2\/categories?post=11194"},{"taxonomy":"post_tag","embeddable":true,"href":"https:\/\/www.opinionpublica.tv\/portada\/wp-json\/wp\/v2\/tags?post=11194"}],"curies":[{"name":"wp","href":"https:\/\/api.w.org\/{rel}","templated":true}]}}