{"id":11183,"date":"2017-01-17T07:00:00","date_gmt":"2017-01-17T06:00:00","guid":{"rendered":"https:\/\/www.opinionpublica.tv\/portada\/2017\/01\/17\/gobierno-de-cdmx-tramita-amparo-contra-gasolinazo\/"},"modified":"2017-01-17T07:00:00","modified_gmt":"2017-01-17T06:00:00","slug":"gobierno-de-cdmx-tramita-amparo-contra-gasolinazo","status":"publish","type":"post","link":"https:\/\/www.opinionpublica.tv\/portada\/gobierno-de-cdmx-tramita-amparo-contra-gasolinazo\/","title":{"rendered":"Gobierno de CDMX tramita amparo contra \u2018gasolinazo\u2019"},"content":{"rendered":"<p><img fetchpriority=\"high\" decoding=\"async\" class=\" size-full wp-image-11182\" src=\"https:\/\/www.opinionpublica.tv\/portada\/wp-content\/uploads\/2017\/01\/6b0cd2bdb8f16d3b439426c78c3ff17c.jpg\" alt=\"\" width=\"649\" height=\"457\" srcset=\"https:\/\/www.opinionpublica.tv\/portada\/wp-content\/uploads\/2017\/01\/6b0cd2bdb8f16d3b439426c78c3ff17c.jpg 649w, https:\/\/www.opinionpublica.tv\/portada\/wp-content\/uploads\/2017\/01\/6b0cd2bdb8f16d3b439426c78c3ff17c-300x211.jpg 300w\" sizes=\"(max-width: 649px) 100vw, 649px\" \/><br \/>\n<!--more--><\/p>\n<p style=\"text-align: justify;\">El gobierno de la Ciudad de M\u00e9xico solicit\u00f3 un amparo contra el aumento en los precios de las gasolinas, bajo el argumento\u00a0 de que es inequitativo y discriminatorio dividir la capital del pa\u00eds para establecer tarifas diferenciadas.<\/p>\n<p style=\"text-align: justify;\">El consejero jur\u00eddico del gobierno local, Manuel Granados, entreg\u00f3 al Poder Judicial de la Federaci\u00f3n el documento con el que se pretende que los combustibles bajen de precio en la Ciudad de M\u00e9xico a niveles de diciembre de 2016.<\/p>\n<p style=\"text-align: justify;\">Otro argumento, explic\u00f3 Granados, es que la ciudad cuenta con la infraestructura adecuada para que la transportaci\u00f3n y distribuci\u00f3n del combustible se realice sin que se generen mayores costos de una demarcaci\u00f3n a otra.<\/p>\n<p style=\"text-align: justify;\">El jefe de Gobierno, Miguel \u00c1ngel Mancera, dijo que se trata de una\u00a0 defensa jur\u00eddica en favor de los habitantes de la ciudad: \u201cLa vamos a defender en todos los terrenos\u201d.<\/p>\n<p style=\"text-align: justify;\">Adem\u00e1s de la estrategia jur\u00eddica del gobierno de Mancera y de las promovidas por\u00a0 los\u00a0 juristas Ra\u00fal Carranc\u00e1 y Rivas, Juli\u00e1n G\u00fcitr\u00f3n Fuentevilla, Eduardo L\u00f3pez Betancourt y Carlos Daza G\u00f3mez, otras 97 han sido interpuestas desde la Ciudad de M\u00e9xico por organizaciones ciudadanas, campesinas y partidos, entre otros.<\/p>\n<p style=\"text-align: justify;\">La Suprema Corte de Justicia emiti\u00f3 un acuerdo para que las demandas de amparo contra el gasolinazo sean remitidas a juzgados de amparo en materia administrativa.<\/p>\n<p style=\"text-align: justify;\">Para que todas las delegaciones tengan los mismos topes tarifarios en gasolinas y diesel, el recurso legal pretende retomar el importe de diciembre.<\/p>\n","protected":false},"excerpt":{"rendered":"","protected":false},"author":6,"featured_media":11182,"comment_status":"open","ping_status":"open","sticky":false,"template":"","format":"standard","meta":{"_acf_changed":false,"_monsterinsights_skip_tracking":false,"slim_seo":{"title":"Gobierno de CDMX tramita amparo contra \u2018gasolinazo\u2019 - Opini\u00f3n P\u00fablica","description":"El gobierno de la Ciudad de M\u00e9xico solicit\u00f3 un amparo contra el aumento en los precios de las gasolinas, bajo el argumento\u00a0 de que es inequitativo y discriminat"},"footnotes":""},"categories":[9],"tags":[],"class_list":["post-11183","post","type-post","status-publish","format-standard","has-post-thumbnail","hentry","category-nacional"],"acf":[],"_links":{"self":[{"href":"https:\/\/www.opinionpublica.tv\/portada\/wp-json\/wp\/v2\/posts\/11183","targetHints":{"allow":["GET"]}}],"collection":[{"href":"https:\/\/www.opinionpublica.tv\/portada\/wp-json\/wp\/v2\/posts"}],"about":[{"href":"https:\/\/www.opinionpublica.tv\/portada\/wp-json\/wp\/v2\/types\/post"}],"author":[{"embeddable":true,"href":"https:\/\/www.opinionpublica.tv\/portada\/wp-json\/wp\/v2\/users\/6"}],"replies":[{"embeddable":true,"href":"https:\/\/www.opinionpublica.tv\/portada\/wp-json\/wp\/v2\/comments?post=11183"}],"version-history":[{"count":0,"href":"https:\/\/www.opinionpublica.tv\/portada\/wp-json\/wp\/v2\/posts\/11183\/revisions"}],"wp:featuredmedia":[{"embeddable":true,"href":"https:\/\/www.opinionpublica.tv\/portada\/wp-json\/wp\/v2\/media\/11182"}],"wp:attachment":[{"href":"https:\/\/www.opinionpublica.tv\/portada\/wp-json\/wp\/v2\/media?parent=11183"}],"wp:term":[{"taxonomy":"category","embeddable":true,"href":"https:\/\/www.opinionpublica.tv\/portada\/wp-json\/wp\/v2\/categories?post=11183"},{"taxonomy":"post_tag","embeddable":true,"href":"https:\/\/www.opinionpublica.tv\/portada\/wp-json\/wp\/v2\/tags?post=11183"}],"curies":[{"name":"wp","href":"https:\/\/api.w.org\/{rel}","templated":true}]}}