{"id":10972,"date":"2017-01-10T07:00:00","date_gmt":"2017-01-10T06:00:00","guid":{"rendered":"https:\/\/www.opinionpublica.tv\/portada\/2017\/01\/10\/aprueba-fifa-mundial-con-48-equipos-para-2026\/"},"modified":"2017-01-10T07:00:00","modified_gmt":"2017-01-10T06:00:00","slug":"aprueba-fifa-mundial-con-48-equipos-para-2026","status":"publish","type":"post","link":"https:\/\/www.opinionpublica.tv\/portada\/aprueba-fifa-mundial-con-48-equipos-para-2026\/","title":{"rendered":"Aprueba FIFA Mundial con 48 equipos para 2026"},"content":{"rendered":"<p><img fetchpriority=\"high\" decoding=\"async\" class=\" size-full wp-image-10971\" src=\"https:\/\/www.opinionpublica.tv\/portada\/wp-content\/uploads\/2017\/01\/6574839bb00baef40881560df01a940e.jpg\" alt=\"\" width=\"469\" height=\"429\" srcset=\"https:\/\/www.opinionpublica.tv\/portada\/wp-content\/uploads\/2017\/01\/6574839bb00baef40881560df01a940e.jpg 469w, https:\/\/www.opinionpublica.tv\/portada\/wp-content\/uploads\/2017\/01\/6574839bb00baef40881560df01a940e-300x274.jpg 300w\" sizes=\"(max-width: 469px) 100vw, 469px\" \/><br \/>\n<!--more--><\/p>\n<p style=\"text-align: justify;\">El\u00a0Consejo de la Federaci\u00f3n Internacional de F\u00fatbol\u00a0(FIFA),\u00a0aprob\u00f3 este martes\u00a0de manera un\u00e1nime\u00a0ampliar a 48 el n\u00famero de selecciones\u00a0participantes en el\u00a0Mundial de 2026, cuya sede a\u00fan est\u00e1 por determinar.<\/p>\n<p style=\"text-align: justify;\">El ente rector del f\u00fatbol mundial dijo en su cuenta de\u00a0Twitter que el Consejo de la FIFA, el panel que toma las decisiones en el organismo, vot\u00f3 un\u00e1nimemente a favor del cambio, que se\u00a0introducir\u00e1 a partir del 2026<strong>.<\/strong><\/p>\n<p style=\"text-align: justify;\">Con\u00a0el nuevo formato\u00a0se jugar\u00e1 una fase inicial de\u00a016 grupos de tres equipos cada uno, de la cual avanzar\u00e1n los dos primeros, dando paso a una fase de eliminaci\u00f3n directa con los 32 pa\u00edses clasificados, destac\u00f3 la brit\u00e1nica BBC.<\/p>\n<p style=\"text-align: justify;\">Seg\u00fan versiones preliminares, en\u00a0esa primera fase no habr\u00e1 empates, los partidos que acaben igualados se resolver\u00e1n en tanda de penales, y los dos primeros de cada grupo se clasificar\u00e1n para una ronda de dieciseisavos de final.<\/p>\n<p style=\"text-align: justify;\">El torneo constar\u00e1 de 80 partidos: 48 en la primera fase, 16 en la ronda de dieciseisavos, 8 en la ronda de octavos, 4 en la ronda de cuartos, 2 en semifinales,\u00a0uno por el tercer y cuarto puesto y la gran final.<\/p>\n<p style=\"text-align: justify;\">Otro de los puntos tratados este martes por los dirigentes de la FIFA fue la posibilidad de que se comparta la\u00a0realizaci\u00f3n de la Copa por varios pa\u00edses.<\/p>\n<p style=\"text-align: justify;\">La duraci\u00f3n del campeonato ser\u00e1 de 32 d\u00edas, paro\u00a0evitar el descontento de los clubes europeos, que proveen el 80 por ciento de los jugadores, debido al\u00a0congestionado calendario de f\u00fatbol internacional.<\/p>\n<p style=\"text-align: justify;\">El presidente de la FIFA,\u00a0Gianni Infantino, es el principal promotor de la idea, as\u00ed como lo fue de la expansi\u00f3n de la\u00a0Eurocopa de 16 a 24 pa\u00edses<strong>\u00a0<\/strong>cuando era el secretario general de la UEFA y mano derecha del entonces presidente\u00a0Michel Platini.<\/p>\n","protected":false},"excerpt":{"rendered":"","protected":false},"author":6,"featured_media":10971,"comment_status":"open","ping_status":"open","sticky":false,"template":"","format":"standard","meta":{"_acf_changed":false,"_monsterinsights_skip_tracking":false,"slim_seo":{"title":"Aprueba FIFA Mundial con 48 equipos para 2026 - Opini\u00f3n P\u00fablica","description":"El\u00a0Consejo de la Federaci\u00f3n Internacional de F\u00fatbol\u00a0(FIFA),\u00a0aprob\u00f3 este martes\u00a0de manera un\u00e1nime\u00a0ampliar a 48 el n\u00famero de selecciones\u00a0participantes en el\u00a0Mundi"},"footnotes":""},"categories":[11],"tags":[],"class_list":["post-10972","post","type-post","status-publish","format-standard","has-post-thumbnail","hentry","category-tendencias"],"acf":[],"_links":{"self":[{"href":"https:\/\/www.opinionpublica.tv\/portada\/wp-json\/wp\/v2\/posts\/10972","targetHints":{"allow":["GET"]}}],"collection":[{"href":"https:\/\/www.opinionpublica.tv\/portada\/wp-json\/wp\/v2\/posts"}],"about":[{"href":"https:\/\/www.opinionpublica.tv\/portada\/wp-json\/wp\/v2\/types\/post"}],"author":[{"embeddable":true,"href":"https:\/\/www.opinionpublica.tv\/portada\/wp-json\/wp\/v2\/users\/6"}],"replies":[{"embeddable":true,"href":"https:\/\/www.opinionpublica.tv\/portada\/wp-json\/wp\/v2\/comments?post=10972"}],"version-history":[{"count":0,"href":"https:\/\/www.opinionpublica.tv\/portada\/wp-json\/wp\/v2\/posts\/10972\/revisions"}],"wp:featuredmedia":[{"embeddable":true,"href":"https:\/\/www.opinionpublica.tv\/portada\/wp-json\/wp\/v2\/media\/10971"}],"wp:attachment":[{"href":"https:\/\/www.opinionpublica.tv\/portada\/wp-json\/wp\/v2\/media?parent=10972"}],"wp:term":[{"taxonomy":"category","embeddable":true,"href":"https:\/\/www.opinionpublica.tv\/portada\/wp-json\/wp\/v2\/categories?post=10972"},{"taxonomy":"post_tag","embeddable":true,"href":"https:\/\/www.opinionpublica.tv\/portada\/wp-json\/wp\/v2\/tags?post=10972"}],"curies":[{"name":"wp","href":"https:\/\/api.w.org\/{rel}","templated":true}]}}