{"id":10963,"date":"2017-01-10T07:00:00","date_gmt":"2017-01-10T06:00:00","guid":{"rendered":"https:\/\/www.opinionpublica.tv\/portada\/2017\/01\/10\/el-verdadero-problema-no-es-el-gasolinazo\/"},"modified":"2017-01-10T07:00:00","modified_gmt":"2017-01-10T06:00:00","slug":"el-verdadero-problema-no-es-el-gasolinazo","status":"publish","type":"post","link":"https:\/\/www.opinionpublica.tv\/portada\/el-verdadero-problema-no-es-el-gasolinazo\/","title":{"rendered":"El verdadero problema no es el gasolinazo"},"content":{"rendered":"<p style=\"text-align: justify;\">Llevamos casi un mes discutiendo el problema del \u201cgasolinazo\u201d, y ahora, las grandes repercusiones sociales que esta situaci\u00f3n est\u00e1 causando. Que si va haber inflaci\u00f3n, que si aumentar\u00e1n los bloqueos de carreteras, que si continuar\u00e1n los asaltos y rapi\u00f1a a las cadenas comerciales y muchas otras calamidades.<\/p>\n<p><!--more--><\/p>\n<p style=\"text-align: justify;\">Todo mundo opina sobre las razones del gasolinazo, que si se deriva de la Reforma Energ\u00e9tica, que si era necesario eliminar el subsidio para ya no tener una situaci\u00f3n injusta que nada m\u00e1s beneficiaba a los ricos, que si PEMEX es ineficiente y hay que abrir el mercado a los privados, y muchos otros sentires y comentarios.<\/p>\n<p style=\"text-align: justify;\">Pero no he o\u00eddo hasta ahora que se cuestione, lo que yo considero, como la verdadera causa de este megagasolinazo: que es nuestro sistema fiscal y la forma en que gastamos el presupuesto, en los tres niveles de gobierno: el federal, el local (los estados y la Ciudad de M\u00e9xico) y el municipal, as\u00ed como la ineficiencia en los servicios del gobierno.<\/p>\n<p style=\"text-align: justify;\">En M\u00e9xico tenemos a amplios segmentos de la poblaci\u00f3n que simplemente no pagan impuestos, porque desarrollan sus actividades en la informalidad. Adem\u00e1s, con la reforma fiscal del 2013, tenemos a las clases medias pagando enormes cantidades de impuesto sobre la renta, sin contar el IVA y el IEPS. Adem\u00e1s hubo un aumento en el IVA al cobrar el mismo en las fronteras, y ahora el gran impacto del IEPS en la venta de gasolina y diesel.<\/p>\n<p style=\"text-align: justify;\">Con lo anterior hemos creado el escenario para crear una tormenta perfecta. Los segmentos de la poblaci\u00f3n, que son las clases medias, se les pegar\u00e1 duramente en sus bolsillos con los aumentos de los precios de las gasolinas, que tienen un fuerte componente de impuestos al consumo, a las clases de recursos m\u00e1s bajos se les pegar\u00e1 con los aumentos a los precios del transporte p\u00fablico, ya que los prestadores de dichos servicios repercutir\u00e1n el aumento en los combustibles, y el aumento generalizado que habr\u00e1 en los precios de los alimentos y otros bienes, en donde se reflejar\u00e1n los incrementos en los costos de los fletes.<\/p>\n<p style=\"text-align: justify;\">Por lo tanto, se crea la ira social derivada del aumento directo en los precios de los combustibles y las repercusiones en los precios de otros bienes de adquisici\u00f3n cotidiana, mientras el gobierno no resuelve la corrupci\u00f3n y el dispendio, ni los problemas de inseguridad, malos servicios educativos, de salud y de seguridad p\u00fablica.<\/p>\n<p style=\"text-align: justify;\">La soluci\u00f3n de este problema debe de ser integral. Por un lado, el gobierno ya no puede tener el tama\u00f1o actual y pretender prestar servicios e intervenir en la conducta de los ciudadanos como lo ha estado haciendo a altos costos, con corrupci\u00f3n y sin resultados. El gobierno debe de achicarse, cancelar much\u00edsimos proyectos y actividades que no le dejan nada al ciudadano, debe reducir los impuestos al consumo como el IVA y el IEPS. Pero por el otro lado, tiene que aumentar la base de personas que contribuyan al gasto p\u00fablico, y revisar los programas sociales para hacerlos impulsores de desarrollo humano y no de d\u00e1divas. En resumen, el gobierno debe replantearse a fondo ejercer el gasto.<\/p>\n<p style=\"text-align: justify;\">El gobierno le quita al productivo para d\u00e1rselo al improductivo de una manera corrupta e ineficiente, que a su vez genera improductividad, llev\u00e1ndonos a una espiral de econom\u00eda negativa, que lo \u00fanico que logra es reducir los niveles de crecimiento.<\/p>\n<p style=\"text-align: justify;\">Debemos reestructurar nuestra econom\u00eda, empezando por el gobierno, que debe de reducir impuestos para hacer que los productivos inviertan, generen empleos y creen riqueza que se distribuya en la poblaci\u00f3n que a su vez genera m\u00e1s riqueza, en lugar de que se vaya al barril sin fondo del gobierno, que \u00fanicamente genera gasto y no desarrolla riqueza.<\/p>\n<p style=\"text-align: justify;\">En otras palabras, el gasolinazo es un efecto de que el destino nos ha alcanzado y el sistema se ha agotado. Debemos generar una espiral de crecimiento, con bajos impuestos, gobierno delgado y eficiente, que desarrolle condiciones de seguridad y brinde justicia. Esto nos lleva a la inversi\u00f3n, al empleo y a la generaci\u00f3n de riqueza, que con condiciones de mercado no monop\u00f3licas nos conduzca a la creaci\u00f3n y crecimiento de nuevas empresas, que a su vez creen empleos y nos lleven al c\u00edrculo virtuoso del desarrollo y crecimiento sustentable.<\/p>\n<p style=\"text-align: justify;\">El gobierno y los sectores productivos deben de pactar nuevas reglas del juego para que crezca el pa\u00eds, generando, a partir de una reestructuraci\u00f3n del sistema fiscal y, sobre todo, de la forma de gastar el presupuesto, un entorno econ\u00f3mico adecuado para el desarrollo. Si no lo hacemos, tendremos que lidiar con reg\u00edmenes autoritarios de derecha o de izquierda que nadie queremos.<\/p>\n<p style=\"text-align: justify;\">Que este gasolinazo nos d\u00e9 la oportunidad de replantar el rol que debe tener el gobierno para el bienestar de todos.<\/p>\n","protected":false},"excerpt":{"rendered":"<p>Llevamos casi un mes discutiendo el problema del \u201cgasolinazo\u201d, y ahora, las grandes repercusiones sociales que esta situaci\u00f3n est\u00e1 causando. Que si va haber inflaci\u00f3n, que si aumentar\u00e1n los bloqueos de carreteras, que si continuar\u00e1n los asaltos y rapi\u00f1a a las cadenas comerciales y muchas otras calamidades.<\/p>\n","protected":false},"author":6,"featured_media":0,"comment_status":"open","ping_status":"open","sticky":false,"template":"","format":"standard","meta":{"_acf_changed":false,"_monsterinsights_skip_tracking":false,"slim_seo":{"title":"El verdadero problema no es el gasolinazo - Opini\u00f3n P\u00fablica","description":"Llevamos casi un mes discutiendo el problema del \u201cgasolinazo\u201d, y ahora, las grandes repercusiones sociales que esta situaci\u00f3n est\u00e1 causando. Que si va haber inf"},"footnotes":""},"categories":[17],"tags":[],"class_list":["post-10963","post","type-post","status-publish","format-standard","hentry","category-ultima-instancia"],"acf":[],"_links":{"self":[{"href":"https:\/\/www.opinionpublica.tv\/portada\/wp-json\/wp\/v2\/posts\/10963","targetHints":{"allow":["GET"]}}],"collection":[{"href":"https:\/\/www.opinionpublica.tv\/portada\/wp-json\/wp\/v2\/posts"}],"about":[{"href":"https:\/\/www.opinionpublica.tv\/portada\/wp-json\/wp\/v2\/types\/post"}],"author":[{"embeddable":true,"href":"https:\/\/www.opinionpublica.tv\/portada\/wp-json\/wp\/v2\/users\/6"}],"replies":[{"embeddable":true,"href":"https:\/\/www.opinionpublica.tv\/portada\/wp-json\/wp\/v2\/comments?post=10963"}],"version-history":[{"count":0,"href":"https:\/\/www.opinionpublica.tv\/portada\/wp-json\/wp\/v2\/posts\/10963\/revisions"}],"wp:attachment":[{"href":"https:\/\/www.opinionpublica.tv\/portada\/wp-json\/wp\/v2\/media?parent=10963"}],"wp:term":[{"taxonomy":"category","embeddable":true,"href":"https:\/\/www.opinionpublica.tv\/portada\/wp-json\/wp\/v2\/categories?post=10963"},{"taxonomy":"post_tag","embeddable":true,"href":"https:\/\/www.opinionpublica.tv\/portada\/wp-json\/wp\/v2\/tags?post=10963"}],"curies":[{"name":"wp","href":"https:\/\/api.w.org\/{rel}","templated":true}]}}