{"id":10944,"date":"2017-01-08T07:00:00","date_gmt":"2017-01-08T06:00:00","guid":{"rendered":"https:\/\/www.opinionpublica.tv\/portada\/2017\/01\/08\/tiene-juarez-una-de-las-peores-calidades-de-aire-en-mexico\/"},"modified":"2017-01-08T07:00:00","modified_gmt":"2017-01-08T06:00:00","slug":"tiene-juarez-una-de-las-peores-calidades-de-aire-en-mexico","status":"publish","type":"post","link":"https:\/\/www.opinionpublica.tv\/portada\/tiene-juarez-una-de-las-peores-calidades-de-aire-en-mexico\/","title":{"rendered":"Tiene Ju\u00e1rez una de las peores calidades de aire en M\u00e9xico"},"content":{"rendered":"<p><img fetchpriority=\"high\" decoding=\"async\" class=\" size-full wp-image-10943\" src=\"https:\/\/www.opinionpublica.tv\/portada\/wp-content\/uploads\/2017\/01\/8c631fdb5a2df0c9562451d62aa74e1b.jpg\" alt=\"\" width=\"600\" height=\"400\" srcset=\"https:\/\/www.opinionpublica.tv\/portada\/wp-content\/uploads\/2017\/01\/8c631fdb5a2df0c9562451d62aa74e1b.jpg 600w, https:\/\/www.opinionpublica.tv\/portada\/wp-content\/uploads\/2017\/01\/8c631fdb5a2df0c9562451d62aa74e1b-300x200.jpg 300w\" sizes=\"(max-width: 600px) 100vw, 600px\" \/><br \/>\n<!--more--><\/p>\n<p style=\"text-align: justify;\">Un estudio realizado a nivel nacional revel\u00f3 que Ciudad Ju\u00e1rez es la tercera ciudad con la peor calidad de aire, seguida de Guadalajara en segundo y la Ciudad de M\u00e9xico en primer lugar.<\/p>\n<p style=\"text-align: justify;\">El titular de la direcci\u00f3n municipal de Ecolog\u00eda, J\u00fcrgen Ganser Carbajal, explic\u00f3 que los reportes ecol\u00f3gicos del a\u00f1o 2016 fueron la base para determinar esta situaci\u00f3n. Dichos estudios miden los niveles de contaminaci\u00f3n con un \u00cdndice Metropolitano de la Calidad del Aire (Imeca).<\/p>\n<p style=\"text-align: justify;\">Tan solo las \u00faltimas semanas del a\u00f1o, fueron superados los 100 puntos Imeca, lo que significa una mala calidad de aire en el medio ambiente. Debido a esto, recomend\u00f3 evitar realizar actividades en el exterior principalmente en las ma\u00f1anas, pues las part\u00edculas en el aire pueden causar problemas pulmonares e incluso c\u00e1ncer en quienes las respiren por mucho tiempo.<\/p>\n<p style=\"text-align: justify;\">El funcionario destac\u00f3 que una de las causas de tanta la contaminaci\u00f3n es la falta de conciencia p\u00fablica sobre el cuidado del medio ambiente, por lo que han comenzado campa\u00f1as para informar a los ciudadanos sobre las formas de cuidar el medio ambiente.<\/p>\n<p style=\"text-align: justify;\">Ganser Carbajal explico que algunas fuentes de contaminaci\u00f3n son la basura tirada en la v\u00eda p\u00fablica, animales muertos expuestos en las calles y, particularmente, los autom\u00f3viles, pues tan s\u00f3lo en la ciudad se tiene un padr\u00f3n de m\u00e1s de medio mill\u00f3n de veh\u00edculos, de los cuales solamente 160 mil cuentan con el engomado ecol\u00f3gico.<\/p>\n<p style=\"text-align: justify;\">Otro foco de alerta son las largas filas que realizan los camiones de carga en los puentes internacionales.<\/p>\n<p style=\"text-align: justify;\">El municipio buscar\u00e1 maneras de combatir este problema, por lo que se reunir\u00e1n con miembros de la Agencia de Protecci\u00f3n Ambiental (EPA, por sus siglas en ingl\u00e9s) y personal de Ecolog\u00eda de Texas y Nuevo M\u00e9xico para agilizar los tiempos de cruce.<\/p>\n","protected":false},"excerpt":{"rendered":"","protected":false},"author":4,"featured_media":10943,"comment_status":"open","ping_status":"open","sticky":false,"template":"","format":"standard","meta":{"_acf_changed":false,"_monsterinsights_skip_tracking":false,"slim_seo":{"title":"Tiene Ju\u00e1rez una de las peores calidades de aire en M\u00e9xico - Opini\u00f3n P\u00fablica","description":"Un estudio realizado a nivel nacional revel\u00f3 que Ciudad Ju\u00e1rez es la tercera ciudad con la peor calidad de aire, seguida de Guadalajara en segundo y la Ciudad d"},"footnotes":""},"categories":[5],"tags":[],"class_list":["post-10944","post","type-post","status-publish","format-standard","has-post-thumbnail","hentry","category-frontera"],"acf":[],"_links":{"self":[{"href":"https:\/\/www.opinionpublica.tv\/portada\/wp-json\/wp\/v2\/posts\/10944","targetHints":{"allow":["GET"]}}],"collection":[{"href":"https:\/\/www.opinionpublica.tv\/portada\/wp-json\/wp\/v2\/posts"}],"about":[{"href":"https:\/\/www.opinionpublica.tv\/portada\/wp-json\/wp\/v2\/types\/post"}],"author":[{"embeddable":true,"href":"https:\/\/www.opinionpublica.tv\/portada\/wp-json\/wp\/v2\/users\/4"}],"replies":[{"embeddable":true,"href":"https:\/\/www.opinionpublica.tv\/portada\/wp-json\/wp\/v2\/comments?post=10944"}],"version-history":[{"count":0,"href":"https:\/\/www.opinionpublica.tv\/portada\/wp-json\/wp\/v2\/posts\/10944\/revisions"}],"wp:featuredmedia":[{"embeddable":true,"href":"https:\/\/www.opinionpublica.tv\/portada\/wp-json\/wp\/v2\/media\/10943"}],"wp:attachment":[{"href":"https:\/\/www.opinionpublica.tv\/portada\/wp-json\/wp\/v2\/media?parent=10944"}],"wp:term":[{"taxonomy":"category","embeddable":true,"href":"https:\/\/www.opinionpublica.tv\/portada\/wp-json\/wp\/v2\/categories?post=10944"},{"taxonomy":"post_tag","embeddable":true,"href":"https:\/\/www.opinionpublica.tv\/portada\/wp-json\/wp\/v2\/tags?post=10944"}],"curies":[{"name":"wp","href":"https:\/\/api.w.org\/{rel}","templated":true}]}}