{"id":10863,"date":"2017-01-04T07:00:00","date_gmt":"2017-01-04T06:00:00","guid":{"rendered":"https:\/\/www.opinionpublica.tv\/portada\/2017\/01\/04\/paralizada-la-central-camionera-por-bloqueos\/"},"modified":"2017-01-04T07:00:00","modified_gmt":"2017-01-04T06:00:00","slug":"paralizada-la-central-camionera-por-bloqueos","status":"publish","type":"post","link":"https:\/\/www.opinionpublica.tv\/portada\/paralizada-la-central-camionera-por-bloqueos\/","title":{"rendered":"Paralizada la Central Camionera por bloqueos"},"content":{"rendered":"<p><img fetchpriority=\"high\" decoding=\"async\" class=\" size-full wp-image-10862\" src=\"https:\/\/www.opinionpublica.tv\/portada\/wp-content\/uploads\/2017\/01\/4038ce483bba2ed97c862a950d2b93d6.jpg\" alt=\"\" width=\"1047\" height=\"589\" srcset=\"https:\/\/www.opinionpublica.tv\/portada\/wp-content\/uploads\/2017\/01\/4038ce483bba2ed97c862a950d2b93d6.jpg 1047w, https:\/\/www.opinionpublica.tv\/portada\/wp-content\/uploads\/2017\/01\/4038ce483bba2ed97c862a950d2b93d6-300x169.jpg 300w, https:\/\/www.opinionpublica.tv\/portada\/wp-content\/uploads\/2017\/01\/4038ce483bba2ed97c862a950d2b93d6-1024x576.jpg 1024w, https:\/\/www.opinionpublica.tv\/portada\/wp-content\/uploads\/2017\/01\/4038ce483bba2ed97c862a950d2b93d6-768x432.jpg 768w\" sizes=\"(max-width: 1047px) 100vw, 1047px\" \/><br \/>\n<!--more--><\/p>\n<p style=\"text-align: justify;\">Debido a los bloqueos carreteros que mantiene el Barz\u00f3n a lo largo de la entidad, ning\u00fan cami\u00f3n ha podido salir de la Central Camionera, seg\u00fan explic\u00f3 el administrador de la central, Manuel Serrato.<\/p>\n<p style=\"text-align: justify;\">Mediante una entrevista telef\u00f3nica, Serrato dio a conocer que solo han podido salir los camiones a Casas Grandes, pero los viajes a otras partes del estado han sido cancelados por las protestas que mantiene el Barz\u00f3n contra el gasolinazo.<\/p>\n<p style=\"text-align: justify;\">Los camiones dejaron de salir desde el martes a las 10 de la ma\u00f1ana, luego de que las empresas de transporte tur\u00edstico acordaron no poner en riesgo a sus pasajeros, y optaron por mantenerlos a la espera de que mejoren las condiciones en la carretera.<\/p>\n<p style=\"text-align: justify;\">Seg\u00fan inform\u00f3 un trabajador de Omnibus de M\u00e9xico en la Central Camionera, los bloqueos han comenzado a preocupar a la empresa, pues est\u00e1n agot\u00e1ndose el agua y la comida en las unidades que quedaron atrapadas en el camino por las protestas.<\/p>\n<p style=\"text-align: justify;\">Explicaron que han negociado con manifestantes para que permitan el paso de los autobuses, al menos hasta la central camionera m\u00e1s cercana, pues se han reportado pasajeros que sufren de hambre y sed, pues ya agotaron los recursos que ten\u00edan a bordo.<\/p>\n","protected":false},"excerpt":{"rendered":"","protected":false},"author":4,"featured_media":10862,"comment_status":"open","ping_status":"open","sticky":false,"template":"","format":"standard","meta":{"_acf_changed":false,"_monsterinsights_skip_tracking":false,"slim_seo":{"title":"Paralizada la Central Camionera por bloqueos - Opini\u00f3n P\u00fablica","description":"Debido a los bloqueos carreteros que mantiene el Barz\u00f3n a lo largo de la entidad, ning\u00fan cami\u00f3n ha podido salir de la Central Camionera, seg\u00fan explic\u00f3 el admini"},"footnotes":""},"categories":[5],"tags":[],"class_list":["post-10863","post","type-post","status-publish","format-standard","has-post-thumbnail","hentry","category-frontera"],"acf":[],"_links":{"self":[{"href":"https:\/\/www.opinionpublica.tv\/portada\/wp-json\/wp\/v2\/posts\/10863","targetHints":{"allow":["GET"]}}],"collection":[{"href":"https:\/\/www.opinionpublica.tv\/portada\/wp-json\/wp\/v2\/posts"}],"about":[{"href":"https:\/\/www.opinionpublica.tv\/portada\/wp-json\/wp\/v2\/types\/post"}],"author":[{"embeddable":true,"href":"https:\/\/www.opinionpublica.tv\/portada\/wp-json\/wp\/v2\/users\/4"}],"replies":[{"embeddable":true,"href":"https:\/\/www.opinionpublica.tv\/portada\/wp-json\/wp\/v2\/comments?post=10863"}],"version-history":[{"count":0,"href":"https:\/\/www.opinionpublica.tv\/portada\/wp-json\/wp\/v2\/posts\/10863\/revisions"}],"wp:featuredmedia":[{"embeddable":true,"href":"https:\/\/www.opinionpublica.tv\/portada\/wp-json\/wp\/v2\/media\/10862"}],"wp:attachment":[{"href":"https:\/\/www.opinionpublica.tv\/portada\/wp-json\/wp\/v2\/media?parent=10863"}],"wp:term":[{"taxonomy":"category","embeddable":true,"href":"https:\/\/www.opinionpublica.tv\/portada\/wp-json\/wp\/v2\/categories?post=10863"},{"taxonomy":"post_tag","embeddable":true,"href":"https:\/\/www.opinionpublica.tv\/portada\/wp-json\/wp\/v2\/tags?post=10863"}],"curies":[{"name":"wp","href":"https:\/\/api.w.org\/{rel}","templated":true}]}}