{"id":10859,"date":"2017-01-04T07:00:00","date_gmt":"2017-01-04T06:00:00","guid":{"rendered":"https:\/\/www.opinionpublica.tv\/portada\/2017\/01\/04\/concesionarios-subiran-a-10-pesos-costo-de-transporte-publico\/"},"modified":"2017-01-04T07:00:00","modified_gmt":"2017-01-04T06:00:00","slug":"concesionarios-subiran-a-10-pesos-costo-de-transporte-publico","status":"publish","type":"post","link":"https:\/\/www.opinionpublica.tv\/portada\/concesionarios-subiran-a-10-pesos-costo-de-transporte-publico\/","title":{"rendered":"Concesionarios subir\u00e1n a 10 pesos costo de transporte p\u00fablico"},"content":{"rendered":"<p><img fetchpriority=\"high\" decoding=\"async\" class=\" size-full wp-image-10858\" src=\"https:\/\/www.opinionpublica.tv\/portada\/wp-content\/uploads\/2017\/01\/a2b2bcd9183a275ba4e85aa730f6bda0.jpg\" alt=\"\" width=\"532\" height=\"276\" srcset=\"https:\/\/www.opinionpublica.tv\/portada\/wp-content\/uploads\/2017\/01\/a2b2bcd9183a275ba4e85aa730f6bda0.jpg 532w, https:\/\/www.opinionpublica.tv\/portada\/wp-content\/uploads\/2017\/01\/a2b2bcd9183a275ba4e85aa730f6bda0-300x156.jpg 300w\" sizes=\"(max-width: 532px) 100vw, 532px\" \/><br \/>\n<!--more--><\/p>\n<p style=\"text-align: justify;\">Debido al aumento del precio de la gasolina y el di\u00e9sel, m\u00e1s de mil concesionarios de Transporte P\u00fablico decidieron subir el costo de pasaje a 10 pesos a partir del pr\u00f3ximo lunes.<\/p>\n<p style=\"text-align: justify;\">Un concesionario explic\u00f3 que realizar\u00e1n este aumento por iniciativa propia, y no buscar\u00e1n autorizaci\u00f3n para hacerlo. \u00abLo realizaremos y punto\u201d, expres\u00f3.<\/p>\n<p style=\"text-align: justify;\">Sus razones para el incremento son que la mayor\u00eda de los insumos que usan son americanos, y el gasolinazo sumado al tipo de cambio, esto representa un incremento de 40% en gastos, situaci\u00f3n que no es redituable para los prestadores del transporte p\u00fablico.<\/p>\n<p style=\"text-align: justify;\">Por su parte, el director de Transporte en Ciudad Ju\u00e1rez, V\u00edctor Hugo Estala, declar\u00f3 que desconoce este aumento que los concesionarios quieren implementar.<\/p>\n<p style=\"text-align: justify;\">En una entrevista, el funcionario detall\u00f3 que se ha reunido en los \u00faltimos d\u00edas con varios transportistas, y nunca sali\u00f3 a discusi\u00f3n alg\u00fan incremento a la tarifa de transporte p\u00fabico.<\/p>\n<p style=\"text-align: justify;\">Aclar\u00f3 que, de llevar a cabo esta acci\u00f3n, los concesionarios incurrir\u00edan en algo ilegal, pues es la misma Direcci\u00f3n de Transporte la que debe analizar este tipo de situaciones.<\/p>\n","protected":false},"excerpt":{"rendered":"","protected":false},"author":4,"featured_media":10858,"comment_status":"open","ping_status":"open","sticky":false,"template":"","format":"standard","meta":{"_acf_changed":false,"_monsterinsights_skip_tracking":false,"slim_seo":{"title":"Concesionarios subir\u00e1n a 10 pesos costo de transporte p\u00fablico - Opini\u00f3n P\u00fablica","description":"Debido al aumento del precio de la gasolina y el di\u00e9sel, m\u00e1s de mil concesionarios de Transporte P\u00fablico decidieron subir el costo de pasaje a 10 pesos a partir"},"footnotes":""},"categories":[5],"tags":[],"class_list":["post-10859","post","type-post","status-publish","format-standard","has-post-thumbnail","hentry","category-frontera"],"acf":[],"_links":{"self":[{"href":"https:\/\/www.opinionpublica.tv\/portada\/wp-json\/wp\/v2\/posts\/10859","targetHints":{"allow":["GET"]}}],"collection":[{"href":"https:\/\/www.opinionpublica.tv\/portada\/wp-json\/wp\/v2\/posts"}],"about":[{"href":"https:\/\/www.opinionpublica.tv\/portada\/wp-json\/wp\/v2\/types\/post"}],"author":[{"embeddable":true,"href":"https:\/\/www.opinionpublica.tv\/portada\/wp-json\/wp\/v2\/users\/4"}],"replies":[{"embeddable":true,"href":"https:\/\/www.opinionpublica.tv\/portada\/wp-json\/wp\/v2\/comments?post=10859"}],"version-history":[{"count":0,"href":"https:\/\/www.opinionpublica.tv\/portada\/wp-json\/wp\/v2\/posts\/10859\/revisions"}],"wp:featuredmedia":[{"embeddable":true,"href":"https:\/\/www.opinionpublica.tv\/portada\/wp-json\/wp\/v2\/media\/10858"}],"wp:attachment":[{"href":"https:\/\/www.opinionpublica.tv\/portada\/wp-json\/wp\/v2\/media?parent=10859"}],"wp:term":[{"taxonomy":"category","embeddable":true,"href":"https:\/\/www.opinionpublica.tv\/portada\/wp-json\/wp\/v2\/categories?post=10859"},{"taxonomy":"post_tag","embeddable":true,"href":"https:\/\/www.opinionpublica.tv\/portada\/wp-json\/wp\/v2\/tags?post=10859"}],"curies":[{"name":"wp","href":"https:\/\/api.w.org\/{rel}","templated":true}]}}