{"id":10839,"date":"2017-01-03T07:00:00","date_gmt":"2017-01-03T06:00:00","guid":{"rendered":"https:\/\/www.opinionpublica.tv\/portada\/2017\/01\/03\/se-manifiesta-corral-contra-la-toma-de-carreteras\/"},"modified":"2017-01-03T07:00:00","modified_gmt":"2017-01-03T06:00:00","slug":"se-manifiesta-corral-contra-la-toma-de-carreteras","status":"publish","type":"post","link":"https:\/\/www.opinionpublica.tv\/portada\/se-manifiesta-corral-contra-la-toma-de-carreteras\/","title":{"rendered":"Se manifiesta Corral contra la toma de carreteras"},"content":{"rendered":"<p><img fetchpriority=\"high\" decoding=\"async\" class=\" size-full wp-image-10838\" src=\"https:\/\/www.opinionpublica.tv\/portada\/wp-content\/uploads\/2017\/01\/5e15fca22a671d846ff84fae92404fcb.jpg\" alt=\"\" width=\"700\" height=\"435\" srcset=\"https:\/\/www.opinionpublica.tv\/portada\/wp-content\/uploads\/2017\/01\/5e15fca22a671d846ff84fae92404fcb.jpg 700w, https:\/\/www.opinionpublica.tv\/portada\/wp-content\/uploads\/2017\/01\/5e15fca22a671d846ff84fae92404fcb-300x186.jpg 300w\" sizes=\"(max-width: 700px) 100vw, 700px\" \/><br \/>\n<!--more--><\/p>\n<p style=\"text-align: justify;\">Este martes, el gobernador del estado, Javier Corral Jurado, ofreci\u00f3 una rueda de prensa para dar su punto de vista, luego de dos d\u00edas de protestas en las carreteras y v\u00edas ferroviarias de la entidad. Inici\u00f3 pidiendo un cese inmediato a los bloqueos en las carreteras y la liberaci\u00f3n de la planta de Pemex.<\/p>\n<p style=\"text-align: justify;\">\u201cSolicito que de inmediato se abandonen las tomas de las presidencias municipales, recaudaciones de rentas, instalaciones de Pemex para no caer en el desabasto y se permita el libre tr\u00e1nsito\u201d, se\u00f1al\u00f3.<\/p>\n<p style=\"text-align: justify;\">Agreg\u00f3 que la protesta \u201cno debe abusar de la ciudadan\u00eda, que est\u00e1 siendo seriamente afectada, sino que debe llevarse a cabo por la v\u00eda pac\u00edfica y dentro de los m\u00e1rgenes de la ley\u00bb.<\/p>\n<p style=\"text-align: justify;\">A\u00f1adi\u00f3 que no permitir\u00e1 que se paralice el abasto de combustibles ni las actividades del aeropuerto, que recientemente tambi\u00e9n fueron frenadas.<\/p>\n<p style=\"text-align: justify;\">El gobernador se\u00f1al\u00f3 que, mientras est\u00e1 en contra de los gasolinazos, no puede permitir m\u00e1s afectaciones a los chihuahuenses, pues las acciones de los manifestantes tambi\u00e9n afectan a la entidad.<\/p>\n<p style=\"text-align: justify;\">Indic\u00f3 que las autoridades no intervendr\u00e1n en las manifestaciones que se lleven a cabo pac\u00edficamente.<\/p>\n","protected":false},"excerpt":{"rendered":"","protected":false},"author":4,"featured_media":10838,"comment_status":"open","ping_status":"open","sticky":false,"template":"","format":"standard","meta":{"_acf_changed":false,"_monsterinsights_skip_tracking":false,"slim_seo":{"title":"Se manifiesta Corral contra la toma de carreteras - Opini\u00f3n P\u00fablica","description":"Este martes, el gobernador del estado, Javier Corral Jurado, ofreci\u00f3 una rueda de prensa para dar su punto de vista, luego de dos d\u00edas de protestas en las carre"},"footnotes":""},"categories":[4],"tags":[],"class_list":["post-10839","post","type-post","status-publish","format-standard","has-post-thumbnail","hentry","category-pulsopolitico"],"acf":[],"_links":{"self":[{"href":"https:\/\/www.opinionpublica.tv\/portada\/wp-json\/wp\/v2\/posts\/10839","targetHints":{"allow":["GET"]}}],"collection":[{"href":"https:\/\/www.opinionpublica.tv\/portada\/wp-json\/wp\/v2\/posts"}],"about":[{"href":"https:\/\/www.opinionpublica.tv\/portada\/wp-json\/wp\/v2\/types\/post"}],"author":[{"embeddable":true,"href":"https:\/\/www.opinionpublica.tv\/portada\/wp-json\/wp\/v2\/users\/4"}],"replies":[{"embeddable":true,"href":"https:\/\/www.opinionpublica.tv\/portada\/wp-json\/wp\/v2\/comments?post=10839"}],"version-history":[{"count":0,"href":"https:\/\/www.opinionpublica.tv\/portada\/wp-json\/wp\/v2\/posts\/10839\/revisions"}],"wp:featuredmedia":[{"embeddable":true,"href":"https:\/\/www.opinionpublica.tv\/portada\/wp-json\/wp\/v2\/media\/10838"}],"wp:attachment":[{"href":"https:\/\/www.opinionpublica.tv\/portada\/wp-json\/wp\/v2\/media?parent=10839"}],"wp:term":[{"taxonomy":"category","embeddable":true,"href":"https:\/\/www.opinionpublica.tv\/portada\/wp-json\/wp\/v2\/categories?post=10839"},{"taxonomy":"post_tag","embeddable":true,"href":"https:\/\/www.opinionpublica.tv\/portada\/wp-json\/wp\/v2\/tags?post=10839"}],"curies":[{"name":"wp","href":"https:\/\/api.w.org\/{rel}","templated":true}]}}