{"id":10835,"date":"2017-01-03T07:00:00","date_gmt":"2017-01-03T06:00:00","guid":{"rendered":"https:\/\/www.opinionpublica.tv\/portada\/2017\/01\/03\/amenaza-trump-a-general-motors-por-fabricar-autos-en-mexico\/"},"modified":"2017-01-03T07:00:00","modified_gmt":"2017-01-03T06:00:00","slug":"amenaza-trump-a-general-motors-por-fabricar-autos-en-mexico","status":"publish","type":"post","link":"https:\/\/www.opinionpublica.tv\/portada\/amenaza-trump-a-general-motors-por-fabricar-autos-en-mexico\/","title":{"rendered":"Amenaza Trump a General Motors por fabricar autos en M\u00e9xico"},"content":{"rendered":"<p><img fetchpriority=\"high\" decoding=\"async\" class=\" size-full wp-image-10834\" src=\"https:\/\/www.opinionpublica.tv\/portada\/wp-content\/uploads\/2017\/01\/944f984427c7b1e9e9964dba748e2311.jpg\" alt=\"\" width=\"640\" height=\"427\" srcset=\"https:\/\/www.opinionpublica.tv\/portada\/wp-content\/uploads\/2017\/01\/944f984427c7b1e9e9964dba748e2311.jpg 640w, https:\/\/www.opinionpublica.tv\/portada\/wp-content\/uploads\/2017\/01\/944f984427c7b1e9e9964dba748e2311-300x200.jpg 300w\" sizes=\"(max-width: 640px) 100vw, 640px\" \/><br \/>\n<!--more--><\/p>\n<p style=\"text-align: justify;\">Este martes, el presidente electo de los Estados Unidos, Donald Trump, amenaz\u00f3 al gigante automotriz General Motors con la implementaci\u00f3n de un \u00abgran impuesto fronterizo\u00bb si siguen fabricando su modelo Chevy Cruze en M\u00e9xico.<\/p>\n<p style=\"text-align: justify;\">\u00abGeneral Motors est\u00e1 enviando su modelo Chevy Cruze fabricado en M\u00e9xico a los concesionarios de Estados Unidos libre de impuestos en la frontera. \u00a1H\u00e1galo en EU o paguen un gran impuesto fronterizo!\u00bb, public\u00f3 Trump por medio de su cuenta de Twitter.<\/p>\n<p style=\"text-align: justify;\">Luego del mensaje de Trump, las acciones de GM mostraron una ca\u00edda de uno por ciento respecto a operaciones previas a la apertura del mercado.<\/p>\n<p style=\"text-align: justify;\">En un comunicado, General Motors respondi\u00f3 que fabrica el modelo Cruze sed\u00e1n en Lordstown, Ohio, y que todos los veh\u00edculos de ese modelo que se venden en Estados Unidos proceden de esa planta. Agreg\u00f3 que el modelo Cruze hatchback construido en M\u00e9xico se env\u00eda al mercado global, y s\u00f3lo un peque\u00f1o n\u00famero entra a los Estados Unidos para su venta.<\/p>\n<p style=\"text-align: justify;\">Cabe recordar que en noviembre, GM dijo que ten\u00eda previsto despedir a comienzos de 2017 a 2 mil empleados de dos plantas en Estados Unidos, incluyendo la de Lordstown.<\/p>\n","protected":false},"excerpt":{"rendered":"","protected":false},"author":4,"featured_media":10834,"comment_status":"open","ping_status":"open","sticky":false,"template":"","format":"standard","meta":{"_acf_changed":false,"_monsterinsights_skip_tracking":false,"slim_seo":{"title":"Amenaza Trump a General Motors por fabricar autos en M\u00e9xico - Opini\u00f3n P\u00fablica","description":"Este martes, el presidente electo de los Estados Unidos, Donald Trump, amenaz\u00f3 al gigante automotriz General Motors con la implementaci\u00f3n de un \"gran impuesto f"},"footnotes":""},"categories":[24],"tags":[],"class_list":["post-10835","post","type-post","status-publish","format-standard","has-post-thumbnail","hentry","category-estados-unidos"],"acf":[],"_links":{"self":[{"href":"https:\/\/www.opinionpublica.tv\/portada\/wp-json\/wp\/v2\/posts\/10835","targetHints":{"allow":["GET"]}}],"collection":[{"href":"https:\/\/www.opinionpublica.tv\/portada\/wp-json\/wp\/v2\/posts"}],"about":[{"href":"https:\/\/www.opinionpublica.tv\/portada\/wp-json\/wp\/v2\/types\/post"}],"author":[{"embeddable":true,"href":"https:\/\/www.opinionpublica.tv\/portada\/wp-json\/wp\/v2\/users\/4"}],"replies":[{"embeddable":true,"href":"https:\/\/www.opinionpublica.tv\/portada\/wp-json\/wp\/v2\/comments?post=10835"}],"version-history":[{"count":0,"href":"https:\/\/www.opinionpublica.tv\/portada\/wp-json\/wp\/v2\/posts\/10835\/revisions"}],"wp:featuredmedia":[{"embeddable":true,"href":"https:\/\/www.opinionpublica.tv\/portada\/wp-json\/wp\/v2\/media\/10834"}],"wp:attachment":[{"href":"https:\/\/www.opinionpublica.tv\/portada\/wp-json\/wp\/v2\/media?parent=10835"}],"wp:term":[{"taxonomy":"category","embeddable":true,"href":"https:\/\/www.opinionpublica.tv\/portada\/wp-json\/wp\/v2\/categories?post=10835"},{"taxonomy":"post_tag","embeddable":true,"href":"https:\/\/www.opinionpublica.tv\/portada\/wp-json\/wp\/v2\/tags?post=10835"}],"curies":[{"name":"wp","href":"https:\/\/api.w.org\/{rel}","templated":true}]}}