{"id":10831,"date":"2017-01-03T07:00:00","date_gmt":"2017-01-03T06:00:00","guid":{"rendered":"https:\/\/www.opinionpublica.tv\/portada\/2017\/01\/03\/diputados-recibiran-vales-de-gasolina-gratis\/"},"modified":"2017-01-03T07:00:00","modified_gmt":"2017-01-03T06:00:00","slug":"diputados-recibiran-vales-de-gasolina-gratis","status":"publish","type":"post","link":"https:\/\/www.opinionpublica.tv\/portada\/diputados-recibiran-vales-de-gasolina-gratis\/","title":{"rendered":"Diputados recibir\u00e1n vales de gasolina gratis"},"content":{"rendered":"<p><img fetchpriority=\"high\" decoding=\"async\" class=\" size-full wp-image-10830\" src=\"https:\/\/www.opinionpublica.tv\/portada\/wp-content\/uploads\/2017\/01\/87d132d9303afcd6afe7aea26f5a1224.jpg\" alt=\"\" width=\"700\" height=\"467\" srcset=\"https:\/\/www.opinionpublica.tv\/portada\/wp-content\/uploads\/2017\/01\/87d132d9303afcd6afe7aea26f5a1224.jpg 700w, https:\/\/www.opinionpublica.tv\/portada\/wp-content\/uploads\/2017\/01\/87d132d9303afcd6afe7aea26f5a1224-300x200.jpg 300w\" sizes=\"(max-width: 700px) 100vw, 700px\" \/><br \/>\n<!--more--><\/p>\n<p style=\"text-align: justify;\">Luego del aumento a los precios de la gasolina, se dio a conocer que los miembros de la C\u00e1mara de Diputados no resentir\u00e1n su nuevo costo, pues recibir\u00e1n vales para este energ\u00e9tico por un monto de 9 millones 354 mil 159 pesos.<\/p>\n<p style=\"text-align: justify;\">Cabe mencionar que esta cifra es mayor que la aprobada en 2016, que era de 7 millones 768 mil 621 pesos.<\/p>\n<p style=\"text-align: justify;\">El presidente de la Junta de Coordinaci\u00f3n Pol\u00edtica de la C\u00e1mara de Diputados, Francisco Mart\u00ednez Neri, dio a conocer que \u00e9l puede utilizar entre 10 mil y 15 mil pesos mensuales para la compra de gasolina. Sin embargo, agreg\u00f3 que ante la situaci\u00f3n que est\u00e1 viviendo el pa\u00eds, los miembros de la C\u00e1mara deber\u00e1n ser sensibles y analizar una reducci\u00f3n al monto de esta prestaci\u00f3n.<\/p>\n<p style=\"text-align: justify;\">\u201cEs un asunto que hay que analizar. Si bien es cierto que el diputado necesita ese complemento para realizar actividades en sus distritos, me parece que es necesario revisar esa pol\u00edtica de prestaciones\u201d, declar\u00f3.<\/p>\n<p style=\"text-align: justify;\">En los Lineamientos de racionalidad, contenci\u00f3n, austeridad y transparencia presupuestaria 2016, tanto de la C\u00e1mara de Diputados como de Senadores, no se presentan medidas de austeridad en el uso de vales de gasolina. S\u00f3lo se ordena racionalizar, en la medida de lo posible, el gasto destinado a las actividades administrativas y de apoyo del Congreso.<\/p>\n","protected":false},"excerpt":{"rendered":"","protected":false},"author":4,"featured_media":10830,"comment_status":"open","ping_status":"open","sticky":false,"template":"","format":"standard","meta":{"_acf_changed":false,"_monsterinsights_skip_tracking":false,"slim_seo":{"title":"Diputados recibir\u00e1n vales de gasolina gratis - Opini\u00f3n P\u00fablica","description":"Luego del aumento a los precios de la gasolina, se dio a conocer que los miembros de la C\u00e1mara de Diputados no resentir\u00e1n su nuevo costo, pues recibir\u00e1n vales p"},"footnotes":""},"categories":[9],"tags":[],"class_list":["post-10831","post","type-post","status-publish","format-standard","has-post-thumbnail","hentry","category-nacional"],"acf":[],"_links":{"self":[{"href":"https:\/\/www.opinionpublica.tv\/portada\/wp-json\/wp\/v2\/posts\/10831","targetHints":{"allow":["GET"]}}],"collection":[{"href":"https:\/\/www.opinionpublica.tv\/portada\/wp-json\/wp\/v2\/posts"}],"about":[{"href":"https:\/\/www.opinionpublica.tv\/portada\/wp-json\/wp\/v2\/types\/post"}],"author":[{"embeddable":true,"href":"https:\/\/www.opinionpublica.tv\/portada\/wp-json\/wp\/v2\/users\/4"}],"replies":[{"embeddable":true,"href":"https:\/\/www.opinionpublica.tv\/portada\/wp-json\/wp\/v2\/comments?post=10831"}],"version-history":[{"count":0,"href":"https:\/\/www.opinionpublica.tv\/portada\/wp-json\/wp\/v2\/posts\/10831\/revisions"}],"wp:featuredmedia":[{"embeddable":true,"href":"https:\/\/www.opinionpublica.tv\/portada\/wp-json\/wp\/v2\/media\/10830"}],"wp:attachment":[{"href":"https:\/\/www.opinionpublica.tv\/portada\/wp-json\/wp\/v2\/media?parent=10831"}],"wp:term":[{"taxonomy":"category","embeddable":true,"href":"https:\/\/www.opinionpublica.tv\/portada\/wp-json\/wp\/v2\/categories?post=10831"},{"taxonomy":"post_tag","embeddable":true,"href":"https:\/\/www.opinionpublica.tv\/portada\/wp-json\/wp\/v2\/tags?post=10831"}],"curies":[{"name":"wp","href":"https:\/\/api.w.org\/{rel}","templated":true}]}}