{"id":10821,"date":"2017-01-03T07:00:00","date_gmt":"2017-01-03T06:00:00","guid":{"rendered":"https:\/\/www.opinionpublica.tv\/portada\/2017\/01\/03\/anticipan-preparativos-de-la-toma-de-protesta-de-trump\/"},"modified":"2017-01-03T07:00:00","modified_gmt":"2017-01-03T06:00:00","slug":"anticipan-preparativos-de-la-toma-de-protesta-de-trump","status":"publish","type":"post","link":"https:\/\/www.opinionpublica.tv\/portada\/anticipan-preparativos-de-la-toma-de-protesta-de-trump\/","title":{"rendered":"Anticipan preparativos de la toma de protesta de Trump"},"content":{"rendered":"<p><img fetchpriority=\"high\" decoding=\"async\" class=\" size-full wp-image-10820\" src=\"https:\/\/www.opinionpublica.tv\/portada\/wp-content\/uploads\/2017\/01\/70360f062aa84394e2a038bef43801bb.jpg\" alt=\"\" width=\"538\" height=\"345\" srcset=\"https:\/\/www.opinionpublica.tv\/portada\/wp-content\/uploads\/2017\/01\/70360f062aa84394e2a038bef43801bb.jpg 538w, https:\/\/www.opinionpublica.tv\/portada\/wp-content\/uploads\/2017\/01\/70360f062aa84394e2a038bef43801bb-300x192.jpg 300w\" sizes=\"(max-width: 538px) 100vw, 538px\" \/><br \/>\n<!--more--><\/p>\n<p style=\"text-align: justify;\">El\u00a0presidente electo de EU,\u00a0Donald Trump,\u00a0tomar\u00e1 posesi\u00f3n\u00a0del\u00a0cargo como mandatario\u00a0el pr\u00f3ximo\u00a020 de enero\u00a0en la\u00a0ciudad de Washington.<\/p>\n<p style=\"text-align: justify;\">La celebraci\u00f3n de eventos inicia desde el d\u00eda 19 de enero con una ceremonia de bienvenida en el Memorial Lincoln y m\u00e1s tarde otra de \u2018colocaci\u00f3n de guirnalda\u2019 en el Cementerio Nacional de Arlington.<\/p>\n<p style=\"text-align: justify;\">Para el 20 de enero, el presidente electo asistir\u00e1 a una misa antes de ser acompa\u00f1ado por su familia y el vicepresidente, Mike Pence, al Capitolio. Pence ser\u00e1 el primero en juramentar su cargo, seguido por Trump, quien dar\u00e1 un discurso inaugural.<\/p>\n<p style=\"text-align: justify;\">Luego de la toma de posesi\u00f3n el Congreso ofrecer\u00e1 un almuerzo y por la tarde un desfile tomar\u00e1 lugar.<\/p>\n<p style=\"text-align: justify;\">Un d\u00eda despu\u00e9s, el 21 de enero, un servicio religioso ser\u00e1 ofrecido en la Catedral Nacional de Washington.<\/p>\n","protected":false},"excerpt":{"rendered":"","protected":false},"author":6,"featured_media":10820,"comment_status":"open","ping_status":"open","sticky":false,"template":"","format":"standard","meta":{"_acf_changed":false,"_monsterinsights_skip_tracking":false,"slim_seo":{"title":"Anticipan preparativos de la toma de protesta de Trump - Opini\u00f3n P\u00fablica","description":"El\u00a0presidente electo de EU,\u00a0Donald Trump,\u00a0tomar\u00e1 posesi\u00f3n\u00a0del\u00a0cargo como mandatario\u00a0el pr\u00f3ximo\u00a020 de enero\u00a0en la\u00a0ciudad de Washington. La celebraci\u00f3n de eventos"},"footnotes":""},"categories":[24],"tags":[],"class_list":["post-10821","post","type-post","status-publish","format-standard","has-post-thumbnail","hentry","category-estados-unidos"],"acf":[],"_links":{"self":[{"href":"https:\/\/www.opinionpublica.tv\/portada\/wp-json\/wp\/v2\/posts\/10821","targetHints":{"allow":["GET"]}}],"collection":[{"href":"https:\/\/www.opinionpublica.tv\/portada\/wp-json\/wp\/v2\/posts"}],"about":[{"href":"https:\/\/www.opinionpublica.tv\/portada\/wp-json\/wp\/v2\/types\/post"}],"author":[{"embeddable":true,"href":"https:\/\/www.opinionpublica.tv\/portada\/wp-json\/wp\/v2\/users\/6"}],"replies":[{"embeddable":true,"href":"https:\/\/www.opinionpublica.tv\/portada\/wp-json\/wp\/v2\/comments?post=10821"}],"version-history":[{"count":0,"href":"https:\/\/www.opinionpublica.tv\/portada\/wp-json\/wp\/v2\/posts\/10821\/revisions"}],"wp:featuredmedia":[{"embeddable":true,"href":"https:\/\/www.opinionpublica.tv\/portada\/wp-json\/wp\/v2\/media\/10820"}],"wp:attachment":[{"href":"https:\/\/www.opinionpublica.tv\/portada\/wp-json\/wp\/v2\/media?parent=10821"}],"wp:term":[{"taxonomy":"category","embeddable":true,"href":"https:\/\/www.opinionpublica.tv\/portada\/wp-json\/wp\/v2\/categories?post=10821"},{"taxonomy":"post_tag","embeddable":true,"href":"https:\/\/www.opinionpublica.tv\/portada\/wp-json\/wp\/v2\/tags?post=10821"}],"curies":[{"name":"wp","href":"https:\/\/api.w.org\/{rel}","templated":true}]}}