{"id":10795,"date":"2017-01-02T07:00:00","date_gmt":"2017-01-02T06:00:00","guid":{"rendered":"https:\/\/www.opinionpublica.tv\/portada\/2017\/01\/02\/revalidacion-vehicular-costara-mil-231-durante-enero\/"},"modified":"2017-01-02T07:00:00","modified_gmt":"2017-01-02T06:00:00","slug":"revalidacion-vehicular-costara-mil-231-durante-enero","status":"publish","type":"post","link":"https:\/\/www.opinionpublica.tv\/portada\/revalidacion-vehicular-costara-mil-231-durante-enero\/","title":{"rendered":"Revalidaci\u00f3n vehicular costar\u00e1 mil 231 durante enero"},"content":{"rendered":"<p><img fetchpriority=\"high\" decoding=\"async\" class=\" size-full wp-image-10794\" src=\"https:\/\/www.opinionpublica.tv\/portada\/wp-content\/uploads\/2017\/01\/42e179c5417db81ad304b37426c5fe5f.jpg\" alt=\"\" width=\"479\" height=\"361\" srcset=\"https:\/\/www.opinionpublica.tv\/portada\/wp-content\/uploads\/2017\/01\/42e179c5417db81ad304b37426c5fe5f.jpg 479w, https:\/\/www.opinionpublica.tv\/portada\/wp-content\/uploads\/2017\/01\/42e179c5417db81ad304b37426c5fe5f-300x226.jpg 300w\" sizes=\"(max-width: 479px) 100vw, 479px\" \/><br \/>\n<!--more--><\/p>\n<p style=\"text-align: justify;\">El precio total de la revalidaci\u00f3n vehicular en el estado de Chihuahua ser\u00e1 de mil 231 pesos y empez\u00f3 a cobrarse en toda la entidad a partir de este lunes en las diversas oficinas de Recaudaci\u00f3n de Rentas.<\/p>\n<p style=\"text-align: justify;\">Este precio ya incluye un descuento por pronto pago y se compone de mil pesos por la revalidaci\u00f3n, m\u00e1s 150 pesos de la tarjeta de circulaci\u00f3n, 46 pesos del Impuesto Universitario y 35 pesos m\u00e1s de la aportaci\u00f3n a la Cruz Roja.<\/p>\n<p style=\"text-align: justify;\">Los requisitos para efectuar la revalidaci\u00f3n vehicular con licencia de conducir, credencial de elector, comprobante de domicilio no mayor a tres meses, as\u00ed como el n\u00famero de placas del veh\u00edculo a revalidar.<\/p>\n<p style=\"text-align: justify;\">Es importante se\u00f1alar que el costo nominal de la revalidaci\u00f3n vehicular es de mil 700 pesos m\u00e1s 231 pesos de impuestos, menos un descuento de 700 pesos durante enero, 600 en febrero y 500 en marzo.<\/p>\n","protected":false},"excerpt":{"rendered":"","protected":false},"author":6,"featured_media":10794,"comment_status":"open","ping_status":"open","sticky":false,"template":"","format":"standard","meta":{"_acf_changed":false,"_monsterinsights_skip_tracking":false,"slim_seo":{"title":"Revalidaci\u00f3n vehicular costar\u00e1 mil 231 durante enero - Opini\u00f3n P\u00fablica","description":"El precio total de la revalidaci\u00f3n vehicular en el estado de Chihuahua ser\u00e1 de mil 231 pesos y empez\u00f3 a cobrarse en toda la entidad a partir de este lunes en la"},"footnotes":""},"categories":[4],"tags":[],"class_list":["post-10795","post","type-post","status-publish","format-standard","has-post-thumbnail","hentry","category-pulsopolitico"],"acf":[],"_links":{"self":[{"href":"https:\/\/www.opinionpublica.tv\/portada\/wp-json\/wp\/v2\/posts\/10795","targetHints":{"allow":["GET"]}}],"collection":[{"href":"https:\/\/www.opinionpublica.tv\/portada\/wp-json\/wp\/v2\/posts"}],"about":[{"href":"https:\/\/www.opinionpublica.tv\/portada\/wp-json\/wp\/v2\/types\/post"}],"author":[{"embeddable":true,"href":"https:\/\/www.opinionpublica.tv\/portada\/wp-json\/wp\/v2\/users\/6"}],"replies":[{"embeddable":true,"href":"https:\/\/www.opinionpublica.tv\/portada\/wp-json\/wp\/v2\/comments?post=10795"}],"version-history":[{"count":0,"href":"https:\/\/www.opinionpublica.tv\/portada\/wp-json\/wp\/v2\/posts\/10795\/revisions"}],"wp:featuredmedia":[{"embeddable":true,"href":"https:\/\/www.opinionpublica.tv\/portada\/wp-json\/wp\/v2\/media\/10794"}],"wp:attachment":[{"href":"https:\/\/www.opinionpublica.tv\/portada\/wp-json\/wp\/v2\/media?parent=10795"}],"wp:term":[{"taxonomy":"category","embeddable":true,"href":"https:\/\/www.opinionpublica.tv\/portada\/wp-json\/wp\/v2\/categories?post=10795"},{"taxonomy":"post_tag","embeddable":true,"href":"https:\/\/www.opinionpublica.tv\/portada\/wp-json\/wp\/v2\/tags?post=10795"}],"curies":[{"name":"wp","href":"https:\/\/api.w.org\/{rel}","templated":true}]}}