{"id":10786,"date":"2017-01-02T07:00:00","date_gmt":"2017-01-02T06:00:00","guid":{"rendered":"https:\/\/www.opinionpublica.tv\/portada\/2017\/01\/02\/bloqueo-y-caos-en-carreteras-de-chihuahua-por-alzas-a-la-gasolina\/"},"modified":"2017-01-02T07:00:00","modified_gmt":"2017-01-02T06:00:00","slug":"bloqueo-y-caos-en-carreteras-de-chihuahua-por-alzas-a-la-gasolina","status":"publish","type":"post","link":"https:\/\/www.opinionpublica.tv\/portada\/bloqueo-y-caos-en-carreteras-de-chihuahua-por-alzas-a-la-gasolina\/","title":{"rendered":"Bloqueos, protestas y caos en carreteras de Chihuahua por alzas a la gasolina"},"content":{"rendered":"<p><img fetchpriority=\"high\" decoding=\"async\" class=\" size-full wp-image-10785\" src=\"https:\/\/www.opinionpublica.tv\/portada\/wp-content\/uploads\/2017\/01\/453deb578108227f71b3c68006d421a2.jpg\" alt=\"\" width=\"683\" height=\"417\" srcset=\"https:\/\/www.opinionpublica.tv\/portada\/wp-content\/uploads\/2017\/01\/453deb578108227f71b3c68006d421a2.jpg 683w, https:\/\/www.opinionpublica.tv\/portada\/wp-content\/uploads\/2017\/01\/453deb578108227f71b3c68006d421a2-300x183.jpg 300w\" sizes=\"(max-width: 683px) 100vw, 683px\" \/><br \/>\n<!--more--><\/p>\n<p style=\"text-align: justify;\">Filas de m\u00e1s de cinco kil\u00f3metros para llegar Ciudad Ju\u00e1rez, cientos de paisanos varados en diferentes puntos carreteros, connatos de violencia y una creciente molestia de conductores en toda la entidad, es el resultado del bloqueo de carreteras que realiz\u00f3 este lunes El Barz\u00f3n en 10 tramos carreteros del estado de Chihuahua.<\/p>\n<p style=\"text-align: justify;\">El bloqueo anunciado desde el fin de semana por El Barz\u00f3n y grupos transportistas abarc\u00f3 los tramos carreteros como Chihuahua-Ju\u00e1rez; Villa Ahumada-Ju\u00e1rez, Cuauht\u00e9moc-Hermosillo, as\u00ed como Delicias, Camargo y Jim\u00e9nez.<\/p>\n<p style=\"text-align: justify;\">Eraclio Rodr\u00edguez, l\u00edder de El Barz\u00f3n asegur\u00f3 que en la Carretera a Ju\u00e1rez recibieron mucho apoyo de parte de otras organizaciones campesinas y de transportistas, quienes dijeron estar hartos del aumento a los combustibles, \u201cya que el Gobierno Federal no hace nada en pro de la econom\u00eda\u201d.<\/p>\n<p style=\"text-align: justify;\">Leonel M\u00e9ndez, l\u00edder de los transportistas asegur\u00f3 que no existe hora para levantar el bloqueo y que continuar\u00e1n hasta que las autoridades federales, as\u00ed como diputados y senadores den la cara por la Reforma Energ\u00e9tica, por el adelanto en la liberalizaci\u00f3n del precio de los combustibles.<\/p>\n<p style=\"text-align: justify;\">Por su parte, integrantes del Programa Paisano alertaron a los viajeros en general para que tengan paciencia y si entre sus posibilidades puede, pues mejor busquen estancia en la ciudad de Chihuahua, para evitar alg\u00fan accidente.<\/p>\n<p style=\"text-align: justify;\">El bloqueo se dio en el kil\u00f3metro 32, despu\u00e9s de la caseta Sacramento por lo que en este cruce tambi\u00e9n bloquean el acceso a la carretera Ju\u00e1rez y Majalca, as\u00ed como la caseta de Villa Ahumada.<\/p>\n<p style=\"text-align: justify;\">Hasta ahora la Polic\u00eda Federal permanece en alerta en los diferentes puntos carreteros bloqueados por El Barz\u00f3n.<\/p>\n","protected":false},"excerpt":{"rendered":"","protected":false},"author":6,"featured_media":10785,"comment_status":"open","ping_status":"open","sticky":false,"template":"","format":"standard","meta":{"_acf_changed":false,"_monsterinsights_skip_tracking":false,"slim_seo":{"title":"Bloqueos, protestas y caos en carreteras de Chihuahua por alzas a la gasolina - Opini\u00f3n P\u00fablica","description":"Filas de m\u00e1s de cinco kil\u00f3metros para llegar Ciudad Ju\u00e1rez, cientos de paisanos varados en diferentes puntos carreteros, connatos de violencia y una creciente m"},"footnotes":""},"categories":[3],"tags":[],"class_list":["post-10786","post","type-post","status-publish","format-standard","has-post-thumbnail","hentry","category-principal"],"acf":[],"_links":{"self":[{"href":"https:\/\/www.opinionpublica.tv\/portada\/wp-json\/wp\/v2\/posts\/10786","targetHints":{"allow":["GET"]}}],"collection":[{"href":"https:\/\/www.opinionpublica.tv\/portada\/wp-json\/wp\/v2\/posts"}],"about":[{"href":"https:\/\/www.opinionpublica.tv\/portada\/wp-json\/wp\/v2\/types\/post"}],"author":[{"embeddable":true,"href":"https:\/\/www.opinionpublica.tv\/portada\/wp-json\/wp\/v2\/users\/6"}],"replies":[{"embeddable":true,"href":"https:\/\/www.opinionpublica.tv\/portada\/wp-json\/wp\/v2\/comments?post=10786"}],"version-history":[{"count":0,"href":"https:\/\/www.opinionpublica.tv\/portada\/wp-json\/wp\/v2\/posts\/10786\/revisions"}],"wp:featuredmedia":[{"embeddable":true,"href":"https:\/\/www.opinionpublica.tv\/portada\/wp-json\/wp\/v2\/media\/10785"}],"wp:attachment":[{"href":"https:\/\/www.opinionpublica.tv\/portada\/wp-json\/wp\/v2\/media?parent=10786"}],"wp:term":[{"taxonomy":"category","embeddable":true,"href":"https:\/\/www.opinionpublica.tv\/portada\/wp-json\/wp\/v2\/categories?post=10786"},{"taxonomy":"post_tag","embeddable":true,"href":"https:\/\/www.opinionpublica.tv\/portada\/wp-json\/wp\/v2\/tags?post=10786"}],"curies":[{"name":"wp","href":"https:\/\/api.w.org\/{rel}","templated":true}]}}