{"id":10777,"date":"2017-01-02T07:00:00","date_gmt":"2017-01-02T06:00:00","guid":{"rendered":"https:\/\/www.opinionpublica.tv\/portada\/2017\/01\/02\/pero-que-necesidad-gonzalez-nicolas\/"},"modified":"2017-01-02T07:00:00","modified_gmt":"2017-01-02T06:00:00","slug":"pero-que-necesidad-gonzalez-nicolas","status":"publish","type":"post","link":"https:\/\/www.opinionpublica.tv\/portada\/pero-que-necesidad-gonzalez-nicolas\/","title":{"rendered":"Pero qu\u00e9 necesidad&#8230; Gonz\u00e1lez Nicol\u00e1s"},"content":{"rendered":"<p style=\"text-align: justify;\"><em>\u201c&#8230;Su verdadera tarea desde la Secretar\u00eda de Seguridad P\u00fablica Municipal fue siempre montar un vasto Centro de Inteligencia que monitoreara todas y cada una de las acciones de Javier Corral y de sus allegados en relaci\u00f3n a expedientes penales en contra de C\u00e9sar Duarte y sus c\u00f3mplices&#8230;\u201d,<\/em> se\u00f1ala enf\u00e1tico el connotado experto en Seguridad Nacional, desde su amplia oficina, muy cercana por cierto al Campo Militar n\u00famero Uno.<\/p>\n<p><!--more--><\/p>\n<p style=\"text-align: justify;\">\u201c<em>&#8230;Utilizaron equipo de intercepci\u00f3n telef\u00f3nica sustra\u00eddo de la Fiscal\u00eda General del Estado, y fueron continuamente informados por halcones infiltrados, del avance de la investigaci\u00f3n y testimonios de numerosos cuanto importantes testigos de los malos manejos que caracterizaron la administraci\u00f3n anterior&#8230;\u201d<\/em><\/p>\n<p style=\"text-align: justify;\">\u201c<em>&#8230;La gigantesca ola de violencia que se registr\u00f3 en octubre fue cuidadosamente planeada en coordinaci\u00f3n con destacados grupos de delincuentes, que adicionalmente aprovecharon para saldar viejas rencillas con algunos de sus adversarios, de modo que los costos pol\u00edticos los absorbiera por entero el nuevo gobernador, que as\u00ed se ver\u00eda rebasado y exhibido como un novato sin experiencia, no les import\u00f3 cegar la vida de cientos de inocentes y de sus familias&#8230;\u201d<\/em><\/p>\n<p style=\"text-align: justify;\">\u201c<em>\u2026El c\u00e1lculo de esta acci\u00f3n de desestabilizaci\u00f3n pol\u00edtica y social descansaba por entero en el supuesto de impunidad que en las altas esferas se habr\u00eda determinado en favor de C\u00e9sar Duarte, disponiendo que la PGR fuera omisa en la demanda penal presentada desde el 2014 por el l\u00edder ciudadano Jaime Garc\u00eda Ch\u00e1vez, para as\u00ed librarlo de cualquier responsabilidad que le pudiera significar un riesgo de ser detenido&#8230;\u201d<\/em><\/p>\n<p style=\"text-align: justify;\"><em>\u201c&#8230;Algo cambi\u00f3 en las \u00faltimas semanas, en los altos c\u00edrculos de decisi\u00f3n pol\u00edtica del altiplano, que parecer\u00eda haber modificado la decisi\u00f3n original del encubrimiento al ex gobernador, quiz\u00e1s derivado de fuertes presiones pol\u00edticas que hac\u00edan inaceptable la admisi\u00f3n de un solo gran culpable en la persona del Duarte de Veracruz, lo que se evidenciaba en los megareportajes de Televisa, exhibiendo la podredumbre del chihuahuense, as\u00ed como en las ocho columnas frecuentes de Reforma y El Universal en la misma tesitura&#8230;\u201d<\/em><\/p>\n<p style=\"text-align: justify;\">\u201c<em>&#8230;Las consecuencias de estos cambios de vientos las resinti\u00f3 de inmediato el casi pr\u00f3fugo ex gobernador, que se cuid\u00f3 mucho de no volver a tocar m\u00e1s el territorio nacional, mucho menos del lado chihuahuense, asent\u00e1ndose en El Paso y desde ah\u00ed dirigiendo las menguadas fuerzas de antiguos aliados e incondicionales, que sin duda no tardaran mucho en poner pies en polvorosa, ante lo que se anticipa como el inicio de una escalada legal del gobierno de Corral, que pondr\u00e1 bajo buen reguardo a la gran mayor\u00eda de estos sinverg\u00fcenzas&#8230;\u201d<\/em><\/p>\n<p style=\"text-align: justify;\">\u201c<em>&#8230;Gonz\u00e1lez Nicol\u00e1s huir\u00e1 a la brevedad tambi\u00e9n a Estados Unidos, sabe que su aprehensi\u00f3n era inminente y no quiso correr m\u00e1s riesgos, a pesar de que artificialmente desinfl\u00f3 la burbuja de violencia creada en octubre, y luego triunfalmente resuelta en noviembre, casi de manera m\u00e1gica, con lo que busc\u00f3 desesperadamente un indulto asociado a un vergonzoso reconocimiento nuevamente de sus c\u00f3mplices en la Mesa de Seguridad, quienes sin duda siguen atendiendo las directrices de la flamante Secretaria de Econom\u00eda y c\u00f3mplice del \u201cduartismo sin Duarte\u201d, Alejandra de la Vega, exhibiendo tambi\u00e9n la funcionalidad sumisa en esa l\u00f3gica, por parte del alcalde sin partido de Ciudad Ju\u00e1rez, Armando Cabada\u2026\u201d<\/em><\/p>\n<p style=\"text-align: justify;\">\u201c<em>&#8230;Por cierto, Gonz\u00e1lez Nicol\u00e1s jam\u00e1s present\u00f3 los ex\u00e1menes de confianza a los que estaba legalmente obligado, mismos que en diversas declaraciones asegur\u00f3 cumplir\u00eda en breve en el CISEN&#8230;\u201d,<\/em> confirma con contundencia el influyente personaje, mientras toma con prontitud el tel\u00e9fono rojo que de forma excepcional se encuentra dentro de una cabina especial antisonido, a la par que se despide de nosotros con afabilidad.<\/p>\n<p style=\"text-align: justify;\">\u00bfCuando el destino nos alcance?<\/p>\n","protected":false},"excerpt":{"rendered":"<p>\u201c&#8230;Su verdadera tarea desde la Secretar\u00eda de Seguridad P\u00fablica Municipal fue siempre montar un vasto Centro de Inteligencia que monitoreara todas y cada una de las acciones de Javier Corral y de sus allegados en relaci\u00f3n a expedientes penales en contra de C\u00e9sar Duarte y sus c\u00f3mplices&#8230;\u201d, se\u00f1ala enf\u00e1tico el connotado experto en Seguridad Nacional, [&hellip;]<\/p>\n","protected":false},"author":6,"featured_media":0,"comment_status":"open","ping_status":"open","sticky":false,"template":"","format":"standard","meta":{"_acf_changed":false,"_monsterinsights_skip_tracking":false,"slim_seo":{"title":"Pero qu\u00e9 necesidad... Gonz\u00e1lez Nicol\u00e1s - Opini\u00f3n P\u00fablica","description":"\u201c...Su verdadera tarea desde la Secretar\u00eda de Seguridad P\u00fablica Municipal fue siempre montar un vasto Centro de Inteligencia que monitoreara todas y cada una de"},"footnotes":""},"categories":[29],"tags":[],"class_list":["post-10777","post","type-post","status-publish","format-standard","hentry","category-voces-libres"],"acf":[],"_links":{"self":[{"href":"https:\/\/www.opinionpublica.tv\/portada\/wp-json\/wp\/v2\/posts\/10777","targetHints":{"allow":["GET"]}}],"collection":[{"href":"https:\/\/www.opinionpublica.tv\/portada\/wp-json\/wp\/v2\/posts"}],"about":[{"href":"https:\/\/www.opinionpublica.tv\/portada\/wp-json\/wp\/v2\/types\/post"}],"author":[{"embeddable":true,"href":"https:\/\/www.opinionpublica.tv\/portada\/wp-json\/wp\/v2\/users\/6"}],"replies":[{"embeddable":true,"href":"https:\/\/www.opinionpublica.tv\/portada\/wp-json\/wp\/v2\/comments?post=10777"}],"version-history":[{"count":0,"href":"https:\/\/www.opinionpublica.tv\/portada\/wp-json\/wp\/v2\/posts\/10777\/revisions"}],"wp:attachment":[{"href":"https:\/\/www.opinionpublica.tv\/portada\/wp-json\/wp\/v2\/media?parent=10777"}],"wp:term":[{"taxonomy":"category","embeddable":true,"href":"https:\/\/www.opinionpublica.tv\/portada\/wp-json\/wp\/v2\/categories?post=10777"},{"taxonomy":"post_tag","embeddable":true,"href":"https:\/\/www.opinionpublica.tv\/portada\/wp-json\/wp\/v2\/tags?post=10777"}],"curies":[{"name":"wp","href":"https:\/\/api.w.org\/{rel}","templated":true}]}}