{"id":10712,"date":"2016-12-28T07:00:00","date_gmt":"2016-12-28T06:00:00","guid":{"rendered":"https:\/\/www.opinionpublica.tv\/portada\/2016\/12\/28\/como-tratar-con-javier-corral-y-no-morir-en-el-intento\/"},"modified":"2016-12-28T07:00:00","modified_gmt":"2016-12-28T06:00:00","slug":"como-tratar-con-javier-corral-y-no-morir-en-el-intento","status":"publish","type":"post","link":"https:\/\/www.opinionpublica.tv\/portada\/como-tratar-con-javier-corral-y-no-morir-en-el-intento\/","title":{"rendered":"C\u00f3mo tratar con Javier Corral y no morir en el intento\u2026"},"content":{"rendered":"<p>Se muri\u00f3 Juanga, Bob Dylan obtuvo el Nobel\u2026 de literatura, Trump\u00a0<em>is President<\/em>, los <em>Chicago Cub<\/em>s\u00a0se llevaron la serie Mundial tras 108 a\u00f1os,\u00a0se muri\u00f3 Castro, los Vaqueros llevan once partidos ganados al hilo\u2026 el mundo se est\u00e1 acabando.<\/p>\n<p><!--more--><\/p>\n<p>Mi humilde contribuci\u00f3n para sobrevivir al pre Apocalipsis es esta gu\u00eda pr\u00e1ctica para lidiar con el engendro\u2026 perd\u00f3n, con el angelito que elegimos como Gobernador (s\u00ed, yo tambi\u00e9n vot\u00e9 por \u00e9l).<\/p>\n<ol>\n<li>L\u00e9alo. Si Usted es capaz de leer hasta el punto final sus sopor\u00edferos art\u00edculos (hay quienes no podemos), l\u00e9alo y com\u00e9nteselo. Aunque no siempre los escriba \u00e9l, s\u00ed tiene la precauci\u00f3n de revisarlos; le encanta la cr\u00edtica bienintencionada (la \u201cmalintencionada\u201d no) que ensalza lo bien que escribe, lo profundo de su pensamiento, lo cuidado de su prosa, lo elegante de su estilo y lo sabio que es.<\/li>\n<li>Mu\u00e9vale el rabo. Si Usted tiene uno, mu\u00e9valo en cuanto lo vea; si no, cons\u00edgase uno en alguna tienda de disfraces o en los saldos de las fiestas de<em>Halloween<\/em>. A Javier le encantan los perros y, si son obedientes y entendidos, mejor. Si Usted tiene suerte, y \u00e9l anda de humor, lo va a llevar a pasear al Palacio de Gobierno a que conviva con Greta.<\/li>\n<li>H\u00e1gale caso, no sea rejego. Javier aborrece que lo contradigan. \u201c<em>Lo que Usted diga<\/em>\u201d; \u201c<em>a la orden<\/em>\u201d; \u201c<em>de inmediato<\/em>\u201d y cualquier otra de sus infinitas variables, son las expresiones adecuadas a la hora de tratar con \u00e9l; pero no exagere; \u201c<em>lo que Ust\u00e9 mande, patroncito<\/em>\u201d o \u201c<em>s\u00ed, si\u00f1or, Gobernador<\/em>\u201d no son opciones; si su ego se lo permite, \u00e9l podr\u00eda darse cuenta de que Usted le est\u00e1 \u201cdando el avi\u00f3n\u201d y las consecuencias pueden ser terribles.<\/li>\n<li>No se lo tome demasiado en serio y t\u00e9ngale paciencia. Javier es voluble y caprichoso como princesa; un d\u00eda puede hablar \u201c<em>pestes<\/em>\u201d de Usted y al otro tratarlo como su \u201c<em>amigo del alma<\/em>\u201d. Ya ve de todo lo que acus\u00f3 a Patricio Mart\u00ednez (de \u201crajado\u201d,<sup>1<\/sup>\u201cs\u00fabdito\u201d<sup>2<\/sup>\u00a0de Leonel de la Rosa, \u201ccorrupto\u201d,<sup>3<\/sup>\u00a0etc.) y ahora se la pasan juntos; o qu\u00e9 decir de Gustavo Madero.\u00a0Cuando le preguntaron a Javier por qu\u00e9 quer\u00eda ser Presidente del PAN dijo: Para devolverle\u00a0<u>la decencia pol\u00edtica y la \u00e9tica que ha perdido en los \u00faltimos a\u00f1os<\/u>; para arrebatar el PAN al consorcio que lo controla af\u00edn a Gustavo Madero; tarea nada f\u00e1cil pues\u00a0<u>no cuento con un grupo que me respalde ni con dinero sacado a hurtadillas del erario<\/u>\u00a0para financiar una campa\u00f1a nacional;<sup>4<\/sup>\u00a0tambi\u00e9n afirm\u00f3 que resultaba:\u00a0\u201c[\u2026]\u00a0<em>indispensable quitarle el partido de las manos a Enrique Pe\u00f1a Nieto, lo que ha\u00a0<\/em>[\u2026]<em>\u00a0<\/em><em><u>\u2018escandalizado a la gente por la manera en que nuestros dirigentes han cohonestado\u2019 con el presidente<\/u><\/em>\u201d;<sup>5<\/sup>\u00a0es decir, de \u201cvendido\u201d, \u201ccorrupto\u201d y \u201ctraidor\u201d no baj\u00f3 a Gustavo Madero; y sin embargo, menos de un a\u00f1o despu\u00e9s, en cuanto pudo, \u00a1se lo trajo de \u201c<em>Jefe de Jefes<\/em>\u201d!<\/li>\n<li>Tenga un plan \u201cB\u201d. Siempre cabe la posibilidad de que aunque lo lea, le mueva el rabo, le haga caso y olfatee correctamente sus humores, reniegue de Usted. Javier es esencialmente ego\u00edsta y malagradecido. V\u00e9ase en este espejo: Gracias a m\u00ed fue Diputado federal; fui el operador jur\u00eddico de la exitosa campa\u00f1a en Oaxaca en 2010 (donde \u00e9l fue el Coordinador General); merced a mis buenos oficios fue Senador y ya ve c\u00f3mo me ha ido; conste que eso ocurri\u00f3 porque nunca lo le\u00ed (me aburr\u00eda), ni le mov\u00ed el rabo (\u00a1ni nalgas tengo!), ni le hice caso, ni le olfatee sus humores.<\/li>\n<li>No se deje. P\u00e1rtale su mandarina en gajos o por lo menos int\u00e9ntelo. Si est\u00e1 en sus planes, Javier intentar\u00e1 \u201cech\u00e1rselo al plato\u201d a como d\u00e9 lugar. Javier Corral lleg\u00f3 a ser Gobernador gracias al PAN, a Mario V\u00e1zquez, a C\u00e9sar J\u00e1uregui Moreno, a multitud de presidentas y presidentes municipales, diputadas y diputados, etc.<\/li>\n<\/ol>\n<p>Sin embargo, al Partido lo \u201ccompens\u00f3\u201d con algunas migajas (todos incondicionales suyos), rebaj\u00e1ndolo al mismo nivel que sus amigos izquierdistas e incluso Desarrollo Social, una de las secretar\u00edas m\u00e1s importantes por su contacto ciudadano, se la regal\u00f3 a V\u00edctor Quintana, autodeclarado lopezobradorista;<sup>6<\/sup>\u00a0de Mario y C\u00e9sar no quiere o\u00edr ni hablar; y a las candidatas y candidatos en cuyas campa\u00f1as \u201cse mont\u00f3\u201d para ganar, les va a pagar el favor con una reforma electoral que limite sus aspiraciones de reelecci\u00f3n:<\/p>\n<p>\u201c<em>La reelecci\u00f3n puede ser el veneno que no se consider\u00f3, porque como puede ser aliciente puede ser distractor<\/em>\u201d;<sup>7 \u201c<\/sup><em>Javier Corral refiri\u00f3 a los diputados no distraerse de su trabajo por pensar en la reelecci\u00f3n,no contaminar el cumplimiento de sus funciones\u00a0por campa\u00f1a permanente por la reelecci\u00f3n<\/em>\u201d;<sup>8<\/sup>\u00a0\u201c<em>El gobernador del Estado, Javier Corral Jurado,\u00a0asegur\u00f3\u00a0que es necesario retomar el tema sobre una\u00a0reforma\u00a0electoral,\u00a0con el<\/em><strong><em>\u00a0<\/em><\/strong><em>objetivo<\/em><strong><em>\u00a0<\/em><\/strong><em>de revisar figuras como las candidaturas independientes y las reelecciones de alcaldes y diputados<\/em>\u201d;<sup>9<\/sup>\u00a0gracias a sus incondicionales en el Congreso estatal con la disque diputada panista (m\u00e1s izquierdosa que su s\u00faper amiga \u201cLucha\u201d Castro) Blanca G\u00e1mez a la cabeza; y\u2026<\/p>\n<ol start=\"7\">\n<li>Por \u00faltimo, si todo colapsa, si como a Sim\u00f3n Banco, a Usted tambi\u00e9n \u201cle falla la resistencia\u201d, agache la cabeza, meta el rabo, som\u00e9tase, hum\u00edllese, cel\u00e9brelo, s\u00edgalo en<em>Feisbuc<\/em>\u00a0y dele\u00a0<em>laic<\/em>, apl\u00e1udale, h\u00e1gale fiestas y tal vez logre su perd\u00f3n\u2026 a algunos personajes de la vida p\u00fablica les ha funcionado de maravilla, preg\u00fantele a Carlos Borruel o algunos ex crucistas de \u201chueso colorado\u201d como In\u00e9s Mart\u00ednez.<\/li>\n<\/ol>\n<p>Estos son los 7 pasos de c\u00f3mo tratar con Javier Corral y no morir en el intento o, si s\u00ed muere, que sea tranquilo y contento (me sali\u00f3 un verso sin esfuerzo). \u00a1Feliz Navidad y muy, muy pr\u00f3spero 2017! \u00a1Nos vemos el pr\u00f3ximo a\u00f1o si Dios quiere!<\/p>\n<p>Cont\u00e1cteme a trav\u00e9s de mi correo electr\u00f3nico o s\u00edganme en los medios que gentilmente me publican cada semana, en mi cuenta de<em>Facebook<\/em>\u00a0(Luis Villegas Montes) o tambi\u00e9n en mi blog:\u00a0<a href=\"https:\/\/unareflexionpersonal.wordpress.com\/\">https:\/\/unareflexionpersonal.wordpress.com\/<\/a><\/p>\n<p><a href=\"mailto:luvimo6608@gmail.com\"><strong>luvimo6608@gmail.com<\/strong><\/a>,\u00a0<a href=\"mailto:luvimo66_@hotmail.com\"><strong>luvimo6614@hotmail.com<\/strong><\/a><\/p>\n","protected":false},"excerpt":{"rendered":"<p>Se muri\u00f3 Juanga, Bob Dylan obtuvo el Nobel\u2026 de literatura, Trump\u00a0is President, los Chicago Cubs\u00a0se llevaron la serie Mundial tras 108 a\u00f1os,\u00a0se muri\u00f3 Castro, los Vaqueros llevan once partidos ganados al hilo\u2026 el mundo se est\u00e1 acabando.<\/p>\n","protected":false},"author":6,"featured_media":0,"comment_status":"open","ping_status":"open","sticky":false,"template":"","format":"standard","meta":{"_acf_changed":false,"_monsterinsights_skip_tracking":false,"slim_seo":{"title":"C\u00f3mo tratar con Javier Corral y no morir en el intento\u2026 - Opini\u00f3n P\u00fablica","description":"Se muri\u00f3 Juanga, Bob Dylan obtuvo el Nobel\u2026 de literatura, Trump\u00a0 is President , los Chicago Cub s\u00a0se llevaron la serie Mundial tras 108 a\u00f1os,\u00a0se muri\u00f3 Castro,"},"footnotes":""},"categories":[19],"tags":[],"class_list":["post-10712","post","type-post","status-publish","format-standard","hentry","category-principal-columnas"],"acf":[],"_links":{"self":[{"href":"https:\/\/www.opinionpublica.tv\/portada\/wp-json\/wp\/v2\/posts\/10712","targetHints":{"allow":["GET"]}}],"collection":[{"href":"https:\/\/www.opinionpublica.tv\/portada\/wp-json\/wp\/v2\/posts"}],"about":[{"href":"https:\/\/www.opinionpublica.tv\/portada\/wp-json\/wp\/v2\/types\/post"}],"author":[{"embeddable":true,"href":"https:\/\/www.opinionpublica.tv\/portada\/wp-json\/wp\/v2\/users\/6"}],"replies":[{"embeddable":true,"href":"https:\/\/www.opinionpublica.tv\/portada\/wp-json\/wp\/v2\/comments?post=10712"}],"version-history":[{"count":0,"href":"https:\/\/www.opinionpublica.tv\/portada\/wp-json\/wp\/v2\/posts\/10712\/revisions"}],"wp:attachment":[{"href":"https:\/\/www.opinionpublica.tv\/portada\/wp-json\/wp\/v2\/media?parent=10712"}],"wp:term":[{"taxonomy":"category","embeddable":true,"href":"https:\/\/www.opinionpublica.tv\/portada\/wp-json\/wp\/v2\/categories?post=10712"},{"taxonomy":"post_tag","embeddable":true,"href":"https:\/\/www.opinionpublica.tv\/portada\/wp-json\/wp\/v2\/tags?post=10712"}],"curies":[{"name":"wp","href":"https:\/\/api.w.org\/{rel}","templated":true}]}}