{"id":10707,"date":"2016-12-28T07:00:00","date_gmt":"2016-12-28T06:00:00","guid":{"rendered":"https:\/\/www.opinionpublica.tv\/portada\/2016\/12\/28\/atiende-fge-occidente-100-denuncias-por-fraude-en-caja-de-ahorros\/"},"modified":"2016-12-28T07:00:00","modified_gmt":"2016-12-28T06:00:00","slug":"atiende-fge-occidente-100-denuncias-por-fraude-en-caja-de-ahorros","status":"publish","type":"post","link":"https:\/\/www.opinionpublica.tv\/portada\/atiende-fge-occidente-100-denuncias-por-fraude-en-caja-de-ahorros\/","title":{"rendered":"Atiende FGE Occidente 100 denuncias por fraude en caja de ahorros"},"content":{"rendered":"<p><img fetchpriority=\"high\" decoding=\"async\" class=\" size-full wp-image-10706\" src=\"https:\/\/www.opinionpublica.tv\/portada\/wp-content\/uploads\/2016\/12\/5a1fdee3d8f8504ca6c9c3d132f7e23d.jpg\" alt=\"\" width=\"640\" height=\"384\" srcset=\"https:\/\/www.opinionpublica.tv\/portada\/wp-content\/uploads\/2016\/12\/5a1fdee3d8f8504ca6c9c3d132f7e23d.jpg 640w, https:\/\/www.opinionpublica.tv\/portada\/wp-content\/uploads\/2016\/12\/5a1fdee3d8f8504ca6c9c3d132f7e23d-300x180.jpg 300w\" sizes=\"(max-width: 640px) 100vw, 640px\" \/><br \/>\n<!--more--><\/p>\n<p style=\"text-align: justify;\">El Fiscal de zona occidente, Jes\u00fas Manuel Carrasco, instruy\u00f3 a personal del Ministerio P\u00fablico para recibir m\u00e1s de 100 denuncias ante la operaci\u00f3n fraudulenta de una caja de ahorros cuyos principales afectados son personas de la tercera edad.<\/p>\n<p style=\"text-align: justify;\">Carrasco dio a conocer que desde el mediod\u00eda del martes se empezaron a recibir las denuncias de personas que originarias de distintas comunidades como L\u00e1zaro C\u00e1rdenas, Benito Ju\u00e1rez, Santa Clara, Namiquipa, y otras.<\/p>\n<p style=\"text-align: justify;\">La caja de ahorros era manejada por un ciudadano de la comunidad menonita al que las v\u00edctimas conocieron, ya que era due\u00f1o de una tienda que estaba ubicada en el crucero que va a Namiquipa, por lo cual no desconfiaban para entregar sus ahorros con miras de un alto rendimiento.<\/p>\n<p style=\"text-align: justify;\">Algunos de los afectados manifestaron que la gran mayor\u00eda son adultos mayores, muchos de ellos ya con complicaciones de salud al ver pr\u00e1cticamente perdido el ahorro que hab\u00edan realizado en los \u00faltimos a\u00f1os.<\/p>\n<p style=\"text-align: justify;\">A su vez el representante legal de este grupo, Luis Carlos Ram\u00edrez, manifest\u00f3 que al final de la pasada administraci\u00f3n acudieron a la Fiscal\u00eda para denunciar a Elmer Shultz Lowen; sin embargo, sus denuncias no fueron recibidas.<\/p>\n<p style=\"text-align: justify;\">Dijo que una empleada les dijo de mala gana que no se iban a recibir denuncias, ya que eso les pasaba \u201cpor ambiciosos\u201d.<\/p>\n<p style=\"text-align: justify;\">Indic\u00f3 que el monto de lo defraudado podr\u00eda alcanzar los 25 millones de pesos por dep\u00f3sitos que hicieron los afectados que van desde los 50 mil pesos hasta el mill\u00f3n de pesos.<\/p>\n<p style=\"text-align: justify;\">El Fiscal de Investigaci\u00f3n y Persecuci\u00f3n del Delito, Jes\u00fas Manuel Carrasco dio a conocer que todas las denuncias ser\u00e1n recibidas y que no se escatimar\u00e1 en tiempo ni recurso humano para atender a cada uno de los ciudadanos.\u2060\u2060\u2060\u2060<\/p>\n<p style=\"text-align: justify;\">\u00a0<\/p>\n","protected":false},"excerpt":{"rendered":"","protected":false},"author":4,"featured_media":10706,"comment_status":"open","ping_status":"open","sticky":false,"template":"","format":"standard","meta":{"_acf_changed":false,"_monsterinsights_skip_tracking":false,"slim_seo":{"title":"Atiende FGE Occidente 100 denuncias por fraude en caja de ahorros - Opini\u00f3n P\u00fablica","description":"El Fiscal de zona occidente, Jes\u00fas Manuel Carrasco, instruy\u00f3 a personal del Ministerio P\u00fablico para recibir m\u00e1s de 100 denuncias ante la operaci\u00f3n fraudulenta d"},"footnotes":""},"categories":[4],"tags":[],"class_list":["post-10707","post","type-post","status-publish","format-standard","has-post-thumbnail","hentry","category-pulsopolitico"],"acf":[],"_links":{"self":[{"href":"https:\/\/www.opinionpublica.tv\/portada\/wp-json\/wp\/v2\/posts\/10707","targetHints":{"allow":["GET"]}}],"collection":[{"href":"https:\/\/www.opinionpublica.tv\/portada\/wp-json\/wp\/v2\/posts"}],"about":[{"href":"https:\/\/www.opinionpublica.tv\/portada\/wp-json\/wp\/v2\/types\/post"}],"author":[{"embeddable":true,"href":"https:\/\/www.opinionpublica.tv\/portada\/wp-json\/wp\/v2\/users\/4"}],"replies":[{"embeddable":true,"href":"https:\/\/www.opinionpublica.tv\/portada\/wp-json\/wp\/v2\/comments?post=10707"}],"version-history":[{"count":0,"href":"https:\/\/www.opinionpublica.tv\/portada\/wp-json\/wp\/v2\/posts\/10707\/revisions"}],"wp:featuredmedia":[{"embeddable":true,"href":"https:\/\/www.opinionpublica.tv\/portada\/wp-json\/wp\/v2\/media\/10706"}],"wp:attachment":[{"href":"https:\/\/www.opinionpublica.tv\/portada\/wp-json\/wp\/v2\/media?parent=10707"}],"wp:term":[{"taxonomy":"category","embeddable":true,"href":"https:\/\/www.opinionpublica.tv\/portada\/wp-json\/wp\/v2\/categories?post=10707"},{"taxonomy":"post_tag","embeddable":true,"href":"https:\/\/www.opinionpublica.tv\/portada\/wp-json\/wp\/v2\/tags?post=10707"}],"curies":[{"name":"wp","href":"https:\/\/api.w.org\/{rel}","templated":true}]}}