{"id":10644,"date":"2016-12-23T07:00:00","date_gmt":"2016-12-23T06:00:00","guid":{"rendered":"https:\/\/www.opinionpublica.tv\/portada\/2016\/12\/23\/realizan-labores-de-limpieza-en-puentes-internacionales\/"},"modified":"2016-12-23T07:00:00","modified_gmt":"2016-12-23T06:00:00","slug":"realizan-labores-de-limpieza-en-puentes-internacionales","status":"publish","type":"post","link":"https:\/\/www.opinionpublica.tv\/portada\/realizan-labores-de-limpieza-en-puentes-internacionales\/","title":{"rendered":"Realizan labores de limpieza en Puentes Internacionales"},"content":{"rendered":"<p><img fetchpriority=\"high\" decoding=\"async\" class=\" size-full wp-image-10643\" src=\"https:\/\/www.opinionpublica.tv\/portada\/wp-content\/uploads\/2016\/12\/e0ebb7f01c0eb9be9232cc8ab2735bfa.jpg\" alt=\"\" width=\"844\" height=\"629\" srcset=\"https:\/\/www.opinionpublica.tv\/portada\/wp-content\/uploads\/2016\/12\/e0ebb7f01c0eb9be9232cc8ab2735bfa.jpg 844w, https:\/\/www.opinionpublica.tv\/portada\/wp-content\/uploads\/2016\/12\/e0ebb7f01c0eb9be9232cc8ab2735bfa-300x224.jpg 300w, https:\/\/www.opinionpublica.tv\/portada\/wp-content\/uploads\/2016\/12\/e0ebb7f01c0eb9be9232cc8ab2735bfa-768x572.jpg 768w\" sizes=\"(max-width: 844px) 100vw, 844px\" \/><br \/>\n<!--more--><\/p>\n<p style=\"text-align: justify;\">Luego de las lluvias presentadas este jueves en la frontera, la Direcci\u00f3n General de Servicios P\u00fablicos arranc\u00f3 un operativo especial de limpieza en tres de los cuatro puentes internacionales que conectan con la ciudad de El Paso, Texas, a fin de brindar un mejor aspecto a la entrada de nuestro pa\u00eds.<\/p>\n<p style=\"text-align: justify;\">El titular de la dependencia, Ra\u00fal Rodr\u00edguez Santillanes, inform\u00f3 que los trabajos estuvieron a cargo de 90 empleados municipales quienes realizaron barrido manual, vaciado de cestos, cortes de hierba y levantamiento de basura y hojas en las \u00e1reas aleda\u00f1as a los cruces C\u00f3rdova Am\u00e9ricas, Paso del Norte y Zaragoza.<\/p>\n<p style=\"text-align: justify;\">Cabe resaltar que ante debido a los festejos de las fiestas decembrinas, se espera la llegada de vacacionistas y un incremento en el flujo de peatones y veh\u00edculos por estos puentes, motivo por el que es necesario que luzcan limpios y ordenados, para brindar seguridad a quienes transiten por ellos.<\/p>\n<p style=\"text-align: justify;\">Aprovech\u00f3 para recordar a la ciudadan\u00eda que el servicio de recolecci\u00f3n de basura a domicilios no se ver\u00e1 afectado por las fiestas, pues el 25 de Diciembre cae en domingo, d\u00eda de descanso para los empleados de PASA, por lo que trabajar\u00e1n normalmente durante este lunes 26 de diciembre.<\/p>\n","protected":false},"excerpt":{"rendered":"","protected":false},"author":4,"featured_media":10643,"comment_status":"open","ping_status":"open","sticky":false,"template":"","format":"standard","meta":{"_acf_changed":false,"_monsterinsights_skip_tracking":false,"slim_seo":{"title":"Realizan labores de limpieza en Puentes Internacionales - Opini\u00f3n P\u00fablica","description":"Luego de las lluvias presentadas este jueves en la frontera, la Direcci\u00f3n General de Servicios P\u00fablicos arranc\u00f3 un operativo especial de limpieza en tres de los"},"footnotes":""},"categories":[5],"tags":[],"class_list":["post-10644","post","type-post","status-publish","format-standard","has-post-thumbnail","hentry","category-frontera"],"acf":[],"_links":{"self":[{"href":"https:\/\/www.opinionpublica.tv\/portada\/wp-json\/wp\/v2\/posts\/10644","targetHints":{"allow":["GET"]}}],"collection":[{"href":"https:\/\/www.opinionpublica.tv\/portada\/wp-json\/wp\/v2\/posts"}],"about":[{"href":"https:\/\/www.opinionpublica.tv\/portada\/wp-json\/wp\/v2\/types\/post"}],"author":[{"embeddable":true,"href":"https:\/\/www.opinionpublica.tv\/portada\/wp-json\/wp\/v2\/users\/4"}],"replies":[{"embeddable":true,"href":"https:\/\/www.opinionpublica.tv\/portada\/wp-json\/wp\/v2\/comments?post=10644"}],"version-history":[{"count":0,"href":"https:\/\/www.opinionpublica.tv\/portada\/wp-json\/wp\/v2\/posts\/10644\/revisions"}],"wp:featuredmedia":[{"embeddable":true,"href":"https:\/\/www.opinionpublica.tv\/portada\/wp-json\/wp\/v2\/media\/10643"}],"wp:attachment":[{"href":"https:\/\/www.opinionpublica.tv\/portada\/wp-json\/wp\/v2\/media?parent=10644"}],"wp:term":[{"taxonomy":"category","embeddable":true,"href":"https:\/\/www.opinionpublica.tv\/portada\/wp-json\/wp\/v2\/categories?post=10644"},{"taxonomy":"post_tag","embeddable":true,"href":"https:\/\/www.opinionpublica.tv\/portada\/wp-json\/wp\/v2\/tags?post=10644"}],"curies":[{"name":"wp","href":"https:\/\/api.w.org\/{rel}","templated":true}]}}