{"id":10622,"date":"2016-12-22T07:00:00","date_gmt":"2016-12-22T06:00:00","guid":{"rendered":"https:\/\/www.opinionpublica.tv\/portada\/2016\/12\/22\/proyecta-municipio-alumbrar-la-ciudad-en-el-2017\/"},"modified":"2016-12-22T07:00:00","modified_gmt":"2016-12-22T06:00:00","slug":"proyecta-municipio-alumbrar-la-ciudad-en-el-2017","status":"publish","type":"post","link":"https:\/\/www.opinionpublica.tv\/portada\/proyecta-municipio-alumbrar-la-ciudad-en-el-2017\/","title":{"rendered":"Proyecta Municipio alumbrar la ciudad en el 2017"},"content":{"rendered":"<p><img fetchpriority=\"high\" decoding=\"async\" class=\" size-full wp-image-10621\" src=\"https:\/\/www.opinionpublica.tv\/portada\/wp-content\/uploads\/2016\/12\/24fc8d3f0c18a343756c9051aeb41a71.jpg\" alt=\"\" width=\"956\" height=\"722\" srcset=\"https:\/\/www.opinionpublica.tv\/portada\/wp-content\/uploads\/2016\/12\/24fc8d3f0c18a343756c9051aeb41a71.jpg 956w, https:\/\/www.opinionpublica.tv\/portada\/wp-content\/uploads\/2016\/12\/24fc8d3f0c18a343756c9051aeb41a71-300x227.jpg 300w, https:\/\/www.opinionpublica.tv\/portada\/wp-content\/uploads\/2016\/12\/24fc8d3f0c18a343756c9051aeb41a71-768x580.jpg 768w\" sizes=\"(max-width: 956px) 100vw, 956px\" \/><br \/>\n<!--more--><\/p>\n<p style=\"text-align: justify;\">El Alcalde\u00a0Armando Cabada Alv\u00eddrez, dio a conocer que en las pr\u00f3ximas semanas ser\u00e1 presentado ante el Cabildo, un proyecto de alumbrado en la ciudad, el cual de ser aprobado, dar\u00eda inicio los primeros meses del 2017.<\/p>\n<p style=\"text-align: justify;\">Se\u00f1al\u00f3 que ser\u00e1n los regidores los primeros en conocer en qu\u00e9 consiste el programa, el cual resulta ambicioso y concluir\u00eda el mismo a\u00f1o.<\/p>\n<p style=\"text-align: justify;\">\u201cLo que pensamos o lo que nos han dicho los especialistas es que en ocho a nueve meses podremos cambiar las m\u00e1s de 100 mil luminarias que tenemos en la ciudad\u201d, explic\u00f3 el edil.<\/p>\n<p style=\"text-align: justify;\">\u00a0\u201cDe esos 350 millones de pesos que se adquirieron como deuda para comprar 20 mil luminarias nuevas y\u00a0 reparar 10 mil, la mayor\u00eda de ellas est\u00e1n fallando\u201d, indic\u00f3.<\/p>\n<p style=\"text-align: justify;\">Cabada Alv\u00eddrez, mencion\u00f3 que el programa de luminar la ciudad tiene como objetivo atender las denuncias de la ciudadan\u00eda, pues el 70 por ciento de las demandas de los juarenses durante las audiencias p\u00fablicas, tienen que ver con la falta de alumbrado p\u00fablico.<\/p>\n","protected":false},"excerpt":{"rendered":"","protected":false},"author":1,"featured_media":10621,"comment_status":"open","ping_status":"open","sticky":false,"template":"","format":"standard","meta":{"_acf_changed":false,"_monsterinsights_skip_tracking":false,"slim_seo":{"title":"Proyecta Municipio alumbrar la ciudad en el 2017 - Opini\u00f3n P\u00fablica","description":"El Alcalde\u00a0Armando Cabada Alv\u00eddrez, dio a conocer que en las pr\u00f3ximas semanas ser\u00e1 presentado ante el Cabildo, un proyecto de alumbrado en la ciudad, el cual de"},"footnotes":""},"categories":[5],"tags":[],"class_list":["post-10622","post","type-post","status-publish","format-standard","has-post-thumbnail","hentry","category-frontera"],"acf":[],"_links":{"self":[{"href":"https:\/\/www.opinionpublica.tv\/portada\/wp-json\/wp\/v2\/posts\/10622","targetHints":{"allow":["GET"]}}],"collection":[{"href":"https:\/\/www.opinionpublica.tv\/portada\/wp-json\/wp\/v2\/posts"}],"about":[{"href":"https:\/\/www.opinionpublica.tv\/portada\/wp-json\/wp\/v2\/types\/post"}],"author":[{"embeddable":true,"href":"https:\/\/www.opinionpublica.tv\/portada\/wp-json\/wp\/v2\/users\/1"}],"replies":[{"embeddable":true,"href":"https:\/\/www.opinionpublica.tv\/portada\/wp-json\/wp\/v2\/comments?post=10622"}],"version-history":[{"count":0,"href":"https:\/\/www.opinionpublica.tv\/portada\/wp-json\/wp\/v2\/posts\/10622\/revisions"}],"wp:featuredmedia":[{"embeddable":true,"href":"https:\/\/www.opinionpublica.tv\/portada\/wp-json\/wp\/v2\/media\/10621"}],"wp:attachment":[{"href":"https:\/\/www.opinionpublica.tv\/portada\/wp-json\/wp\/v2\/media?parent=10622"}],"wp:term":[{"taxonomy":"category","embeddable":true,"href":"https:\/\/www.opinionpublica.tv\/portada\/wp-json\/wp\/v2\/categories?post=10622"},{"taxonomy":"post_tag","embeddable":true,"href":"https:\/\/www.opinionpublica.tv\/portada\/wp-json\/wp\/v2\/tags?post=10622"}],"curies":[{"name":"wp","href":"https:\/\/api.w.org\/{rel}","templated":true}]}}