{"id":10617,"date":"2016-12-22T07:00:00","date_gmt":"2016-12-22T06:00:00","guid":{"rendered":"https:\/\/www.opinionpublica.tv\/portada\/2016\/12\/22\/la-navidad-con-fotos\/"},"modified":"2016-12-22T07:00:00","modified_gmt":"2016-12-22T06:00:00","slug":"la-navidad-con-fotos","status":"publish","type":"post","link":"https:\/\/www.opinionpublica.tv\/portada\/la-navidad-con-fotos\/","title":{"rendered":"La Navidad con fotos"},"content":{"rendered":"<p><img fetchpriority=\"high\" decoding=\"async\" class=\" size-full wp-image-10616\" src=\"https:\/\/www.opinionpublica.tv\/portada\/wp-content\/uploads\/2016\/12\/3e07cac361df4ab31efe815f4c44558f.jpg\" alt=\"\" width=\"800\" height=\"533\" srcset=\"https:\/\/www.opinionpublica.tv\/portada\/wp-content\/uploads\/2016\/12\/3e07cac361df4ab31efe815f4c44558f.jpg 800w, https:\/\/www.opinionpublica.tv\/portada\/wp-content\/uploads\/2016\/12\/3e07cac361df4ab31efe815f4c44558f-300x200.jpg 300w, https:\/\/www.opinionpublica.tv\/portada\/wp-content\/uploads\/2016\/12\/3e07cac361df4ab31efe815f4c44558f-768x512.jpg 768w\" sizes=\"(max-width: 800px) 100vw, 800px\" \/><br \/>\n<!--more--><\/p>\n<div data-gallery-module=\"1\">\n<div>\n<ul>\n<li data-slug=\"la-palabra-navidad\">\n<div>\n<figure style=\"text-align: justify;\"><img decoding=\"async\" src=\"http:\/\/estaticos.muyinteresante.es\/media\/cache\/1000x_thumb\/uploads\/images\/gallery\/584eb6e95cafe885c4415f12\/navidad1.jpg\" alt=\"La palabra \u201cNavidad\u201d\" data-slug=\"la-palabra-navidad\" data-realheight=\"750\" data-cutout=\"1000x_thumb\" \/><\/figure>\n<div style=\"text-align: justify;\">\u00a0<\/div>\n<\/div>\n<div style=\"text-align: justify;\">\n<h2>La palabra \u201cNavidad\u201d<\/h2>\n<div>\n<p>\u00a0<\/p>\n<p>El t\u00e9rmino <a href=\"http:\/\/www.muyinteresante.es\/cultura\/arte-cultura\/test\/cuanto-sabes-sobre-la-navidad\">Navidad<\/a>\u00a0proviene del lat\u00edn \u201cNativitas\u201d que significa nacimiento. El establecimiento oficial del 25 de diciembre como \u201cd\u00eda de Navidad\u201d se produce en el a\u00f1o 345, cuando por influencia de San Juan Cris\u00f3stomo y San Gregorio Nacianzeno se proclama esta fecha para la Natividad de Cristo (a pesar de que Jesucristo no naci\u00f3 el 25 de diciembre). <span lang=\"es-ES\">Lo cierto es que la Biblia no especifica una fecha u hora del nacimiento de Jes\u00fas.<\/span><\/p>\n<p>\u00a0<\/p>\n<\/div>\n<\/div>\n<\/li>\n<li style=\"text-align: justify;\" data-slug=\"la-imagen-de-papa-noel\">\n<div>\n<figure><img decoding=\"async\" src=\"http:\/\/estaticos.muyinteresante.es\/media\/cache\/1000x_thumb\/uploads\/images\/gallery\/584eb6e95cafe885c4415f12\/navidad2.jpg\" alt=\"La imagen de Pap\u00e1 Noel\" data-slug=\"la-imagen-de-papa-noel\" data-realheight=\"750\" data-cutout=\"1000x_thumb\" \/><\/figure>\n<div>\n<div id=\"entry_meta\">\u00a0<\/div>\n<div>\u00a0<\/div>\n<\/div>\n<\/div>\n<div>\n<h2>La imagen de Pap\u00e1 Noel<\/h2>\n<div>\n<p>\u00a0<\/p>\n<p><span lang=\"es-ES\">El icono de Santa Claus o Pap\u00e1 Noel de los anuncios de Coca-Cola no conforma el origen de la imagen de Santa. La realidad es que la imagen de Santa Claus es m\u00e1s una figura que ha evolucionado con el paso del tiempo, moldeada por escritores, artistas e incluso historiadores. As\u00ed, las im\u00e1genes del conocido hombre gordito y barbudo con un traje rojo aparecieron en revistas, carteles y anuncios mucho antes del retrato alegre de esta conocida marca de refrescos. Adem\u00e1s, seg\u00fan el libro \u201cOne Night Stands with American History\u201d, <a href=\"http:\/\/www.muyinteresante.es\/cultura\/arte-cultura\/articulo\/12-frases-de-navidad-901419342595\">Pap\u00e1 Noel<\/a>\u00a0no siempre tuvo barba. Fue el artista y dibujante Thomas Nast quien a\u00f1adi\u00f3 la barba al personaje en las p\u00e1ginas de &#8216;Harper&#8217;s Weekly&#8217; durante la \u00faltima parte del siglo XIX.<\/span><\/p>\n<p>\u00a0<\/p>\n<\/div>\n<\/div>\n<\/li>\n<li style=\"text-align: justify;\" data-slug=\"el-origen-de-la-estrella-de-navidad\">\n<div>\n<figure><img decoding=\"async\" src=\"http:\/\/estaticos.muyinteresante.es\/media\/cache\/1000x_thumb\/uploads\/images\/gallery\/584eb6e95cafe885c4415f12\/navidad3.jpg\" alt=\"El origen de la estrella de Navidad\" data-slug=\"el-origen-de-la-estrella-de-navidad\" data-realheight=\"750\" data-cutout=\"1000x_thumb\" \/><\/figure>\n<div>\u00a0<\/div>\n<\/div>\n<div>\n<h2>El origen de la estrella de Navidad<\/h2>\n<div>\n<p>\u00a0<\/p>\n<p>La <a href=\"http:\/\/www.muyinteresante.es\/ciencia\/articulo\/la-estrella-de-belen-no-fue-una-estrella-581481525997\">estrella<\/a>\u00a0de Navidad que suele coronar nuestros \u00e1rboles navide\u00f1os es originaria de Filipinas. En esta zona del planeta, se preparan antorchas en forma de estrellas de cinco puntas, que iluminan la entrada de los hogares.<\/p>\n<p>\u00a0<\/p>\n<\/div>\n<\/div>\n<\/li>\n<\/ul>\n<\/div>\n<aside data-gallery-module=\"1\">\n<div id=\"dfp_gallery_muy_roba1_cultura_2\" data-dfp-idx=\"2\" data-dfp-display=\"roba1\" data-publisuffix=\"2\" data-only-mobile=\"0\">\u00a0<\/div>\n<\/aside>\n<div style=\"text-align: justify;\">\u00a0<\/div>\n<\/div>\n<div style=\"text-align: justify;\">\u00a0<\/div>\n<div style=\"text-align: justify;\" data-gallery-module=\"4\">\n<div>\n<ul>\n<li data-slug=\"sobre-la-ofrenda-de-oro-incienso-y-mirra\">\n<div>\n<figure><img decoding=\"async\" src=\"http:\/\/estaticos.muyinteresante.es\/media\/cache\/1000x_thumb\/uploads\/images\/gallery\/584eb6e95cafe885c4415f12\/navidad4.jpg\" alt=\"Sobre la ofrenda de oro, incienso y mirra\" data-slug=\"sobre-la-ofrenda-de-oro-incienso-y-mirra\" data-realheight=\"750\" data-cutout=\"1000x_thumb\" \/><\/figure>\n<div>\u00a0<\/div>\n<\/div>\n<div>\n<h2>Sobre la ofrenda de oro, incienso y mirra<\/h2>\n<div>\n<p>\u00a0<\/p>\n<p>La tradici\u00f3n dice que los <a href=\"http:\/\/www.muyinteresante.es\/innovacion\/articulo\/regalos-navidad-2010-los-reyes-van-a-comprar-por-internet\">Reyes Magos<\/a>\u00a0de Oriente acudieron desde rec\u00f3nditos pa\u00edses a rendir homenaje a Jes\u00fas de Nazaret. Trajeron tres regalos: oro, incienso y mirra. Melchor, trajo oro por su gran valor y su belleza; Gaspar trajo incienso, una resina bals\u00e1mica que al arder desprende un humo arom\u00e1tico muy agradable y Baltasar trajo mirra, una sustancia resinosa arom\u00e1tica con propiedades antis\u00e9pticas, digestivas y antidepresivas.<\/p>\n<p>\u00a0<\/p>\n<\/div>\n<\/div>\n<\/li>\n<li data-slug=\"el-trineo-de-santa-claus-no-viaja-a-la-velocidad-de-la-luz\">\n<div>\n<figure><img decoding=\"async\" src=\"http:\/\/estaticos.muyinteresante.es\/media\/cache\/1000x_thumb\/uploads\/images\/gallery\/584eb6e95cafe885c4415f12\/navidad5.jpg\" alt=\"El trineo de Santa Claus no viaja a la velocidad de la luz\" data-slug=\"el-trineo-de-santa-claus-no-viaja-a-la-velocidad-de-la-luz\" data-realheight=\"750\" data-cutout=\"1000x_thumb\" \/><\/figure>\n<div>\u00a0<\/div>\n<\/div>\n<div>\n<h2>El trineo de Santa Claus no viaja a la velocidad de la luz<\/h2>\n<div>\n<p>\u00a0<\/p>\n<p><span lang=\"es-ES\">Pap\u00e1 Noel tiene que visitar cada casa del mundo en una sola noche. Toda una haza\u00f1a que requiere de gran <a href=\"http:\/\/www.muyinteresante.es\/curiosidades\/preguntas-respuestas\/que-velocidad-se-puede-alcanzar-esquiando-751476086028\">velocidad<\/a>, \u00bfverdad? Pues t\u00e9cnicamente, seg\u00fan el Fermilab del Departamento de Energ\u00eda de Estados Unidos, su trineo solo tendr\u00eda que viajar al 99,999999% de la velocidad de la luz para completar su tarea, suponiendo que visite 800 millones de casas alrededor de nuestro globo.<\/span><\/p>\n<p>\u00a0<\/p>\n<\/div>\n<\/div>\n<\/li>\n<li data-slug=\"besos-bajo-el-muerdago\">\n<div>\n<figure><img decoding=\"async\" src=\"http:\/\/estaticos.muyinteresante.es\/media\/cache\/1000x_thumb\/uploads\/images\/gallery\/584eb6e95cafe885c4415f12\/navidad6.jpg\" alt=\"Besos bajo el mu\u00e9rdago\" data-slug=\"besos-bajo-el-muerdago\" data-realheight=\"750\" data-cutout=\"1000x_thumb\" \/><\/figure>\n<div>\u00a0<\/div>\n<\/div>\n<div>\n<h2>Besos bajo el mu\u00e9rdago<\/h2>\n<div>\n<p>\u00a0<\/p>\n<p>Es posible que conozcas que el <a href=\"http:\/\/www.muyinteresante.es\/curiosidades\/preguntas-respuestas\/ipor-que-nos-damos-besos-bajo-una-rama-de-muerdago\">mu\u00e9rdago<\/a>\u00a0procede de lugares templados o tropicales, espec\u00edficamente Europa y algunas zonas de Asia meridional pero lo que quiz\u00e1 no sepas es que cuenta con una sustancia llamada viscotoxina que es perjudicial para los humanos si se consume en grandes cantidades. Eso s\u00ed, para muchos mam\u00edferos las bayas del mu\u00e9rdago y sus hojas representan un alimento rico en prote\u00ednas y completamente inocuo.<\/p>\n<p>\u00a0<\/p>\n<\/div>\n<\/div>\n<\/li>\n<\/ul>\n<\/div>\n<aside data-gallery-module=\"4\">\n<div id=\"dfp_gallery_muy_roba1_cultura_5\" data-dfp-idx=\"5\" data-dfp-display=\"roba1\" data-publisuffix=\"5\" data-only-mobile=\"0\">\u00a0<\/div>\n<\/aside>\n<div>\u00a0<\/div>\n<\/div>\n<div style=\"text-align: justify;\">\u00a0<\/div>\n<div data-gallery-module=\"7\">\n<div>\n<ul>\n<li data-slug=\"la-decoracion-del-arbol-de-navidad\">\n<div style=\"text-align: justify;\">\n<figure><img decoding=\"async\" src=\"http:\/\/estaticos.muyinteresante.es\/media\/cache\/1000x_thumb\/uploads\/images\/gallery\/584eb6e95cafe885c4415f12\/navidad7.jpg\" alt=\"La decoraci\u00f3n del \u00e1rbol de Navidad\" data-slug=\"la-decoracion-del-arbol-de-navidad\" data-realheight=\"750\" data-cutout=\"1000x_thumb\" \/><\/figure>\n<div>\u00a0<\/div>\n<\/div>\n<div>\n<h2 style=\"text-align: justify;\">La decoraci\u00f3n del \u00e1rbol de Navidad<\/h2>\n<div>\n<p style=\"text-align: justify;\">\u00a0<\/p>\n<p style=\"text-align: justify;\">Antes de que se inventaran las luces de Navidad, ahora tan tradicionales e indispensables en muchos hogares, los abetos de Navidad se decoraban con velas y manzanas. Posteriormente, se a\u00f1adieron las luces, las bolas, la estrella y los lazos. Estos \u00faltimos representan la uni\u00f3n entre las familias y los seres queridos en esta \u00e9poca llena de ilusi\u00f3n y felicidad. Como curiosidad, uno de los arboles de Navidad m\u00e1s famosos por su tama\u00f1o, es el que se alza en el Rockefeller Center de Nueva York (EE.UU.), con alrededor de 24 metros de altura. En Dortmund (Alemania) tambi\u00e9n se encuentra un magno rival: un abeto natural de 45 metros de altura ubicado en el centro del tradicional mercadillo de Navidad.<\/p>\n<\/div>\n<\/div>\n<\/li>\n<\/ul>\n<\/div>\n<\/div>\n","protected":false},"excerpt":{"rendered":"","protected":false},"author":1,"featured_media":10616,"comment_status":"open","ping_status":"open","sticky":false,"template":"","format":"standard","meta":{"_acf_changed":false,"_monsterinsights_skip_tracking":false,"slim_seo":{"title":"La Navidad con fotos - Opini\u00f3n P\u00fablica","description":"\u00a0 La palabra \u201cNavidad\u201d \u00a0 El t\u00e9rmino Navidad \u00a0proviene del lat\u00edn \u201cNativitas\u201d que significa nacimiento. El establecimiento oficial del 25 de diciembre como \u201cd\u00eda d"},"footnotes":""},"categories":[15],"tags":[],"class_list":["post-10617","post","type-post","status-publish","format-standard","has-post-thumbnail","hentry","category-galerias"],"acf":[],"_links":{"self":[{"href":"https:\/\/www.opinionpublica.tv\/portada\/wp-json\/wp\/v2\/posts\/10617","targetHints":{"allow":["GET"]}}],"collection":[{"href":"https:\/\/www.opinionpublica.tv\/portada\/wp-json\/wp\/v2\/posts"}],"about":[{"href":"https:\/\/www.opinionpublica.tv\/portada\/wp-json\/wp\/v2\/types\/post"}],"author":[{"embeddable":true,"href":"https:\/\/www.opinionpublica.tv\/portada\/wp-json\/wp\/v2\/users\/1"}],"replies":[{"embeddable":true,"href":"https:\/\/www.opinionpublica.tv\/portada\/wp-json\/wp\/v2\/comments?post=10617"}],"version-history":[{"count":0,"href":"https:\/\/www.opinionpublica.tv\/portada\/wp-json\/wp\/v2\/posts\/10617\/revisions"}],"wp:featuredmedia":[{"embeddable":true,"href":"https:\/\/www.opinionpublica.tv\/portada\/wp-json\/wp\/v2\/media\/10616"}],"wp:attachment":[{"href":"https:\/\/www.opinionpublica.tv\/portada\/wp-json\/wp\/v2\/media?parent=10617"}],"wp:term":[{"taxonomy":"category","embeddable":true,"href":"https:\/\/www.opinionpublica.tv\/portada\/wp-json\/wp\/v2\/categories?post=10617"},{"taxonomy":"post_tag","embeddable":true,"href":"https:\/\/www.opinionpublica.tv\/portada\/wp-json\/wp\/v2\/tags?post=10617"}],"curies":[{"name":"wp","href":"https:\/\/api.w.org\/{rel}","templated":true}]}}