{"id":10611,"date":"2016-12-22T07:00:00","date_gmt":"2016-12-22T06:00:00","guid":{"rendered":"https:\/\/www.opinionpublica.tv\/portada\/2016\/12\/22\/atacan-a-la-hija-de-trump\/"},"modified":"2016-12-22T07:00:00","modified_gmt":"2016-12-22T06:00:00","slug":"atacan-a-la-hija-de-trump","status":"publish","type":"post","link":"https:\/\/www.opinionpublica.tv\/portada\/atacan-a-la-hija-de-trump\/","title":{"rendered":"Atacan a la hija de Trump"},"content":{"rendered":"<p><img fetchpriority=\"high\" decoding=\"async\" class=\" size-full wp-image-10610\" src=\"https:\/\/www.opinionpublica.tv\/portada\/wp-content\/uploads\/2016\/12\/01a04b99e1d2566d4bbe8ea6d3bbf535.jpg\" alt=\"\" width=\"660\" height=\"438\" srcset=\"https:\/\/www.opinionpublica.tv\/portada\/wp-content\/uploads\/2016\/12\/01a04b99e1d2566d4bbe8ea6d3bbf535.jpg 660w, https:\/\/www.opinionpublica.tv\/portada\/wp-content\/uploads\/2016\/12\/01a04b99e1d2566d4bbe8ea6d3bbf535-300x199.jpg 300w\" sizes=\"(max-width: 660px) 100vw, 660px\" \/><br \/>\n<!--more--><\/p>\n<p style=\"text-align: justify;\">Un hombre increp\u00f3 hoy en un avi\u00f3n a Ivanka Trump, hija del presidente electo de EE.UU., Donald Trump, lo que llev\u00f3 a la tripulaci\u00f3n a expulsar a este pasajero del vuelo antes de que despegara del aeropuerto John F. Kennedy (JFK) de Nueva York.<\/p>\n<p class=\"text\" style=\"text-align: justify;\">El portal especializado en noticias de famosos TMZ inform\u00f3 de este incidente, que ocurri\u00f3 hoy por la ma\u00f1ana cuando Ivanka Trump se dispon\u00eda a viajar con sus tres hijos en un vuelo de la aerol\u00ednea JetBLue.<\/p>\n<p class=\"text\" style=\"text-align: justify;\">\u00abTu padre est\u00e1 arruinando el pa\u00eds. \u00bfPor qu\u00e9 est\u00e1 ella (Ivanka Trump) en nuestro vuelo? Deber\u00eda estar en un vuelo privado\u00bb, dijo el pasajero, de acuerdo con la informaci\u00f3n de TMZ.<\/p>\n<p class=\"text\" style=\"text-align: justify;\">Seg\u00fan un testigo presente en la aeronave, Ivanka Trump ignor\u00f3 los comentarios de ese hombre y trat\u00f3 de distraer a sus ni\u00f1os con pinturas de colores.<\/p>\n<p class=\"text\" style=\"text-align: justify;\">Tras estos ataques verbales, la tripulaci\u00f3n expuls\u00f3 al pasajero del vuelo y, posteriormente, la aerol\u00ednea emiti\u00f3 un comunicado dando su explicaci\u00f3n sobre lo sucedido.<\/p>\n<p class=\"text\" style=\"text-align: justify;\">\u00abLa decisi\u00f3n de sacar a un cliente de un vuelo no se toma a la ligera. Si la tripulaci\u00f3n determina que un cliente est\u00e1 causando un conflicto en el avi\u00f3n, se le pedir\u00e1 al cliente que se baje del avi\u00f3n, especialmente si la tripulaci\u00f3n considera que se corre el riesgo de que (esa situaci\u00f3n) se agrave durante el vuelo\u00bb, detall\u00f3 la nota.<\/p>\n<p class=\"text\" style=\"text-align: justify;\">\u00abNuestro equipo trabaj\u00f3 para reacomodar a esta persona en el siguiente vuelo disponible\u00bb, a\u00f1adi\u00f3 la aerol\u00ednea.<\/p>\n<p class=\"text\" style=\"text-align: justify;\">La hija mayor del magnate neoyorquino, de 35 a\u00f1os, tuvo un papel influyente en la campa\u00f1a electoral de su padre y, durante el periodo de transici\u00f3n, ha participado en varias reuniones importantes del futuro presidente estadounidense.<\/p>\n","protected":false},"excerpt":{"rendered":"","protected":false},"author":1,"featured_media":10610,"comment_status":"open","ping_status":"open","sticky":false,"template":"","format":"standard","meta":{"_acf_changed":false,"_monsterinsights_skip_tracking":false,"slim_seo":{"title":"Atacan a la hija de Trump - Opini\u00f3n P\u00fablica","description":"Un hombre increp\u00f3 hoy en un avi\u00f3n a Ivanka Trump, hija del presidente electo de EE.UU., Donald Trump, lo que llev\u00f3 a la tripulaci\u00f3n a expulsar a este pasajero d"},"footnotes":""},"categories":[24],"tags":[],"class_list":["post-10611","post","type-post","status-publish","format-standard","has-post-thumbnail","hentry","category-estados-unidos"],"acf":[],"_links":{"self":[{"href":"https:\/\/www.opinionpublica.tv\/portada\/wp-json\/wp\/v2\/posts\/10611","targetHints":{"allow":["GET"]}}],"collection":[{"href":"https:\/\/www.opinionpublica.tv\/portada\/wp-json\/wp\/v2\/posts"}],"about":[{"href":"https:\/\/www.opinionpublica.tv\/portada\/wp-json\/wp\/v2\/types\/post"}],"author":[{"embeddable":true,"href":"https:\/\/www.opinionpublica.tv\/portada\/wp-json\/wp\/v2\/users\/1"}],"replies":[{"embeddable":true,"href":"https:\/\/www.opinionpublica.tv\/portada\/wp-json\/wp\/v2\/comments?post=10611"}],"version-history":[{"count":0,"href":"https:\/\/www.opinionpublica.tv\/portada\/wp-json\/wp\/v2\/posts\/10611\/revisions"}],"wp:featuredmedia":[{"embeddable":true,"href":"https:\/\/www.opinionpublica.tv\/portada\/wp-json\/wp\/v2\/media\/10610"}],"wp:attachment":[{"href":"https:\/\/www.opinionpublica.tv\/portada\/wp-json\/wp\/v2\/media?parent=10611"}],"wp:term":[{"taxonomy":"category","embeddable":true,"href":"https:\/\/www.opinionpublica.tv\/portada\/wp-json\/wp\/v2\/categories?post=10611"},{"taxonomy":"post_tag","embeddable":true,"href":"https:\/\/www.opinionpublica.tv\/portada\/wp-json\/wp\/v2\/tags?post=10611"}],"curies":[{"name":"wp","href":"https:\/\/api.w.org\/{rel}","templated":true}]}}